{"id":3246,"date":"2017-10-30T16:12:11","date_gmt":"2017-10-30T19:12:11","guid":{"rendered":"http:\/\/esportems.com.br\/site\/?p=3246"},"modified":"2017-10-30T16:12:11","modified_gmt":"2017-10-30T19:12:11","slug":"corrida-de-dourados-contou-com-14-mil-atletas","status":"publish","type":"post","link":"https:\/\/esportems.com.br\/site\/corrida-de-dourados-contou-com-14-mil-atletas\/","title":{"rendered":"Corrida de Dourados contou com 1,4 mil atletas"},"content":{"rendered":"<p>A\u00a0Corrida e Caminhada Rosa\/ABEVE\u00a0realizada na tarde de s\u00e1bado \u00faltimo em conjunto com a Prefeitura Municipal por meio da\u00a0FUNED (Funda\u00e7\u00e3o de Esporte de Dourados)\u00a0com cerca de 1400 mulheres, que propiciou assim um recorde de inscri\u00e7\u00e3o e com muito sucesso, fechou assim a campanha Dourados Outubro Rosa que teve o seu in\u00edcio no dia 1\u00ba \u00faltimo.<\/p>\n<p>Momentos antes da largada, as participantes se aqueceram ao ritmo da Zumba e duas institui\u00e7\u00f5es que atuam no atendimento a pacientes do c\u00e2ncer, sendo elas, a ACCGD (Associa\u00e7\u00e3o de Combate ao C\u00e2ncer da Grande Dourados) e Rede Feminina de Combate ao C\u00e2ncer -Regional Dourados- foram beneficiadas pela Rede ABEVE, que \u00e9 a patrocinadora oficial do evento, com a doa\u00e7\u00e3o de 500 quilos de alimentos n\u00e3o perec\u00edveis. \u201cFicamos muito feliz pela realiza\u00e7\u00e3o deste evento, e muito mais ainda pela participa\u00e7\u00e3o maci\u00e7a das mulheres que deram um colorido muito lindo ao longo do percurso e fizeram uma grande festa tanto na largada como na chegada\u201d disse J\u00e2nio C\u00e9sar Amaro, diretor\/presidente da FUNED..<\/p>\n<p><strong>RESULTADO DA GERAL<\/strong><\/p>\n<p>Na prova geral da corrida dos cinco mil metros, Maira Benites Brum venceu e com o resultado conquistouo tricampeonato do evento.<\/p>\n<p>Em segundo lugar chegou Gisele Bittencourt Ven\u00e2ncio; em terceiro Clebiana Maria Pereira, em quarta Elaine Cristina de Oliveira Trevisan Signorini e em quinto lugar Fl\u00e1via Maria Costa Rezende Scorza.<\/p>\n<p>As cinco primeiras do geral levaram para casa trof\u00e9u e medalhas, assim como as tr\u00eas primeiras corredoras por faixa de idade.<\/p>\n<p><strong>18 A 29 ANOS<\/strong><\/p>\n<p>Nesta faixa de idade Simone Aparecida da Silva conquistou o primeiro lugar, em segundo Priscila de Souza Rodrigues e em terceiro Laryssa de Vito Rosa.<\/p>\n<p><strong>30 A 39 ANOS<\/strong><\/p>\n<p>Danieli Zuntini Viscardi foi \u00e0 primeira seguida de Cinthia Reis Barbosa Adams e a terceira colocada Mariana Mendes D\u00e1uria de S\u00e1 Ribas.<\/p>\n<p><strong>40 A49 ANOS<\/strong><\/p>\n<p>Nesta faixa de idade Silvia Regina Dias Douglas levou a melhor sobre Mirian Satomi Ue que ficou em segundo e em terceiro lugar Ana Maria Benedetti Freitas Pinto.<\/p>\n<p><strong>50 A 59 ANOS<\/strong><\/p>\n<p>Em primeiro lugar ficou Elizabeth Dias Coca, em segundo L\u00facia Ramona Brites e em terceiro Josmarie Gasparini.<\/p>\n<p><strong>60 ANOS ACIMA<\/strong><\/p>\n<p>Na faixa de 60 anos acima, a vencedora foi Leonir Carmen G. Brollo, em segundo Maria da Silva de Andrade em terceira Vilma Aparecida G. Abe.<\/p>\n<p>Vale ressaltar que as demais participantes tanto da corrida como da caminhada receberam uma medalha de participa\u00e7\u00e3o do evento, bem como uma camiseta rosa de lembran\u00e7a.<\/p>\n<p>O percurso da Corrida e Caminhada Rosa teve a sua largada em frente \u00e0loja da rede do ABEVE que fica localizada \u00e0 rua Albino Torraca com a Major Capil\u00e9, centro e a chegada em frente \u00e0 pra\u00e7a central Ant\u00f4nio Jo\u00e3o.<\/p>\n","protected":false},"excerpt":{"rendered":"<p>A\u00a0Corrida e Caminhada Rosa\/ABEVE\u00a0realizada na tarde de s\u00e1bado \u00faltimo em conjunto com a Prefeitura Municipal por meio da\u00a0FUNED (Funda\u00e7\u00e3o de Esporte de Dourados)\u00a0com cerca de 1400 mulheres, que propiciou assim um recorde de inscri\u00e7\u00e3o e com muito sucesso, fechou assim a campanha Dourados Outubro Rosa que teve o seu in\u00edcio no dia 1\u00ba \u00faltimo. Momentos [&hellip;]<\/p>\n","protected":false},"author":3,"featured_media":1866,"comment_status":"open","ping_status":"open","sticky":false,"template":"","format":"standard","meta":{"ngg_post_thumbnail":0,"tdm_status":"","tdm_grid_status":"","footnotes":""},"categories":[1],"tags":[],"class_list":{"0":"post-3246","1":"post","2":"type-post","3":"status-publish","4":"format-standard","5":"has-post-thumbnail","7":"category-uncategorized"},"yoast_head":"<!-- This site is optimized with the Yoast SEO plugin v27.4 - https:\/\/yoast.com\/product\/yoast-seo-wordpress\/ -->\n<title>Corrida de Dourados contou com 1,4 mil atletas - EsporteMS<\/title>\n<meta name=\"robots\" content=\"index, follow, max-snippet:-1, max-image-preview:large, max-video-preview:-1\" \/>\n<link rel=\"canonical\" href=\"https:\/\/esportems.com.br\/site\/corrida-de-dourados-contou-com-14-mil-atletas\/\" \/>\n<meta property=\"og:locale\" content=\"pt_BR\" \/>\n<meta property=\"og:type\" content=\"article\" \/>\n<meta property=\"og:title\" content=\"Corrida de Dourados contou com 1,4 mil atletas - EsporteMS\" \/>\n<meta property=\"og:description\" content=\"A\u00a0Corrida e Caminhada Rosa\/ABEVE\u00a0realizada na tarde de s\u00e1bado \u00faltimo em conjunto com a Prefeitura Municipal por meio da\u00a0FUNED (Funda\u00e7\u00e3o de Esporte de Dourados)\u00a0com cerca de 1400 mulheres, que propiciou assim um recorde de inscri\u00e7\u00e3o e com muito sucesso, fechou assim a campanha Dourados Outubro Rosa que teve o seu in\u00edcio no dia 1\u00ba \u00faltimo. Momentos [&hellip;]\" \/>\n<meta property=\"og:url\" content=\"https:\/\/esportems.com.br\/site\/corrida-de-dourados-contou-com-14-mil-atletas\/\" \/>\n<meta property=\"og:site_name\" content=\"EsporteMS\" \/>\n<meta property=\"article:publisher\" content=\"https:\/\/www.facebook.com\/profile.php?id=100050621362784\" \/>\n<meta property=\"article:published_time\" content=\"2017-10-30T19:12:11+00:00\" \/>\n<meta property=\"og:image\" content=\"https:\/\/esportems.com.br\/site\/wp-content\/uploads\/2017\/08\/1-funec.jpg\" \/>\n\t<meta property=\"og:image:width\" content=\"950\" \/>\n\t<meta property=\"og:image:height\" content=\"633\" \/>\n\t<meta property=\"og:image:type\" content=\"image\/jpeg\" \/>\n<meta name=\"author\" content=\"Cl\u00e1udio Severo\" \/>\n<meta name=\"twitter:card\" content=\"summary_large_image\" \/>\n<meta name=\"twitter:creator\" content=\"@RadioEsporteMS\" \/>\n<meta name=\"twitter:site\" content=\"@RadioEsporteMS\" \/>\n<meta name=\"twitter:label1\" content=\"Escrito por\" \/>\n\t<meta name=\"twitter:data1\" content=\"Cl\u00e1udio Severo\" \/>\n\t<meta name=\"twitter:label2\" content=\"Est. tempo de leitura\" \/>\n\t<meta name=\"twitter:data2\" content=\"2 minutos\" \/>\n<script type=\"application\/ld+json\" class=\"yoast-schema-graph\">{\"@context\":\"https:\\\/\\\/schema.org\",\"@graph\":[{\"@type\":\"Article\",\"@id\":\"https:\\\/\\\/esportems.com.br\\\/site\\\/corrida-de-dourados-contou-com-14-mil-atletas\\\/#article\",\"isPartOf\":{\"@id\":\"https:\\\/\\\/esportems.com.br\\\/site\\\/corrida-de-dourados-contou-com-14-mil-atletas\\\/\"},\"author\":{\"name\":\"Cl\u00e1udio Severo\",\"@id\":\"https:\\\/\\\/esportems.com.br\\\/site\\\/#\\\/schema\\\/person\\\/f451b65748a8ce82d3ca25707a512dda\"},\"headline\":\"Corrida de Dourados contou com 1,4 mil atletas\",\"datePublished\":\"2017-10-30T19:12:11+00:00\",\"mainEntityOfPage\":{\"@id\":\"https:\\\/\\\/esportems.com.br\\\/site\\\/corrida-de-dourados-contou-com-14-mil-atletas\\\/\"},\"wordCount\":465,\"commentCount\":0,\"publisher\":{\"@id\":\"https:\\\/\\\/esportems.com.br\\\/site\\\/#organization\"},\"image\":{\"@id\":\"https:\\\/\\\/esportems.com.br\\\/site\\\/corrida-de-dourados-contou-com-14-mil-atletas\\\/#primaryimage\"},\"thumbnailUrl\":\"https:\\\/\\\/esportems.com.br\\\/site\\\/wp-content\\\/uploads\\\/2017\\\/08\\\/1-funec.jpg\",\"articleSection\":[\"Uncategorized\"],\"inLanguage\":\"pt-BR\",\"potentialAction\":[{\"@type\":\"CommentAction\",\"name\":\"Comment\",\"target\":[\"https:\\\/\\\/esportems.com.br\\\/site\\\/corrida-de-dourados-contou-com-14-mil-atletas\\\/#respond\"]}]},{\"@type\":\"WebPage\",\"@id\":\"https:\\\/\\\/esportems.com.br\\\/site\\\/corrida-de-dourados-contou-com-14-mil-atletas\\\/\",\"url\":\"https:\\\/\\\/esportems.com.br\\\/site\\\/corrida-de-dourados-contou-com-14-mil-atletas\\\/\",\"name\":\"Corrida de Dourados contou com 1,4 mil atletas - EsporteMS\",\"isPartOf\":{\"@id\":\"https:\\\/\\\/esportems.com.br\\\/site\\\/#website\"},\"primaryImageOfPage\":{\"@id\":\"https:\\\/\\\/esportems.com.br\\\/site\\\/corrida-de-dourados-contou-com-14-mil-atletas\\\/#primaryimage\"},\"image\":{\"@id\":\"https:\\\/\\\/esportems.com.br\\\/site\\\/corrida-de-dourados-contou-com-14-mil-atletas\\\/#primaryimage\"},\"thumbnailUrl\":\"https:\\\/\\\/esportems.com.br\\\/site\\\/wp-content\\\/uploads\\\/2017\\\/08\\\/1-funec.jpg\",\"datePublished\":\"2017-10-30T19:12:11+00:00\",\"breadcrumb\":{\"@id\":\"https:\\\/\\\/esportems.com.br\\\/site\\\/corrida-de-dourados-contou-com-14-mil-atletas\\\/#breadcrumb\"},\"inLanguage\":\"pt-BR\",\"potentialAction\":[{\"@type\":\"ReadAction\",\"target\":[\"https:\\\/\\\/esportems.com.br\\\/site\\\/corrida-de-dourados-contou-com-14-mil-atletas\\\/\"]}]},{\"@type\":\"ImageObject\",\"inLanguage\":\"pt-BR\",\"@id\":\"https:\\\/\\\/esportems.com.br\\\/site\\\/corrida-de-dourados-contou-com-14-mil-atletas\\\/#primaryimage\",\"url\":\"https:\\\/\\\/esportems.com.br\\\/site\\\/wp-content\\\/uploads\\\/2017\\\/08\\\/1-funec.jpg\",\"contentUrl\":\"https:\\\/\\\/esportems.com.br\\\/site\\\/wp-content\\\/uploads\\\/2017\\\/08\\\/1-funec.jpg\",\"width\":950,\"height\":633},{\"@type\":\"BreadcrumbList\",\"@id\":\"https:\\\/\\\/esportems.com.br\\\/site\\\/corrida-de-dourados-contou-com-14-mil-atletas\\\/#breadcrumb\",\"itemListElement\":[{\"@type\":\"ListItem\",\"position\":1,\"name\":\"In\u00edcio\",\"item\":\"https:\\\/\\\/esportems.com.br\\\/site\\\/\"},{\"@type\":\"ListItem\",\"position\":2,\"name\":\"Corrida de Dourados contou com 1,4 mil atletas\"}]},{\"@type\":\"WebSite\",\"@id\":\"https:\\\/\\\/esportems.com.br\\\/site\\\/#website\",\"url\":\"https:\\\/\\\/esportems.com.br\\\/site\\\/\",\"name\":\"EsporteMS\",\"description\":\"O melhor conte\u00fado de esporte de MS\",\"publisher\":{\"@id\":\"https:\\\/\\\/esportems.com.br\\\/site\\\/#organization\"},\"potentialAction\":[{\"@type\":\"SearchAction\",\"target\":{\"@type\":\"EntryPoint\",\"urlTemplate\":\"https:\\\/\\\/esportems.com.br\\\/site\\\/?s={search_term_string}\"},\"query-input\":{\"@type\":\"PropertyValueSpecification\",\"valueRequired\":true,\"valueName\":\"search_term_string\"}}],\"inLanguage\":\"pt-BR\"},{\"@type\":\"Organization\",\"@id\":\"https:\\\/\\\/esportems.com.br\\\/site\\\/#organization\",\"name\":\"EsporteMS\",\"url\":\"https:\\\/\\\/esportems.com.br\\\/site\\\/\",\"logo\":{\"@type\":\"ImageObject\",\"inLanguage\":\"pt-BR\",\"@id\":\"https:\\\/\\\/esportems.com.br\\\/site\\\/#\\\/schema\\\/logo\\\/image\\\/\",\"url\":\"https:\\\/\\\/esportems.com.br\\\/site\\\/wp-content\\\/uploads\\\/2022\\\/12\\\/logo_esportems_250px.png\",\"contentUrl\":\"https:\\\/\\\/esportems.com.br\\\/site\\\/wp-content\\\/uploads\\\/2022\\\/12\\\/logo_esportems_250px.png\",\"width\":250,\"height\":250,\"caption\":\"EsporteMS\"},\"image\":{\"@id\":\"https:\\\/\\\/esportems.com.br\\\/site\\\/#\\\/schema\\\/logo\\\/image\\\/\"},\"sameAs\":[\"https:\\\/\\\/www.facebook.com\\\/profile.php?id=100050621362784\",\"https:\\\/\\\/x.com\\\/RadioEsporteMS\",\"https:\\\/\\\/www.instagram.com\\\/esportems2\\\/\",\"https:\\\/\\\/wa.me\\\/5567999590868\",\"https:\\\/\\\/www.youtube.com\\\/esportems\\\/\"]},{\"@type\":\"Person\",\"@id\":\"https:\\\/\\\/esportems.com.br\\\/site\\\/#\\\/schema\\\/person\\\/f451b65748a8ce82d3ca25707a512dda\",\"name\":\"Cl\u00e1udio Severo\",\"image\":{\"@type\":\"ImageObject\",\"inLanguage\":\"pt-BR\",\"@id\":\"https:\\\/\\\/secure.gravatar.com\\\/avatar\\\/94bcbd47e500b15b38519f79158a57abc1fa84f37255ad4b4be197699e1ff784?s=96&d=mm&r=g\",\"url\":\"https:\\\/\\\/secure.gravatar.com\\\/avatar\\\/94bcbd47e500b15b38519f79158a57abc1fa84f37255ad4b4be197699e1ff784?s=96&d=mm&r=g\",\"contentUrl\":\"https:\\\/\\\/secure.gravatar.com\\\/avatar\\\/94bcbd47e500b15b38519f79158a57abc1fa84f37255ad4b4be197699e1ff784?s=96&d=mm&r=g\",\"caption\":\"Cl\u00e1udio Severo\"},\"url\":\"https:\\\/\\\/esportems.com.br\\\/site\\\/author\\\/severo\\\/\"}]}<\/script>\n<!-- \/ Yoast SEO plugin. -->","yoast_head_json":{"title":"Corrida de Dourados contou com 1,4 mil atletas - EsporteMS","robots":{"index":"index","follow":"follow","max-snippet":"max-snippet:-1","max-image-preview":"max-image-preview:large","max-video-preview":"max-video-preview:-1"},"canonical":"https:\/\/esportems.com.br\/site\/corrida-de-dourados-contou-com-14-mil-atletas\/","og_locale":"pt_BR","og_type":"article","og_title":"Corrida de Dourados contou com 1,4 mil atletas - EsporteMS","og_description":"A\u00a0Corrida e Caminhada Rosa\/ABEVE\u00a0realizada na tarde de s\u00e1bado \u00faltimo em conjunto com a Prefeitura Municipal por meio da\u00a0FUNED (Funda\u00e7\u00e3o de Esporte de Dourados)\u00a0com cerca de 1400 mulheres, que propiciou assim um recorde de inscri\u00e7\u00e3o e com muito sucesso, fechou assim a campanha Dourados Outubro Rosa que teve o seu in\u00edcio no dia 1\u00ba \u00faltimo. Momentos [&hellip;]","og_url":"https:\/\/esportems.com.br\/site\/corrida-de-dourados-contou-com-14-mil-atletas\/","og_site_name":"EsporteMS","article_publisher":"https:\/\/www.facebook.com\/profile.php?id=100050621362784","article_published_time":"2017-10-30T19:12:11+00:00","og_image":[{"width":950,"height":633,"url":"https:\/\/esportems.com.br\/site\/wp-content\/uploads\/2017\/08\/1-funec.jpg","type":"image\/jpeg"}],"author":"Cl\u00e1udio Severo","twitter_card":"summary_large_image","twitter_creator":"@RadioEsporteMS","twitter_site":"@RadioEsporteMS","twitter_misc":{"Escrito por":"Cl\u00e1udio Severo","Est. tempo de leitura":"2 minutos"},"schema":{"@context":"https:\/\/schema.org","@graph":[{"@type":"Article","@id":"https:\/\/esportems.com.br\/site\/corrida-de-dourados-contou-com-14-mil-atletas\/#article","isPartOf":{"@id":"https:\/\/esportems.com.br\/site\/corrida-de-dourados-contou-com-14-mil-atletas\/"},"author":{"name":"Cl\u00e1udio Severo","@id":"https:\/\/esportems.com.br\/site\/#\/schema\/person\/f451b65748a8ce82d3ca25707a512dda"},"headline":"Corrida de Dourados contou com 1,4 mil atletas","datePublished":"2017-10-30T19:12:11+00:00","mainEntityOfPage":{"@id":"https:\/\/esportems.com.br\/site\/corrida-de-dourados-contou-com-14-mil-atletas\/"},"wordCount":465,"commentCount":0,"publisher":{"@id":"https:\/\/esportems.com.br\/site\/#organization"},"image":{"@id":"https:\/\/esportems.com.br\/site\/corrida-de-dourados-contou-com-14-mil-atletas\/#primaryimage"},"thumbnailUrl":"https:\/\/esportems.com.br\/site\/wp-content\/uploads\/2017\/08\/1-funec.jpg","articleSection":["Uncategorized"],"inLanguage":"pt-BR","potentialAction":[{"@type":"CommentAction","name":"Comment","target":["https:\/\/esportems.com.br\/site\/corrida-de-dourados-contou-com-14-mil-atletas\/#respond"]}]},{"@type":"WebPage","@id":"https:\/\/esportems.com.br\/site\/corrida-de-dourados-contou-com-14-mil-atletas\/","url":"https:\/\/esportems.com.br\/site\/corrida-de-dourados-contou-com-14-mil-atletas\/","name":"Corrida de Dourados contou com 1,4 mil atletas - EsporteMS","isPartOf":{"@id":"https:\/\/esportems.com.br\/site\/#website"},"primaryImageOfPage":{"@id":"https:\/\/esportems.com.br\/site\/corrida-de-dourados-contou-com-14-mil-atletas\/#primaryimage"},"image":{"@id":"https:\/\/esportems.com.br\/site\/corrida-de-dourados-contou-com-14-mil-atletas\/#primaryimage"},"thumbnailUrl":"https:\/\/esportems.com.br\/site\/wp-content\/uploads\/2017\/08\/1-funec.jpg","datePublished":"2017-10-30T19:12:11+00:00","breadcrumb":{"@id":"https:\/\/esportems.com.br\/site\/corrida-de-dourados-contou-com-14-mil-atletas\/#breadcrumb"},"inLanguage":"pt-BR","potentialAction":[{"@type":"ReadAction","target":["https:\/\/esportems.com.br\/site\/corrida-de-dourados-contou-com-14-mil-atletas\/"]}]},{"@type":"ImageObject","inLanguage":"pt-BR","@id":"https:\/\/esportems.com.br\/site\/corrida-de-dourados-contou-com-14-mil-atletas\/#primaryimage","url":"https:\/\/esportems.com.br\/site\/wp-content\/uploads\/2017\/08\/1-funec.jpg","contentUrl":"https:\/\/esportems.com.br\/site\/wp-content\/uploads\/2017\/08\/1-funec.jpg","width":950,"height":633},{"@type":"BreadcrumbList","@id":"https:\/\/esportems.com.br\/site\/corrida-de-dourados-contou-com-14-mil-atletas\/#breadcrumb","itemListElement":[{"@type":"ListItem","position":1,"name":"In\u00edcio","item":"https:\/\/esportems.com.br\/site\/"},{"@type":"ListItem","position":2,"name":"Corrida de Dourados contou com 1,4 mil atletas"}]},{"@type":"WebSite","@id":"https:\/\/esportems.com.br\/site\/#website","url":"https:\/\/esportems.com.br\/site\/","name":"EsporteMS","description":"O melhor conte\u00fado de esporte de MS","publisher":{"@id":"https:\/\/esportems.com.br\/site\/#organization"},"potentialAction":[{"@type":"SearchAction","target":{"@type":"EntryPoint","urlTemplate":"https:\/\/esportems.com.br\/site\/?s={search_term_string}"},"query-input":{"@type":"PropertyValueSpecification","valueRequired":true,"valueName":"search_term_string"}}],"inLanguage":"pt-BR"},{"@type":"Organization","@id":"https:\/\/esportems.com.br\/site\/#organization","name":"EsporteMS","url":"https:\/\/esportems.com.br\/site\/","logo":{"@type":"ImageObject","inLanguage":"pt-BR","@id":"https:\/\/esportems.com.br\/site\/#\/schema\/logo\/image\/","url":"https:\/\/esportems.com.br\/site\/wp-content\/uploads\/2022\/12\/logo_esportems_250px.png","contentUrl":"https:\/\/esportems.com.br\/site\/wp-content\/uploads\/2022\/12\/logo_esportems_250px.png","width":250,"height":250,"caption":"EsporteMS"},"image":{"@id":"https:\/\/esportems.com.br\/site\/#\/schema\/logo\/image\/"},"sameAs":["https:\/\/www.facebook.com\/profile.php?id=100050621362784","https:\/\/x.com\/RadioEsporteMS","https:\/\/www.instagram.com\/esportems2\/","https:\/\/wa.me\/5567999590868","https:\/\/www.youtube.com\/esportems\/"]},{"@type":"Person","@id":"https:\/\/esportems.com.br\/site\/#\/schema\/person\/f451b65748a8ce82d3ca25707a512dda","name":"Cl\u00e1udio Severo","image":{"@type":"ImageObject","inLanguage":"pt-BR","@id":"https:\/\/secure.gravatar.com\/avatar\/94bcbd47e500b15b38519f79158a57abc1fa84f37255ad4b4be197699e1ff784?s=96&d=mm&r=g","url":"https:\/\/secure.gravatar.com\/avatar\/94bcbd47e500b15b38519f79158a57abc1fa84f37255ad4b4be197699e1ff784?s=96&d=mm&r=g","contentUrl":"https:\/\/secure.gravatar.com\/avatar\/94bcbd47e500b15b38519f79158a57abc1fa84f37255ad4b4be197699e1ff784?s=96&d=mm&r=g","caption":"Cl\u00e1udio Severo"},"url":"https:\/\/esportems.com.br\/site\/author\/severo\/"}]}},"amp_enabled":true,"_links":{"self":[{"href":"https:\/\/esportems.com.br\/site\/wp-json\/wp\/v2\/posts\/3246","targetHints":{"allow":["GET"]}}],"collection":[{"href":"https:\/\/esportems.com.br\/site\/wp-json\/wp\/v2\/posts"}],"about":[{"href":"https:\/\/esportems.com.br\/site\/wp-json\/wp\/v2\/types\/post"}],"author":[{"embeddable":true,"href":"https:\/\/esportems.com.br\/site\/wp-json\/wp\/v2\/users\/3"}],"replies":[{"embeddable":true,"href":"https:\/\/esportems.com.br\/site\/wp-json\/wp\/v2\/comments?post=3246"}],"version-history":[{"count":1,"href":"https:\/\/esportems.com.br\/site\/wp-json\/wp\/v2\/posts\/3246\/revisions"}],"predecessor-version":[{"id":3247,"href":"https:\/\/esportems.com.br\/site\/wp-json\/wp\/v2\/posts\/3246\/revisions\/3247"}],"wp:featuredmedia":[{"embeddable":true,"href":"https:\/\/esportems.com.br\/site\/wp-json\/wp\/v2\/media\/1866"}],"wp:attachment":[{"href":"https:\/\/esportems.com.br\/site\/wp-json\/wp\/v2\/media?parent=3246"}],"wp:term":[{"taxonomy":"category","embeddable":true,"href":"https:\/\/esportems.com.br\/site\/wp-json\/wp\/v2\/categories?post=3246"},{"taxonomy":"post_tag","embeddable":true,"href":"https:\/\/esportems.com.br\/site\/wp-json\/wp\/v2\/tags?post=3246"}],"curies":[{"name":"wp","href":"https:\/\/api.w.org\/{rel}","templated":true}]}}