{"id":48001,"date":"2025-04-15T23:27:42","date_gmt":"2025-04-16T03:27:42","guid":{"rendered":"https:\/\/esportems.com.br\/site\/?p=48001"},"modified":"2025-04-15T23:28:18","modified_gmt":"2025-04-16T03:28:18","slug":"48001-2","status":"publish","type":"post","link":"https:\/\/esportems.com.br\/site\/48001-2\/","title":{"rendered":"Oper\u00e1rio quase pronto para estreia no s\u00e1bado em Cianorte (PR)"},"content":{"rendered":"<p>O Oper\u00e1rio inicia mais um cap\u00edtulo de sua trajet\u00f3ria com a disputa do<span style=\"color: #ff0000;\"><strong> Campeonato Brasileiro da S\u00e9rie D 2025<\/strong><\/span>. Embalado pela conquista do 14\u00ba t\u00edtulo estadual no Mato Grosso do Sul, e sem esquecer dos&nbsp;4\u00ba t\u00edtulos na \u00e9poca do Mato Grosso uno. O Galo chega fortalecido, sob o comando do t\u00e9cnico Leocir Dall\u2019Astra e a gest\u00e3o do presidente Nelson Ant\u00f4nio. O time tem quatro refor\u00e7os do elenco campe\u00e3o e tr\u00eas que se despediram. A estreia ser\u00e1 neste s\u00e1bado, \u00e0s 14h, no est\u00e1dio municipal Ol\u00edmpico Albino Turbay, em Cianorte (PR), contra o time do mesmo nome.<\/p>\n<p>A campanha vitoriosa no Campeonato Sul-Mato-Grossense garantiu ao Oper\u00e1rio n\u00e3o apenas o trof\u00e9u, mas tamb\u00e9m classifica\u00e7\u00f5es importantes para o calend\u00e1rio de 2026: Copa do Brasil, Copa Verde e nova vaga na S\u00e9rie D. Com isso, o clube entra na competi\u00e7\u00e3o nacional com um objetivo claro e ousado: o acesso \u00e0 S\u00e9rie C. O primeiro compromisso diante da torcida alvinegra ser\u00e1 no dia 26, no Est\u00e1dio Jacques da Luz, diante do Atl\u00e9tico Monte Azul (SP), \u00e0s 18h.&nbsp;<\/p>\n<figure id=\"attachment_48002\" aria-describedby=\"caption-attachment-48002\" style=\"width: 648px\" class=\"wp-caption aligncenter\"><img loading=\"lazy\" decoding=\"async\" class=\"size-full wp-image-48002\" src=\"https:\/\/esportems.com.br\/site\/wp-content\/uploads\/2025\/04\/1-operario-2.png\" alt=\"\" width=\"648\" height=\"327\" srcset=\"https:\/\/esportems.com.br\/site\/wp-content\/uploads\/2025\/04\/1-operario-2.png 648w, https:\/\/esportems.com.br\/site\/wp-content\/uploads\/2025\/04\/1-operario-2-300x151.png 300w\" sizes=\"auto, (max-width: 648px) 100vw, 648px\" \/><figcaption id=\"caption-attachment-48002\" class=\"wp-caption-text\">Elenco se preparando para estreia no pr\u00f3ximo s\u00e1bado (foto-assessoria)<\/figcaption><\/figure>\n<p><span style=\"color: #ff0000;\"><strong>Grupo definido e calend\u00e1rio intenso<\/strong><\/span><\/p>\n<p>O Oper\u00e1rio integra o Grupo A7 da S\u00e9rie D, ao lado de Cianorte-PR, FC Cascavel-PR, Goiatuba-GO, Inter de Limeira-SP, Itabirito-MG, Monte Azul-SP e Uberl\u00e2ndia-MG. Os quatro melhores classificados avan\u00e7am \u00e0 fase de mata-mata.&nbsp;&nbsp;A CBF, respons\u00e1vel pela organiza\u00e7\u00e3o da competi\u00e7\u00e3o, divulgou as cotas de participa\u00e7\u00e3o e premia\u00e7\u00e3o. Na primeira fase, cada clube receber\u00e1 R$ 458 mil, divididos em tr\u00eas parcelas. H\u00e1 ainda b\u00f4nus por desempenho: R$ 170 mil para cada fase eliminat\u00f3ria, com um pr\u00eamio de R$ 250 mil para cada finalista. Os clubes tamb\u00e9m recebem R$ 8 mil para aquisi\u00e7\u00e3o de desfibriladores.<\/p>\n<p>Anunciado oficialmente nesta semana, L\u00e9o Souza \u00e9 atacante veloz e vers\u00e1til, com passagem pela base da Portuguesa e do Fluminense. Em 2024, disputou 19 partidas e marcou cinco gols, demonstrando boa regularidade. Aos 23 anos, o jogador chega com o objetivo de contribuir com ra\u00e7a, velocidade e faro de gol, fortalecendo ainda mais o elenco alvinegro. Al\u00e9m dele, os j\u00e1 conhecidos Fernandinho, Dante e Wendel est\u00e3o confirmados e anunciados durante a \u00faltima semana. Deixaram o elenco, o goleiro Elisson, e os meias Mauri e Rafinha.<\/p>\n<p>&nbsp;<\/p>\n<p>&nbsp;<\/p>\n<p>&nbsp;<\/p>\n","protected":false},"excerpt":{"rendered":"<p>O Oper\u00e1rio inicia mais um cap\u00edtulo de sua trajet\u00f3ria com a disputa do Campeonato Brasileiro da S\u00e9rie D 2025. Embalado pela conquista do 14\u00ba t\u00edtulo estadual no Mato Grosso do Sul, e sem esquecer dos&nbsp;4\u00ba t\u00edtulos na \u00e9poca do Mato Grosso uno. O Galo chega fortalecido, sob o comando do t\u00e9cnico Leocir Dall\u2019Astra e a [&hellip;]<\/p>\n","protected":false},"author":3,"featured_media":48003,"comment_status":"open","ping_status":"open","sticky":false,"template":"","format":"standard","meta":{"ngg_post_thumbnail":0,"tdm_status":"","tdm_grid_status":"","footnotes":""},"categories":[2,370],"tags":[],"class_list":{"0":"post-48001","1":"post","2":"type-post","3":"status-publish","4":"format-standard","5":"has-post-thumbnail","7":"category-featured","8":"category-serie-d"},"yoast_head":"<!-- This site is optimized with the Yoast SEO plugin v27.5 - https:\/\/yoast.com\/product\/yoast-seo-wordpress\/ -->\n<title>Oper\u00e1rio quase pronto para estreia no s\u00e1bado em Cianorte (PR) - EsporteMS<\/title>\n<meta name=\"robots\" content=\"index, follow, max-snippet:-1, max-image-preview:large, max-video-preview:-1\" \/>\n<link rel=\"canonical\" href=\"https:\/\/esportems.com.br\/site\/48001-2\/\" \/>\n<meta property=\"og:locale\" content=\"pt_BR\" \/>\n<meta property=\"og:type\" content=\"article\" \/>\n<meta property=\"og:title\" content=\"Oper\u00e1rio quase pronto para estreia no s\u00e1bado em Cianorte (PR) - EsporteMS\" \/>\n<meta property=\"og:description\" content=\"O Oper\u00e1rio inicia mais um cap\u00edtulo de sua trajet\u00f3ria com a disputa do Campeonato Brasileiro da S\u00e9rie D 2025. Embalado pela conquista do 14\u00ba t\u00edtulo estadual no Mato Grosso do Sul, e sem esquecer dos&nbsp;4\u00ba t\u00edtulos na \u00e9poca do Mato Grosso uno. O Galo chega fortalecido, sob o comando do t\u00e9cnico Leocir Dall\u2019Astra e a [&hellip;]\" \/>\n<meta property=\"og:url\" content=\"https:\/\/esportems.com.br\/site\/48001-2\/\" \/>\n<meta property=\"og:site_name\" content=\"EsporteMS\" \/>\n<meta property=\"article:publisher\" content=\"https:\/\/www.facebook.com\/profile.php?id=100050621362784\" \/>\n<meta property=\"article:published_time\" content=\"2025-04-16T03:27:42+00:00\" \/>\n<meta property=\"article:modified_time\" content=\"2025-04-16T03:28:18+00:00\" \/>\n<meta property=\"og:image\" content=\"https:\/\/esportems.com.br\/site\/wp-content\/uploads\/2025\/04\/1-fernandinho.png\" \/>\n\t<meta property=\"og:image:width\" content=\"697\" \/>\n\t<meta property=\"og:image:height\" content=\"482\" \/>\n\t<meta property=\"og:image:type\" content=\"image\/png\" \/>\n<meta name=\"author\" content=\"Cl\u00e1udio Severo\" \/>\n<meta name=\"twitter:card\" content=\"summary_large_image\" \/>\n<meta name=\"twitter:creator\" content=\"@RadioEsporteMS\" \/>\n<meta name=\"twitter:site\" content=\"@RadioEsporteMS\" \/>\n<meta name=\"twitter:label1\" content=\"Escrito por\" \/>\n\t<meta name=\"twitter:data1\" content=\"Cl\u00e1udio Severo\" \/>\n\t<meta name=\"twitter:label2\" content=\"Est. tempo de leitura\" \/>\n\t<meta name=\"twitter:data2\" content=\"3 minutos\" \/>\n<script type=\"application\/ld+json\" class=\"yoast-schema-graph\">{\"@context\":\"https:\\\/\\\/schema.org\",\"@graph\":[{\"@type\":\"Article\",\"@id\":\"https:\\\/\\\/esportems.com.br\\\/site\\\/48001-2\\\/#article\",\"isPartOf\":{\"@id\":\"https:\\\/\\\/esportems.com.br\\\/site\\\/48001-2\\\/\"},\"author\":{\"name\":\"Cl\u00e1udio Severo\",\"@id\":\"https:\\\/\\\/esportems.com.br\\\/site\\\/#\\\/schema\\\/person\\\/f451b65748a8ce82d3ca25707a512dda\"},\"headline\":\"Oper\u00e1rio quase pronto para estreia no s\u00e1bado em Cianorte (PR)\",\"datePublished\":\"2025-04-16T03:27:42+00:00\",\"dateModified\":\"2025-04-16T03:28:18+00:00\",\"mainEntityOfPage\":{\"@id\":\"https:\\\/\\\/esportems.com.br\\\/site\\\/48001-2\\\/\"},\"wordCount\":425,\"commentCount\":0,\"publisher\":{\"@id\":\"https:\\\/\\\/esportems.com.br\\\/site\\\/#organization\"},\"image\":{\"@id\":\"https:\\\/\\\/esportems.com.br\\\/site\\\/48001-2\\\/#primaryimage\"},\"thumbnailUrl\":\"https:\\\/\\\/esportems.com.br\\\/site\\\/wp-content\\\/uploads\\\/2025\\\/04\\\/1-fernandinho.png\",\"articleSection\":[\"Featured\",\"S\u00c9RIE D\"],\"inLanguage\":\"pt-BR\",\"potentialAction\":[{\"@type\":\"CommentAction\",\"name\":\"Comment\",\"target\":[\"https:\\\/\\\/esportems.com.br\\\/site\\\/48001-2\\\/#respond\"]}]},{\"@type\":\"WebPage\",\"@id\":\"https:\\\/\\\/esportems.com.br\\\/site\\\/48001-2\\\/\",\"url\":\"https:\\\/\\\/esportems.com.br\\\/site\\\/48001-2\\\/\",\"name\":\"Oper\u00e1rio quase pronto para estreia no s\u00e1bado em Cianorte (PR) - EsporteMS\",\"isPartOf\":{\"@id\":\"https:\\\/\\\/esportems.com.br\\\/site\\\/#website\"},\"primaryImageOfPage\":{\"@id\":\"https:\\\/\\\/esportems.com.br\\\/site\\\/48001-2\\\/#primaryimage\"},\"image\":{\"@id\":\"https:\\\/\\\/esportems.com.br\\\/site\\\/48001-2\\\/#primaryimage\"},\"thumbnailUrl\":\"https:\\\/\\\/esportems.com.br\\\/site\\\/wp-content\\\/uploads\\\/2025\\\/04\\\/1-fernandinho.png\",\"datePublished\":\"2025-04-16T03:27:42+00:00\",\"dateModified\":\"2025-04-16T03:28:18+00:00\",\"breadcrumb\":{\"@id\":\"https:\\\/\\\/esportems.com.br\\\/site\\\/48001-2\\\/#breadcrumb\"},\"inLanguage\":\"pt-BR\",\"potentialAction\":[{\"@type\":\"ReadAction\",\"target\":[\"https:\\\/\\\/esportems.com.br\\\/site\\\/48001-2\\\/\"]}]},{\"@type\":\"ImageObject\",\"inLanguage\":\"pt-BR\",\"@id\":\"https:\\\/\\\/esportems.com.br\\\/site\\\/48001-2\\\/#primaryimage\",\"url\":\"https:\\\/\\\/esportems.com.br\\\/site\\\/wp-content\\\/uploads\\\/2025\\\/04\\\/1-fernandinho.png\",\"contentUrl\":\"https:\\\/\\\/esportems.com.br\\\/site\\\/wp-content\\\/uploads\\\/2025\\\/04\\\/1-fernandinho.png\",\"width\":697,\"height\":482,\"caption\":\"Meio campista Fernandinho \u00e9 um dos refor\u00e7os anunciados pela Cobra do Norte (divulga\u00e7\u00e3o)\"},{\"@type\":\"BreadcrumbList\",\"@id\":\"https:\\\/\\\/esportems.com.br\\\/site\\\/48001-2\\\/#breadcrumb\",\"itemListElement\":[{\"@type\":\"ListItem\",\"position\":1,\"name\":\"In\u00edcio\",\"item\":\"https:\\\/\\\/esportems.com.br\\\/site\\\/\"},{\"@type\":\"ListItem\",\"position\":2,\"name\":\"Oper\u00e1rio quase pronto para estreia no s\u00e1bado em Cianorte (PR)\"}]},{\"@type\":\"WebSite\",\"@id\":\"https:\\\/\\\/esportems.com.br\\\/site\\\/#website\",\"url\":\"https:\\\/\\\/esportems.com.br\\\/site\\\/\",\"name\":\"EsporteMS\",\"description\":\"O melhor conte\u00fado de esporte de MS\",\"publisher\":{\"@id\":\"https:\\\/\\\/esportems.com.br\\\/site\\\/#organization\"},\"potentialAction\":[{\"@type\":\"SearchAction\",\"target\":{\"@type\":\"EntryPoint\",\"urlTemplate\":\"https:\\\/\\\/esportems.com.br\\\/site\\\/?s={search_term_string}\"},\"query-input\":{\"@type\":\"PropertyValueSpecification\",\"valueRequired\":true,\"valueName\":\"search_term_string\"}}],\"inLanguage\":\"pt-BR\"},{\"@type\":\"Organization\",\"@id\":\"https:\\\/\\\/esportems.com.br\\\/site\\\/#organization\",\"name\":\"EsporteMS\",\"url\":\"https:\\\/\\\/esportems.com.br\\\/site\\\/\",\"logo\":{\"@type\":\"ImageObject\",\"inLanguage\":\"pt-BR\",\"@id\":\"https:\\\/\\\/esportems.com.br\\\/site\\\/#\\\/schema\\\/logo\\\/image\\\/\",\"url\":\"https:\\\/\\\/esportems.com.br\\\/site\\\/wp-content\\\/uploads\\\/2022\\\/12\\\/logo_esportems_250px.png\",\"contentUrl\":\"https:\\\/\\\/esportems.com.br\\\/site\\\/wp-content\\\/uploads\\\/2022\\\/12\\\/logo_esportems_250px.png\",\"width\":250,\"height\":250,\"caption\":\"EsporteMS\"},\"image\":{\"@id\":\"https:\\\/\\\/esportems.com.br\\\/site\\\/#\\\/schema\\\/logo\\\/image\\\/\"},\"sameAs\":[\"https:\\\/\\\/www.facebook.com\\\/profile.php?id=100050621362784\",\"https:\\\/\\\/x.com\\\/RadioEsporteMS\",\"https:\\\/\\\/www.instagram.com\\\/esportems2\\\/\",\"https:\\\/\\\/wa.me\\\/5567999590868\",\"https:\\\/\\\/www.youtube.com\\\/esportems\\\/\"]},{\"@type\":\"Person\",\"@id\":\"https:\\\/\\\/esportems.com.br\\\/site\\\/#\\\/schema\\\/person\\\/f451b65748a8ce82d3ca25707a512dda\",\"name\":\"Cl\u00e1udio Severo\",\"image\":{\"@type\":\"ImageObject\",\"inLanguage\":\"pt-BR\",\"@id\":\"https:\\\/\\\/secure.gravatar.com\\\/avatar\\\/94bcbd47e500b15b38519f79158a57abc1fa84f37255ad4b4be197699e1ff784?s=96&d=mm&r=g\",\"url\":\"https:\\\/\\\/secure.gravatar.com\\\/avatar\\\/94bcbd47e500b15b38519f79158a57abc1fa84f37255ad4b4be197699e1ff784?s=96&d=mm&r=g\",\"contentUrl\":\"https:\\\/\\\/secure.gravatar.com\\\/avatar\\\/94bcbd47e500b15b38519f79158a57abc1fa84f37255ad4b4be197699e1ff784?s=96&d=mm&r=g\",\"caption\":\"Cl\u00e1udio Severo\"},\"url\":\"https:\\\/\\\/esportems.com.br\\\/site\\\/author\\\/severo\\\/\"}]}<\/script>\n<!-- \/ Yoast SEO plugin. -->","yoast_head_json":{"title":"Oper\u00e1rio quase pronto para estreia no s\u00e1bado em Cianorte (PR) - EsporteMS","robots":{"index":"index","follow":"follow","max-snippet":"max-snippet:-1","max-image-preview":"max-image-preview:large","max-video-preview":"max-video-preview:-1"},"canonical":"https:\/\/esportems.com.br\/site\/48001-2\/","og_locale":"pt_BR","og_type":"article","og_title":"Oper\u00e1rio quase pronto para estreia no s\u00e1bado em Cianorte (PR) - EsporteMS","og_description":"O Oper\u00e1rio inicia mais um cap\u00edtulo de sua trajet\u00f3ria com a disputa do Campeonato Brasileiro da S\u00e9rie D 2025. Embalado pela conquista do 14\u00ba t\u00edtulo estadual no Mato Grosso do Sul, e sem esquecer dos&nbsp;4\u00ba t\u00edtulos na \u00e9poca do Mato Grosso uno. O Galo chega fortalecido, sob o comando do t\u00e9cnico Leocir Dall\u2019Astra e a [&hellip;]","og_url":"https:\/\/esportems.com.br\/site\/48001-2\/","og_site_name":"EsporteMS","article_publisher":"https:\/\/www.facebook.com\/profile.php?id=100050621362784","article_published_time":"2025-04-16T03:27:42+00:00","article_modified_time":"2025-04-16T03:28:18+00:00","og_image":[{"width":697,"height":482,"url":"https:\/\/esportems.com.br\/site\/wp-content\/uploads\/2025\/04\/1-fernandinho.png","type":"image\/png"}],"author":"Cl\u00e1udio Severo","twitter_card":"summary_large_image","twitter_creator":"@RadioEsporteMS","twitter_site":"@RadioEsporteMS","twitter_misc":{"Escrito por":"Cl\u00e1udio Severo","Est. tempo de leitura":"3 minutos"},"schema":{"@context":"https:\/\/schema.org","@graph":[{"@type":"Article","@id":"https:\/\/esportems.com.br\/site\/48001-2\/#article","isPartOf":{"@id":"https:\/\/esportems.com.br\/site\/48001-2\/"},"author":{"name":"Cl\u00e1udio Severo","@id":"https:\/\/esportems.com.br\/site\/#\/schema\/person\/f451b65748a8ce82d3ca25707a512dda"},"headline":"Oper\u00e1rio quase pronto para estreia no s\u00e1bado em Cianorte (PR)","datePublished":"2025-04-16T03:27:42+00:00","dateModified":"2025-04-16T03:28:18+00:00","mainEntityOfPage":{"@id":"https:\/\/esportems.com.br\/site\/48001-2\/"},"wordCount":425,"commentCount":0,"publisher":{"@id":"https:\/\/esportems.com.br\/site\/#organization"},"image":{"@id":"https:\/\/esportems.com.br\/site\/48001-2\/#primaryimage"},"thumbnailUrl":"https:\/\/esportems.com.br\/site\/wp-content\/uploads\/2025\/04\/1-fernandinho.png","articleSection":["Featured","S\u00c9RIE D"],"inLanguage":"pt-BR","potentialAction":[{"@type":"CommentAction","name":"Comment","target":["https:\/\/esportems.com.br\/site\/48001-2\/#respond"]}]},{"@type":"WebPage","@id":"https:\/\/esportems.com.br\/site\/48001-2\/","url":"https:\/\/esportems.com.br\/site\/48001-2\/","name":"Oper\u00e1rio quase pronto para estreia no s\u00e1bado em Cianorte (PR) - EsporteMS","isPartOf":{"@id":"https:\/\/esportems.com.br\/site\/#website"},"primaryImageOfPage":{"@id":"https:\/\/esportems.com.br\/site\/48001-2\/#primaryimage"},"image":{"@id":"https:\/\/esportems.com.br\/site\/48001-2\/#primaryimage"},"thumbnailUrl":"https:\/\/esportems.com.br\/site\/wp-content\/uploads\/2025\/04\/1-fernandinho.png","datePublished":"2025-04-16T03:27:42+00:00","dateModified":"2025-04-16T03:28:18+00:00","breadcrumb":{"@id":"https:\/\/esportems.com.br\/site\/48001-2\/#breadcrumb"},"inLanguage":"pt-BR","potentialAction":[{"@type":"ReadAction","target":["https:\/\/esportems.com.br\/site\/48001-2\/"]}]},{"@type":"ImageObject","inLanguage":"pt-BR","@id":"https:\/\/esportems.com.br\/site\/48001-2\/#primaryimage","url":"https:\/\/esportems.com.br\/site\/wp-content\/uploads\/2025\/04\/1-fernandinho.png","contentUrl":"https:\/\/esportems.com.br\/site\/wp-content\/uploads\/2025\/04\/1-fernandinho.png","width":697,"height":482,"caption":"Meio campista Fernandinho \u00e9 um dos refor\u00e7os anunciados pela Cobra do Norte (divulga\u00e7\u00e3o)"},{"@type":"BreadcrumbList","@id":"https:\/\/esportems.com.br\/site\/48001-2\/#breadcrumb","itemListElement":[{"@type":"ListItem","position":1,"name":"In\u00edcio","item":"https:\/\/esportems.com.br\/site\/"},{"@type":"ListItem","position":2,"name":"Oper\u00e1rio quase pronto para estreia no s\u00e1bado em Cianorte (PR)"}]},{"@type":"WebSite","@id":"https:\/\/esportems.com.br\/site\/#website","url":"https:\/\/esportems.com.br\/site\/","name":"EsporteMS","description":"O melhor conte\u00fado de esporte de MS","publisher":{"@id":"https:\/\/esportems.com.br\/site\/#organization"},"potentialAction":[{"@type":"SearchAction","target":{"@type":"EntryPoint","urlTemplate":"https:\/\/esportems.com.br\/site\/?s={search_term_string}"},"query-input":{"@type":"PropertyValueSpecification","valueRequired":true,"valueName":"search_term_string"}}],"inLanguage":"pt-BR"},{"@type":"Organization","@id":"https:\/\/esportems.com.br\/site\/#organization","name":"EsporteMS","url":"https:\/\/esportems.com.br\/site\/","logo":{"@type":"ImageObject","inLanguage":"pt-BR","@id":"https:\/\/esportems.com.br\/site\/#\/schema\/logo\/image\/","url":"https:\/\/esportems.com.br\/site\/wp-content\/uploads\/2022\/12\/logo_esportems_250px.png","contentUrl":"https:\/\/esportems.com.br\/site\/wp-content\/uploads\/2022\/12\/logo_esportems_250px.png","width":250,"height":250,"caption":"EsporteMS"},"image":{"@id":"https:\/\/esportems.com.br\/site\/#\/schema\/logo\/image\/"},"sameAs":["https:\/\/www.facebook.com\/profile.php?id=100050621362784","https:\/\/x.com\/RadioEsporteMS","https:\/\/www.instagram.com\/esportems2\/","https:\/\/wa.me\/5567999590868","https:\/\/www.youtube.com\/esportems\/"]},{"@type":"Person","@id":"https:\/\/esportems.com.br\/site\/#\/schema\/person\/f451b65748a8ce82d3ca25707a512dda","name":"Cl\u00e1udio Severo","image":{"@type":"ImageObject","inLanguage":"pt-BR","@id":"https:\/\/secure.gravatar.com\/avatar\/94bcbd47e500b15b38519f79158a57abc1fa84f37255ad4b4be197699e1ff784?s=96&d=mm&r=g","url":"https:\/\/secure.gravatar.com\/avatar\/94bcbd47e500b15b38519f79158a57abc1fa84f37255ad4b4be197699e1ff784?s=96&d=mm&r=g","contentUrl":"https:\/\/secure.gravatar.com\/avatar\/94bcbd47e500b15b38519f79158a57abc1fa84f37255ad4b4be197699e1ff784?s=96&d=mm&r=g","caption":"Cl\u00e1udio Severo"},"url":"https:\/\/esportems.com.br\/site\/author\/severo\/"}]}},"amp_enabled":true,"_links":{"self":[{"href":"https:\/\/esportems.com.br\/site\/wp-json\/wp\/v2\/posts\/48001","targetHints":{"allow":["GET"]}}],"collection":[{"href":"https:\/\/esportems.com.br\/site\/wp-json\/wp\/v2\/posts"}],"about":[{"href":"https:\/\/esportems.com.br\/site\/wp-json\/wp\/v2\/types\/post"}],"author":[{"embeddable":true,"href":"https:\/\/esportems.com.br\/site\/wp-json\/wp\/v2\/users\/3"}],"replies":[{"embeddable":true,"href":"https:\/\/esportems.com.br\/site\/wp-json\/wp\/v2\/comments?post=48001"}],"version-history":[{"count":2,"href":"https:\/\/esportems.com.br\/site\/wp-json\/wp\/v2\/posts\/48001\/revisions"}],"predecessor-version":[{"id":48005,"href":"https:\/\/esportems.com.br\/site\/wp-json\/wp\/v2\/posts\/48001\/revisions\/48005"}],"wp:featuredmedia":[{"embeddable":true,"href":"https:\/\/esportems.com.br\/site\/wp-json\/wp\/v2\/media\/48003"}],"wp:attachment":[{"href":"https:\/\/esportems.com.br\/site\/wp-json\/wp\/v2\/media?parent=48001"}],"wp:term":[{"taxonomy":"category","embeddable":true,"href":"https:\/\/esportems.com.br\/site\/wp-json\/wp\/v2\/categories?post=48001"},{"taxonomy":"post_tag","embeddable":true,"href":"https:\/\/esportems.com.br\/site\/wp-json\/wp\/v2\/tags?post=48001"}],"curies":[{"name":"wp","href":"https:\/\/api.w.org\/{rel}","templated":true}]}}