{"id":53362,"date":"2026-03-09T19:53:35","date_gmt":"2026-03-09T23:53:35","guid":{"rendered":"https:\/\/esportems.com.br\/site\/?p=53362"},"modified":"2026-03-10T12:28:54","modified_gmt":"2026-03-10T16:28:54","slug":"professor-maicon-mommad-volta-a-assumir-comando-da-funesp","status":"publish","type":"post","link":"https:\/\/esportems.com.br\/site\/professor-maicon-mommad-volta-a-assumir-comando-da-funesp\/","title":{"rendered":"Professor Maicon Mommad volta a assumir comando da Funesp"},"content":{"rendered":"<p data-start=\"250\" data-end=\"459\">O Di\u00e1rio Oficial de Campo Grande publicou nesta segunda-feira (9) a nomea\u00e7\u00e3o de Maicon Luiz Mommad como novo diretor-presidente da Funda\u00e7\u00e3o Municipal de Esportes de Campo Grande (Funesp).<\/p>\n<p data-start=\"461\" data-end=\"847\">Momad retorna ao comando da entidade ap\u00f3s j\u00e1 ter ocupado o cargo anteriormente. Na \u00faltima gest\u00e3o municipal, ele estava no per\u00edodo final de seu mandato \u00e0 frente da funda\u00e7\u00e3o, mas acabou sendo substitu\u00eddo pela prefeita Adriane Lopes, que optou por abrir espa\u00e7o para o ent\u00e3o vereador Sandro Benitez, que havia sido derrotado nas urnas.<\/p>\n<p data-start=\"849\" data-end=\"1045\">A mudan\u00e7a ocorre ap\u00f3s o ex-dirigente se envolver em um esc\u00e2ndalo no \u00faltimo fim de semana, relacionado a acusa\u00e7\u00f5es de viol\u00eancia dom\u00e9stica, fato que acabou provocando repercuss\u00e3o e a sa\u00edda do cargo.<\/p>\n<p data-start=\"1047\" data-end=\"1302\">Durante o per\u00edodo em que esteve \u00e0 frente da Funesp, Maicon Momad teve atua\u00e7\u00e3o considerada positiva por representantes do meio esportivo local, com participa\u00e7\u00e3o em projetos de incentivo ao esporte e apoio a competi\u00e7\u00f5es em diferentes modalidades na capital.<\/p>\n<p data-start=\"1304\" data-end=\"1565\">Com o retorno de Momad, a expectativa do setor esportivo \u00e9 pela retomada da organiza\u00e7\u00e3o das atividades da funda\u00e7\u00e3o. At\u00e9 o momento, a Funda\u00e7\u00e3o Municipal de Esportes ainda n\u00e3o divulgou o calend\u00e1rio oficial de competi\u00e7\u00f5es e eventos esportivos para a temporada.<\/p>\n<p data-start=\"1567\" data-end=\"1789\">A defini\u00e7\u00e3o da programa\u00e7\u00e3o anual \u00e9 aguardada por atletas, dirigentes e organizadores de eventos esportivos de Campo Grande, que dependem do planejamento da funda\u00e7\u00e3o para a realiza\u00e7\u00e3o de torneios e projetos ao longo do ano.<\/p>\n","protected":false},"excerpt":{"rendered":"<p>O Di\u00e1rio Oficial de Campo Grande publicou nesta segunda-feira (9) a nomea\u00e7\u00e3o de Maicon Luiz Mommad como novo diretor-presidente da Funda\u00e7\u00e3o Municipal de Esportes de Campo Grande (Funesp). Momad retorna ao comando da entidade ap\u00f3s j\u00e1 ter ocupado o cargo anteriormente. Na \u00faltima gest\u00e3o municipal, ele estava no per\u00edodo final de seu mandato \u00e0 frente [&hellip;]<\/p>\n","protected":false},"author":3,"featured_media":53363,"comment_status":"open","ping_status":"open","sticky":false,"template":"","format":"standard","meta":{"ngg_post_thumbnail":0,"tdm_status":"","tdm_grid_status":"","footnotes":""},"categories":[396,2],"tags":[],"class_list":{"0":"post-53362","1":"post","2":"type-post","3":"status-publish","4":"format-standard","5":"has-post-thumbnail","7":"category-confirmado","8":"category-featured"},"yoast_head":"<!-- This site is optimized with the Yoast SEO plugin v27.5 - https:\/\/yoast.com\/product\/yoast-seo-wordpress\/ -->\n<title>Professor Maicon Mommad volta a assumir comando da Funesp - EsporteMS<\/title>\n<meta name=\"robots\" content=\"index, follow, max-snippet:-1, max-image-preview:large, max-video-preview:-1\" \/>\n<link rel=\"canonical\" href=\"https:\/\/esportems.com.br\/site\/professor-maicon-mommad-volta-a-assumir-comando-da-funesp\/\" \/>\n<meta property=\"og:locale\" content=\"pt_BR\" \/>\n<meta property=\"og:type\" content=\"article\" \/>\n<meta property=\"og:title\" content=\"Professor Maicon Mommad volta a assumir comando da Funesp - EsporteMS\" \/>\n<meta property=\"og:description\" content=\"O Di\u00e1rio Oficial de Campo Grande publicou nesta segunda-feira (9) a nomea\u00e7\u00e3o de Maicon Luiz Mommad como novo diretor-presidente da Funda\u00e7\u00e3o Municipal de Esportes de Campo Grande (Funesp). Momad retorna ao comando da entidade ap\u00f3s j\u00e1 ter ocupado o cargo anteriormente. Na \u00faltima gest\u00e3o municipal, ele estava no per\u00edodo final de seu mandato \u00e0 frente [&hellip;]\" \/>\n<meta property=\"og:url\" content=\"https:\/\/esportems.com.br\/site\/professor-maicon-mommad-volta-a-assumir-comando-da-funesp\/\" \/>\n<meta property=\"og:site_name\" content=\"EsporteMS\" \/>\n<meta property=\"article:publisher\" content=\"https:\/\/www.facebook.com\/profile.php?id=100050621362784\" \/>\n<meta property=\"article:published_time\" content=\"2026-03-09T23:53:35+00:00\" \/>\n<meta property=\"article:modified_time\" content=\"2026-03-10T16:28:54+00:00\" \/>\n<meta property=\"og:image\" content=\"https:\/\/esportems.com.br\/site\/wp-content\/uploads\/2026\/03\/1-maicon.png\" \/>\n\t<meta property=\"og:image:width\" content=\"590\" \/>\n\t<meta property=\"og:image:height\" content=\"355\" \/>\n\t<meta property=\"og:image:type\" content=\"image\/png\" \/>\n<meta name=\"author\" content=\"Cl\u00e1udio Severo\" \/>\n<meta name=\"twitter:card\" content=\"summary_large_image\" \/>\n<meta name=\"twitter:creator\" content=\"@RadioEsporteMS\" \/>\n<meta name=\"twitter:site\" content=\"@RadioEsporteMS\" \/>\n<meta name=\"twitter:label1\" content=\"Escrito por\" \/>\n\t<meta name=\"twitter:data1\" content=\"Cl\u00e1udio Severo\" \/>\n\t<meta name=\"twitter:label2\" content=\"Est. tempo de leitura\" \/>\n\t<meta name=\"twitter:data2\" content=\"2 minutos\" \/>\n<script type=\"application\/ld+json\" class=\"yoast-schema-graph\">{\"@context\":\"https:\\\/\\\/schema.org\",\"@graph\":[{\"@type\":\"Article\",\"@id\":\"https:\\\/\\\/esportems.com.br\\\/site\\\/professor-maicon-mommad-volta-a-assumir-comando-da-funesp\\\/#article\",\"isPartOf\":{\"@id\":\"https:\\\/\\\/esportems.com.br\\\/site\\\/professor-maicon-mommad-volta-a-assumir-comando-da-funesp\\\/\"},\"author\":{\"name\":\"Cl\u00e1udio Severo\",\"@id\":\"https:\\\/\\\/esportems.com.br\\\/site\\\/#\\\/schema\\\/person\\\/f451b65748a8ce82d3ca25707a512dda\"},\"headline\":\"Professor Maicon Mommad volta a assumir comando da Funesp\",\"datePublished\":\"2026-03-09T23:53:35+00:00\",\"dateModified\":\"2026-03-10T16:28:54+00:00\",\"mainEntityOfPage\":{\"@id\":\"https:\\\/\\\/esportems.com.br\\\/site\\\/professor-maicon-mommad-volta-a-assumir-comando-da-funesp\\\/\"},\"wordCount\":265,\"commentCount\":0,\"publisher\":{\"@id\":\"https:\\\/\\\/esportems.com.br\\\/site\\\/#organization\"},\"image\":{\"@id\":\"https:\\\/\\\/esportems.com.br\\\/site\\\/professor-maicon-mommad-volta-a-assumir-comando-da-funesp\\\/#primaryimage\"},\"thumbnailUrl\":\"https:\\\/\\\/esportems.com.br\\\/site\\\/wp-content\\\/uploads\\\/2026\\\/03\\\/1-maicon.png\",\"articleSection\":[\"CONFIRMADO\",\"Featured\"],\"inLanguage\":\"pt-BR\",\"potentialAction\":[{\"@type\":\"CommentAction\",\"name\":\"Comment\",\"target\":[\"https:\\\/\\\/esportems.com.br\\\/site\\\/professor-maicon-mommad-volta-a-assumir-comando-da-funesp\\\/#respond\"]}]},{\"@type\":\"WebPage\",\"@id\":\"https:\\\/\\\/esportems.com.br\\\/site\\\/professor-maicon-mommad-volta-a-assumir-comando-da-funesp\\\/\",\"url\":\"https:\\\/\\\/esportems.com.br\\\/site\\\/professor-maicon-mommad-volta-a-assumir-comando-da-funesp\\\/\",\"name\":\"Professor Maicon Mommad volta a assumir comando da Funesp - EsporteMS\",\"isPartOf\":{\"@id\":\"https:\\\/\\\/esportems.com.br\\\/site\\\/#website\"},\"primaryImageOfPage\":{\"@id\":\"https:\\\/\\\/esportems.com.br\\\/site\\\/professor-maicon-mommad-volta-a-assumir-comando-da-funesp\\\/#primaryimage\"},\"image\":{\"@id\":\"https:\\\/\\\/esportems.com.br\\\/site\\\/professor-maicon-mommad-volta-a-assumir-comando-da-funesp\\\/#primaryimage\"},\"thumbnailUrl\":\"https:\\\/\\\/esportems.com.br\\\/site\\\/wp-content\\\/uploads\\\/2026\\\/03\\\/1-maicon.png\",\"datePublished\":\"2026-03-09T23:53:35+00:00\",\"dateModified\":\"2026-03-10T16:28:54+00:00\",\"breadcrumb\":{\"@id\":\"https:\\\/\\\/esportems.com.br\\\/site\\\/professor-maicon-mommad-volta-a-assumir-comando-da-funesp\\\/#breadcrumb\"},\"inLanguage\":\"pt-BR\",\"potentialAction\":[{\"@type\":\"ReadAction\",\"target\":[\"https:\\\/\\\/esportems.com.br\\\/site\\\/professor-maicon-mommad-volta-a-assumir-comando-da-funesp\\\/\"]}]},{\"@type\":\"ImageObject\",\"inLanguage\":\"pt-BR\",\"@id\":\"https:\\\/\\\/esportems.com.br\\\/site\\\/professor-maicon-mommad-volta-a-assumir-comando-da-funesp\\\/#primaryimage\",\"url\":\"https:\\\/\\\/esportems.com.br\\\/site\\\/wp-content\\\/uploads\\\/2026\\\/03\\\/1-maicon.png\",\"contentUrl\":\"https:\\\/\\\/esportems.com.br\\\/site\\\/wp-content\\\/uploads\\\/2026\\\/03\\\/1-maicon.png\",\"width\":590,\"height\":355},{\"@type\":\"BreadcrumbList\",\"@id\":\"https:\\\/\\\/esportems.com.br\\\/site\\\/professor-maicon-mommad-volta-a-assumir-comando-da-funesp\\\/#breadcrumb\",\"itemListElement\":[{\"@type\":\"ListItem\",\"position\":1,\"name\":\"In\u00edcio\",\"item\":\"https:\\\/\\\/esportems.com.br\\\/site\\\/\"},{\"@type\":\"ListItem\",\"position\":2,\"name\":\"Professor Maicon Mommad volta a assumir comando da Funesp\"}]},{\"@type\":\"WebSite\",\"@id\":\"https:\\\/\\\/esportems.com.br\\\/site\\\/#website\",\"url\":\"https:\\\/\\\/esportems.com.br\\\/site\\\/\",\"name\":\"EsporteMS\",\"description\":\"O melhor conte\u00fado de esporte de MS\",\"publisher\":{\"@id\":\"https:\\\/\\\/esportems.com.br\\\/site\\\/#organization\"},\"potentialAction\":[{\"@type\":\"SearchAction\",\"target\":{\"@type\":\"EntryPoint\",\"urlTemplate\":\"https:\\\/\\\/esportems.com.br\\\/site\\\/?s={search_term_string}\"},\"query-input\":{\"@type\":\"PropertyValueSpecification\",\"valueRequired\":true,\"valueName\":\"search_term_string\"}}],\"inLanguage\":\"pt-BR\"},{\"@type\":\"Organization\",\"@id\":\"https:\\\/\\\/esportems.com.br\\\/site\\\/#organization\",\"name\":\"EsporteMS\",\"url\":\"https:\\\/\\\/esportems.com.br\\\/site\\\/\",\"logo\":{\"@type\":\"ImageObject\",\"inLanguage\":\"pt-BR\",\"@id\":\"https:\\\/\\\/esportems.com.br\\\/site\\\/#\\\/schema\\\/logo\\\/image\\\/\",\"url\":\"https:\\\/\\\/esportems.com.br\\\/site\\\/wp-content\\\/uploads\\\/2022\\\/12\\\/logo_esportems_250px.png\",\"contentUrl\":\"https:\\\/\\\/esportems.com.br\\\/site\\\/wp-content\\\/uploads\\\/2022\\\/12\\\/logo_esportems_250px.png\",\"width\":250,\"height\":250,\"caption\":\"EsporteMS\"},\"image\":{\"@id\":\"https:\\\/\\\/esportems.com.br\\\/site\\\/#\\\/schema\\\/logo\\\/image\\\/\"},\"sameAs\":[\"https:\\\/\\\/www.facebook.com\\\/profile.php?id=100050621362784\",\"https:\\\/\\\/x.com\\\/RadioEsporteMS\",\"https:\\\/\\\/www.instagram.com\\\/esportems2\\\/\",\"https:\\\/\\\/wa.me\\\/5567999590868\",\"https:\\\/\\\/www.youtube.com\\\/esportems\\\/\"]},{\"@type\":\"Person\",\"@id\":\"https:\\\/\\\/esportems.com.br\\\/site\\\/#\\\/schema\\\/person\\\/f451b65748a8ce82d3ca25707a512dda\",\"name\":\"Cl\u00e1udio Severo\",\"image\":{\"@type\":\"ImageObject\",\"inLanguage\":\"pt-BR\",\"@id\":\"https:\\\/\\\/secure.gravatar.com\\\/avatar\\\/94bcbd47e500b15b38519f79158a57abc1fa84f37255ad4b4be197699e1ff784?s=96&d=mm&r=g\",\"url\":\"https:\\\/\\\/secure.gravatar.com\\\/avatar\\\/94bcbd47e500b15b38519f79158a57abc1fa84f37255ad4b4be197699e1ff784?s=96&d=mm&r=g\",\"contentUrl\":\"https:\\\/\\\/secure.gravatar.com\\\/avatar\\\/94bcbd47e500b15b38519f79158a57abc1fa84f37255ad4b4be197699e1ff784?s=96&d=mm&r=g\",\"caption\":\"Cl\u00e1udio Severo\"},\"url\":\"https:\\\/\\\/esportems.com.br\\\/site\\\/author\\\/severo\\\/\"}]}<\/script>\n<!-- \/ Yoast SEO plugin. -->","yoast_head_json":{"title":"Professor Maicon Mommad volta a assumir comando da Funesp - EsporteMS","robots":{"index":"index","follow":"follow","max-snippet":"max-snippet:-1","max-image-preview":"max-image-preview:large","max-video-preview":"max-video-preview:-1"},"canonical":"https:\/\/esportems.com.br\/site\/professor-maicon-mommad-volta-a-assumir-comando-da-funesp\/","og_locale":"pt_BR","og_type":"article","og_title":"Professor Maicon Mommad volta a assumir comando da Funesp - EsporteMS","og_description":"O Di\u00e1rio Oficial de Campo Grande publicou nesta segunda-feira (9) a nomea\u00e7\u00e3o de Maicon Luiz Mommad como novo diretor-presidente da Funda\u00e7\u00e3o Municipal de Esportes de Campo Grande (Funesp). Momad retorna ao comando da entidade ap\u00f3s j\u00e1 ter ocupado o cargo anteriormente. Na \u00faltima gest\u00e3o municipal, ele estava no per\u00edodo final de seu mandato \u00e0 frente [&hellip;]","og_url":"https:\/\/esportems.com.br\/site\/professor-maicon-mommad-volta-a-assumir-comando-da-funesp\/","og_site_name":"EsporteMS","article_publisher":"https:\/\/www.facebook.com\/profile.php?id=100050621362784","article_published_time":"2026-03-09T23:53:35+00:00","article_modified_time":"2026-03-10T16:28:54+00:00","og_image":[{"width":590,"height":355,"url":"https:\/\/esportems.com.br\/site\/wp-content\/uploads\/2026\/03\/1-maicon.png","type":"image\/png"}],"author":"Cl\u00e1udio Severo","twitter_card":"summary_large_image","twitter_creator":"@RadioEsporteMS","twitter_site":"@RadioEsporteMS","twitter_misc":{"Escrito por":"Cl\u00e1udio Severo","Est. tempo de leitura":"2 minutos"},"schema":{"@context":"https:\/\/schema.org","@graph":[{"@type":"Article","@id":"https:\/\/esportems.com.br\/site\/professor-maicon-mommad-volta-a-assumir-comando-da-funesp\/#article","isPartOf":{"@id":"https:\/\/esportems.com.br\/site\/professor-maicon-mommad-volta-a-assumir-comando-da-funesp\/"},"author":{"name":"Cl\u00e1udio Severo","@id":"https:\/\/esportems.com.br\/site\/#\/schema\/person\/f451b65748a8ce82d3ca25707a512dda"},"headline":"Professor Maicon Mommad volta a assumir comando da Funesp","datePublished":"2026-03-09T23:53:35+00:00","dateModified":"2026-03-10T16:28:54+00:00","mainEntityOfPage":{"@id":"https:\/\/esportems.com.br\/site\/professor-maicon-mommad-volta-a-assumir-comando-da-funesp\/"},"wordCount":265,"commentCount":0,"publisher":{"@id":"https:\/\/esportems.com.br\/site\/#organization"},"image":{"@id":"https:\/\/esportems.com.br\/site\/professor-maicon-mommad-volta-a-assumir-comando-da-funesp\/#primaryimage"},"thumbnailUrl":"https:\/\/esportems.com.br\/site\/wp-content\/uploads\/2026\/03\/1-maicon.png","articleSection":["CONFIRMADO","Featured"],"inLanguage":"pt-BR","potentialAction":[{"@type":"CommentAction","name":"Comment","target":["https:\/\/esportems.com.br\/site\/professor-maicon-mommad-volta-a-assumir-comando-da-funesp\/#respond"]}]},{"@type":"WebPage","@id":"https:\/\/esportems.com.br\/site\/professor-maicon-mommad-volta-a-assumir-comando-da-funesp\/","url":"https:\/\/esportems.com.br\/site\/professor-maicon-mommad-volta-a-assumir-comando-da-funesp\/","name":"Professor Maicon Mommad volta a assumir comando da Funesp - EsporteMS","isPartOf":{"@id":"https:\/\/esportems.com.br\/site\/#website"},"primaryImageOfPage":{"@id":"https:\/\/esportems.com.br\/site\/professor-maicon-mommad-volta-a-assumir-comando-da-funesp\/#primaryimage"},"image":{"@id":"https:\/\/esportems.com.br\/site\/professor-maicon-mommad-volta-a-assumir-comando-da-funesp\/#primaryimage"},"thumbnailUrl":"https:\/\/esportems.com.br\/site\/wp-content\/uploads\/2026\/03\/1-maicon.png","datePublished":"2026-03-09T23:53:35+00:00","dateModified":"2026-03-10T16:28:54+00:00","breadcrumb":{"@id":"https:\/\/esportems.com.br\/site\/professor-maicon-mommad-volta-a-assumir-comando-da-funesp\/#breadcrumb"},"inLanguage":"pt-BR","potentialAction":[{"@type":"ReadAction","target":["https:\/\/esportems.com.br\/site\/professor-maicon-mommad-volta-a-assumir-comando-da-funesp\/"]}]},{"@type":"ImageObject","inLanguage":"pt-BR","@id":"https:\/\/esportems.com.br\/site\/professor-maicon-mommad-volta-a-assumir-comando-da-funesp\/#primaryimage","url":"https:\/\/esportems.com.br\/site\/wp-content\/uploads\/2026\/03\/1-maicon.png","contentUrl":"https:\/\/esportems.com.br\/site\/wp-content\/uploads\/2026\/03\/1-maicon.png","width":590,"height":355},{"@type":"BreadcrumbList","@id":"https:\/\/esportems.com.br\/site\/professor-maicon-mommad-volta-a-assumir-comando-da-funesp\/#breadcrumb","itemListElement":[{"@type":"ListItem","position":1,"name":"In\u00edcio","item":"https:\/\/esportems.com.br\/site\/"},{"@type":"ListItem","position":2,"name":"Professor Maicon Mommad volta a assumir comando da Funesp"}]},{"@type":"WebSite","@id":"https:\/\/esportems.com.br\/site\/#website","url":"https:\/\/esportems.com.br\/site\/","name":"EsporteMS","description":"O melhor conte\u00fado de esporte de MS","publisher":{"@id":"https:\/\/esportems.com.br\/site\/#organization"},"potentialAction":[{"@type":"SearchAction","target":{"@type":"EntryPoint","urlTemplate":"https:\/\/esportems.com.br\/site\/?s={search_term_string}"},"query-input":{"@type":"PropertyValueSpecification","valueRequired":true,"valueName":"search_term_string"}}],"inLanguage":"pt-BR"},{"@type":"Organization","@id":"https:\/\/esportems.com.br\/site\/#organization","name":"EsporteMS","url":"https:\/\/esportems.com.br\/site\/","logo":{"@type":"ImageObject","inLanguage":"pt-BR","@id":"https:\/\/esportems.com.br\/site\/#\/schema\/logo\/image\/","url":"https:\/\/esportems.com.br\/site\/wp-content\/uploads\/2022\/12\/logo_esportems_250px.png","contentUrl":"https:\/\/esportems.com.br\/site\/wp-content\/uploads\/2022\/12\/logo_esportems_250px.png","width":250,"height":250,"caption":"EsporteMS"},"image":{"@id":"https:\/\/esportems.com.br\/site\/#\/schema\/logo\/image\/"},"sameAs":["https:\/\/www.facebook.com\/profile.php?id=100050621362784","https:\/\/x.com\/RadioEsporteMS","https:\/\/www.instagram.com\/esportems2\/","https:\/\/wa.me\/5567999590868","https:\/\/www.youtube.com\/esportems\/"]},{"@type":"Person","@id":"https:\/\/esportems.com.br\/site\/#\/schema\/person\/f451b65748a8ce82d3ca25707a512dda","name":"Cl\u00e1udio Severo","image":{"@type":"ImageObject","inLanguage":"pt-BR","@id":"https:\/\/secure.gravatar.com\/avatar\/94bcbd47e500b15b38519f79158a57abc1fa84f37255ad4b4be197699e1ff784?s=96&d=mm&r=g","url":"https:\/\/secure.gravatar.com\/avatar\/94bcbd47e500b15b38519f79158a57abc1fa84f37255ad4b4be197699e1ff784?s=96&d=mm&r=g","contentUrl":"https:\/\/secure.gravatar.com\/avatar\/94bcbd47e500b15b38519f79158a57abc1fa84f37255ad4b4be197699e1ff784?s=96&d=mm&r=g","caption":"Cl\u00e1udio Severo"},"url":"https:\/\/esportems.com.br\/site\/author\/severo\/"}]}},"amp_enabled":true,"_links":{"self":[{"href":"https:\/\/esportems.com.br\/site\/wp-json\/wp\/v2\/posts\/53362","targetHints":{"allow":["GET"]}}],"collection":[{"href":"https:\/\/esportems.com.br\/site\/wp-json\/wp\/v2\/posts"}],"about":[{"href":"https:\/\/esportems.com.br\/site\/wp-json\/wp\/v2\/types\/post"}],"author":[{"embeddable":true,"href":"https:\/\/esportems.com.br\/site\/wp-json\/wp\/v2\/users\/3"}],"replies":[{"embeddable":true,"href":"https:\/\/esportems.com.br\/site\/wp-json\/wp\/v2\/comments?post=53362"}],"version-history":[{"count":3,"href":"https:\/\/esportems.com.br\/site\/wp-json\/wp\/v2\/posts\/53362\/revisions"}],"predecessor-version":[{"id":53366,"href":"https:\/\/esportems.com.br\/site\/wp-json\/wp\/v2\/posts\/53362\/revisions\/53366"}],"wp:featuredmedia":[{"embeddable":true,"href":"https:\/\/esportems.com.br\/site\/wp-json\/wp\/v2\/media\/53363"}],"wp:attachment":[{"href":"https:\/\/esportems.com.br\/site\/wp-json\/wp\/v2\/media?parent=53362"}],"wp:term":[{"taxonomy":"category","embeddable":true,"href":"https:\/\/esportems.com.br\/site\/wp-json\/wp\/v2\/categories?post=53362"},{"taxonomy":"post_tag","embeddable":true,"href":"https:\/\/esportems.com.br\/site\/wp-json\/wp\/v2\/tags?post=53362"}],"curies":[{"name":"wp","href":"https:\/\/api.w.org\/{rel}","templated":true}]}}