{"id":53372,"date":"2026-03-10T11:23:03","date_gmt":"2026-03-10T15:23:03","guid":{"rendered":"https:\/\/esportems.com.br\/site\/?p=53372"},"modified":"2026-03-10T11:23:03","modified_gmt":"2026-03-10T15:23:03","slug":"concessao-do-morenao-avanca-e-assinatura-esta-prevista-ainda-para-marco","status":"publish","type":"post","link":"https:\/\/esportems.com.br\/site\/concessao-do-morenao-avanca-e-assinatura-esta-prevista-ainda-para-marco\/","title":{"rendered":"Concess\u00e3o do Moren\u00e3o avan\u00e7a e assinatura est\u00e1 prevista ainda para mar\u00e7o"},"content":{"rendered":"<p>Em meio a entraves judiciais, o contrato de concess\u00e3o do Est\u00e1dio Universit\u00e1rio Pedro Pedrossian, o Moren\u00e3o, foi conclu\u00eddo em parceria entre o Governo de Mato Grosso do Sul e a Universidade Federal de Mato Grosso do Sul (UFMS). A assinatura do documento deve ocorrer at\u00e9 o fim de mar\u00e7o.<\/p>\n<p>O an\u00fancio foi feito com exclusividade ao Grupo Hora na manh\u00e3 desta ter\u00e7a-feira (10), durante entrevista ao Jornal da Hora, pelo secret\u00e1rio de Estado de Turismo, Esporte e Cultura, Marcelo Miranda. Segundo ele, um plano de a\u00e7\u00e3o para a reabertura do est\u00e1dio j\u00e1 est\u00e1 em elabora\u00e7\u00e3o, a pedido do governador Eduardo Riedel, e deve ser entregue nesta sexta-feira (13).<\/p>\n<p>\u201cO governador quer iniciar esse processo de retomada a partir do momento em que tivermos acesso ao Moren\u00e3o, com alguma a\u00e7\u00e3o efetiva que atenda de imediato a expectativa dos clubes. Estamos trabalhando nisso h\u00e1 bastante tempo e, finalmente, apesar dos entraves, conseguimos avan\u00e7ar\u201d, afirmou.<\/p>\n<p>Sobre a possibilidade de transformar a gest\u00e3o do espa\u00e7o em uma Parceria P\u00fablico-Privada (PPP), o secret\u00e1rio explicou que a proposta ainda passa por estudos de viabilidade. Segundo ele, trata-se de um processo longo, mas que pode trazer resultados positivos para o esporte na Capital<\/p>\n<p>Com Hora Not\u00edcias<\/p>\n<p>&nbsp;<\/p>\n","protected":false},"excerpt":{"rendered":"<p>Em meio a entraves judiciais, o contrato de concess\u00e3o do Est\u00e1dio Universit\u00e1rio Pedro Pedrossian, o Moren\u00e3o, foi conclu\u00eddo em parceria entre o Governo de Mato Grosso do Sul e a Universidade Federal de Mato Grosso do Sul (UFMS). A assinatura do documento deve ocorrer at\u00e9 o fim de mar\u00e7o. O an\u00fancio foi feito com exclusividade [&hellip;]<\/p>\n","protected":false},"author":3,"featured_media":11840,"comment_status":"open","ping_status":"open","sticky":false,"template":"","format":"standard","meta":{"ngg_post_thumbnail":0,"tdm_status":"","tdm_grid_status":"","footnotes":""},"categories":[448,2],"tags":[],"class_list":{"0":"post-53372","1":"post","2":"type-post","3":"status-publish","4":"format-standard","5":"has-post-thumbnail","7":"category-atitude","8":"category-featured"},"yoast_head":"<!-- This site is optimized with the Yoast SEO plugin v27.5 - https:\/\/yoast.com\/product\/yoast-seo-wordpress\/ -->\n<title>Concess\u00e3o do Moren\u00e3o avan\u00e7a e assinatura est\u00e1 prevista ainda para mar\u00e7o - EsporteMS<\/title>\n<meta name=\"robots\" content=\"index, follow, max-snippet:-1, max-image-preview:large, max-video-preview:-1\" \/>\n<link rel=\"canonical\" href=\"https:\/\/esportems.com.br\/site\/concessao-do-morenao-avanca-e-assinatura-esta-prevista-ainda-para-marco\/\" \/>\n<meta property=\"og:locale\" content=\"pt_BR\" \/>\n<meta property=\"og:type\" content=\"article\" \/>\n<meta property=\"og:title\" content=\"Concess\u00e3o do Moren\u00e3o avan\u00e7a e assinatura est\u00e1 prevista ainda para mar\u00e7o - EsporteMS\" \/>\n<meta property=\"og:description\" content=\"Em meio a entraves judiciais, o contrato de concess\u00e3o do Est\u00e1dio Universit\u00e1rio Pedro Pedrossian, o Moren\u00e3o, foi conclu\u00eddo em parceria entre o Governo de Mato Grosso do Sul e a Universidade Federal de Mato Grosso do Sul (UFMS). A assinatura do documento deve ocorrer at\u00e9 o fim de mar\u00e7o. O an\u00fancio foi feito com exclusividade [&hellip;]\" \/>\n<meta property=\"og:url\" content=\"https:\/\/esportems.com.br\/site\/concessao-do-morenao-avanca-e-assinatura-esta-prevista-ainda-para-marco\/\" \/>\n<meta property=\"og:site_name\" content=\"EsporteMS\" \/>\n<meta property=\"article:publisher\" content=\"https:\/\/www.facebook.com\/profile.php?id=100050621362784\" \/>\n<meta property=\"article:published_time\" content=\"2026-03-10T15:23:03+00:00\" \/>\n<meta property=\"og:image\" content=\"https:\/\/esportems.com.br\/site\/wp-content\/uploads\/2019\/02\/1-marceloM.jpeg\" \/>\n\t<meta property=\"og:image:width\" content=\"1024\" \/>\n\t<meta property=\"og:image:height\" content=\"768\" \/>\n\t<meta property=\"og:image:type\" content=\"image\/jpeg\" \/>\n<meta name=\"author\" content=\"Cl\u00e1udio Severo\" \/>\n<meta name=\"twitter:card\" content=\"summary_large_image\" \/>\n<meta name=\"twitter:creator\" content=\"@RadioEsporteMS\" \/>\n<meta name=\"twitter:site\" content=\"@RadioEsporteMS\" \/>\n<meta name=\"twitter:label1\" content=\"Escrito por\" \/>\n\t<meta name=\"twitter:data1\" content=\"Cl\u00e1udio Severo\" \/>\n\t<meta name=\"twitter:label2\" content=\"Est. tempo de leitura\" \/>\n\t<meta name=\"twitter:data2\" content=\"2 minutos\" \/>\n<script type=\"application\/ld+json\" class=\"yoast-schema-graph\">{\"@context\":\"https:\\\/\\\/schema.org\",\"@graph\":[{\"@type\":\"Article\",\"@id\":\"https:\\\/\\\/esportems.com.br\\\/site\\\/concessao-do-morenao-avanca-e-assinatura-esta-prevista-ainda-para-marco\\\/#article\",\"isPartOf\":{\"@id\":\"https:\\\/\\\/esportems.com.br\\\/site\\\/concessao-do-morenao-avanca-e-assinatura-esta-prevista-ainda-para-marco\\\/\"},\"author\":{\"name\":\"Cl\u00e1udio Severo\",\"@id\":\"https:\\\/\\\/esportems.com.br\\\/site\\\/#\\\/schema\\\/person\\\/f451b65748a8ce82d3ca25707a512dda\"},\"headline\":\"Concess\u00e3o do Moren\u00e3o avan\u00e7a e assinatura est\u00e1 prevista ainda para mar\u00e7o\",\"datePublished\":\"2026-03-10T15:23:03+00:00\",\"mainEntityOfPage\":{\"@id\":\"https:\\\/\\\/esportems.com.br\\\/site\\\/concessao-do-morenao-avanca-e-assinatura-esta-prevista-ainda-para-marco\\\/\"},\"wordCount\":233,\"commentCount\":0,\"publisher\":{\"@id\":\"https:\\\/\\\/esportems.com.br\\\/site\\\/#organization\"},\"image\":{\"@id\":\"https:\\\/\\\/esportems.com.br\\\/site\\\/concessao-do-morenao-avanca-e-assinatura-esta-prevista-ainda-para-marco\\\/#primaryimage\"},\"thumbnailUrl\":\"https:\\\/\\\/esportems.com.br\\\/site\\\/wp-content\\\/uploads\\\/2019\\\/02\\\/1-marceloM.jpeg\",\"articleSection\":[\"ATITUDE\",\"Featured\"],\"inLanguage\":\"pt-BR\",\"potentialAction\":[{\"@type\":\"CommentAction\",\"name\":\"Comment\",\"target\":[\"https:\\\/\\\/esportems.com.br\\\/site\\\/concessao-do-morenao-avanca-e-assinatura-esta-prevista-ainda-para-marco\\\/#respond\"]}]},{\"@type\":\"WebPage\",\"@id\":\"https:\\\/\\\/esportems.com.br\\\/site\\\/concessao-do-morenao-avanca-e-assinatura-esta-prevista-ainda-para-marco\\\/\",\"url\":\"https:\\\/\\\/esportems.com.br\\\/site\\\/concessao-do-morenao-avanca-e-assinatura-esta-prevista-ainda-para-marco\\\/\",\"name\":\"Concess\u00e3o do Moren\u00e3o avan\u00e7a e assinatura est\u00e1 prevista ainda para mar\u00e7o - EsporteMS\",\"isPartOf\":{\"@id\":\"https:\\\/\\\/esportems.com.br\\\/site\\\/#website\"},\"primaryImageOfPage\":{\"@id\":\"https:\\\/\\\/esportems.com.br\\\/site\\\/concessao-do-morenao-avanca-e-assinatura-esta-prevista-ainda-para-marco\\\/#primaryimage\"},\"image\":{\"@id\":\"https:\\\/\\\/esportems.com.br\\\/site\\\/concessao-do-morenao-avanca-e-assinatura-esta-prevista-ainda-para-marco\\\/#primaryimage\"},\"thumbnailUrl\":\"https:\\\/\\\/esportems.com.br\\\/site\\\/wp-content\\\/uploads\\\/2019\\\/02\\\/1-marceloM.jpeg\",\"datePublished\":\"2026-03-10T15:23:03+00:00\",\"breadcrumb\":{\"@id\":\"https:\\\/\\\/esportems.com.br\\\/site\\\/concessao-do-morenao-avanca-e-assinatura-esta-prevista-ainda-para-marco\\\/#breadcrumb\"},\"inLanguage\":\"pt-BR\",\"potentialAction\":[{\"@type\":\"ReadAction\",\"target\":[\"https:\\\/\\\/esportems.com.br\\\/site\\\/concessao-do-morenao-avanca-e-assinatura-esta-prevista-ainda-para-marco\\\/\"]}]},{\"@type\":\"ImageObject\",\"inLanguage\":\"pt-BR\",\"@id\":\"https:\\\/\\\/esportems.com.br\\\/site\\\/concessao-do-morenao-avanca-e-assinatura-esta-prevista-ainda-para-marco\\\/#primaryimage\",\"url\":\"https:\\\/\\\/esportems.com.br\\\/site\\\/wp-content\\\/uploads\\\/2019\\\/02\\\/1-marceloM.jpeg\",\"contentUrl\":\"https:\\\/\\\/esportems.com.br\\\/site\\\/wp-content\\\/uploads\\\/2019\\\/02\\\/1-marceloM.jpeg\",\"width\":1024,\"height\":768,\"caption\":\"Diretor presidente durante entrevista na R\u00e1dio Hora (foto-Hora)\"},{\"@type\":\"BreadcrumbList\",\"@id\":\"https:\\\/\\\/esportems.com.br\\\/site\\\/concessao-do-morenao-avanca-e-assinatura-esta-prevista-ainda-para-marco\\\/#breadcrumb\",\"itemListElement\":[{\"@type\":\"ListItem\",\"position\":1,\"name\":\"In\u00edcio\",\"item\":\"https:\\\/\\\/esportems.com.br\\\/site\\\/\"},{\"@type\":\"ListItem\",\"position\":2,\"name\":\"Concess\u00e3o do Moren\u00e3o avan\u00e7a e assinatura est\u00e1 prevista ainda para mar\u00e7o\"}]},{\"@type\":\"WebSite\",\"@id\":\"https:\\\/\\\/esportems.com.br\\\/site\\\/#website\",\"url\":\"https:\\\/\\\/esportems.com.br\\\/site\\\/\",\"name\":\"EsporteMS\",\"description\":\"O melhor conte\u00fado de esporte de MS\",\"publisher\":{\"@id\":\"https:\\\/\\\/esportems.com.br\\\/site\\\/#organization\"},\"potentialAction\":[{\"@type\":\"SearchAction\",\"target\":{\"@type\":\"EntryPoint\",\"urlTemplate\":\"https:\\\/\\\/esportems.com.br\\\/site\\\/?s={search_term_string}\"},\"query-input\":{\"@type\":\"PropertyValueSpecification\",\"valueRequired\":true,\"valueName\":\"search_term_string\"}}],\"inLanguage\":\"pt-BR\"},{\"@type\":\"Organization\",\"@id\":\"https:\\\/\\\/esportems.com.br\\\/site\\\/#organization\",\"name\":\"EsporteMS\",\"url\":\"https:\\\/\\\/esportems.com.br\\\/site\\\/\",\"logo\":{\"@type\":\"ImageObject\",\"inLanguage\":\"pt-BR\",\"@id\":\"https:\\\/\\\/esportems.com.br\\\/site\\\/#\\\/schema\\\/logo\\\/image\\\/\",\"url\":\"https:\\\/\\\/esportems.com.br\\\/site\\\/wp-content\\\/uploads\\\/2022\\\/12\\\/logo_esportems_250px.png\",\"contentUrl\":\"https:\\\/\\\/esportems.com.br\\\/site\\\/wp-content\\\/uploads\\\/2022\\\/12\\\/logo_esportems_250px.png\",\"width\":250,\"height\":250,\"caption\":\"EsporteMS\"},\"image\":{\"@id\":\"https:\\\/\\\/esportems.com.br\\\/site\\\/#\\\/schema\\\/logo\\\/image\\\/\"},\"sameAs\":[\"https:\\\/\\\/www.facebook.com\\\/profile.php?id=100050621362784\",\"https:\\\/\\\/x.com\\\/RadioEsporteMS\",\"https:\\\/\\\/www.instagram.com\\\/esportems2\\\/\",\"https:\\\/\\\/wa.me\\\/5567999590868\",\"https:\\\/\\\/www.youtube.com\\\/esportems\\\/\"]},{\"@type\":\"Person\",\"@id\":\"https:\\\/\\\/esportems.com.br\\\/site\\\/#\\\/schema\\\/person\\\/f451b65748a8ce82d3ca25707a512dda\",\"name\":\"Cl\u00e1udio Severo\",\"image\":{\"@type\":\"ImageObject\",\"inLanguage\":\"pt-BR\",\"@id\":\"https:\\\/\\\/secure.gravatar.com\\\/avatar\\\/94bcbd47e500b15b38519f79158a57abc1fa84f37255ad4b4be197699e1ff784?s=96&d=mm&r=g\",\"url\":\"https:\\\/\\\/secure.gravatar.com\\\/avatar\\\/94bcbd47e500b15b38519f79158a57abc1fa84f37255ad4b4be197699e1ff784?s=96&d=mm&r=g\",\"contentUrl\":\"https:\\\/\\\/secure.gravatar.com\\\/avatar\\\/94bcbd47e500b15b38519f79158a57abc1fa84f37255ad4b4be197699e1ff784?s=96&d=mm&r=g\",\"caption\":\"Cl\u00e1udio Severo\"},\"url\":\"https:\\\/\\\/esportems.com.br\\\/site\\\/author\\\/severo\\\/\"}]}<\/script>\n<!-- \/ Yoast SEO plugin. -->","yoast_head_json":{"title":"Concess\u00e3o do Moren\u00e3o avan\u00e7a e assinatura est\u00e1 prevista ainda para mar\u00e7o - EsporteMS","robots":{"index":"index","follow":"follow","max-snippet":"max-snippet:-1","max-image-preview":"max-image-preview:large","max-video-preview":"max-video-preview:-1"},"canonical":"https:\/\/esportems.com.br\/site\/concessao-do-morenao-avanca-e-assinatura-esta-prevista-ainda-para-marco\/","og_locale":"pt_BR","og_type":"article","og_title":"Concess\u00e3o do Moren\u00e3o avan\u00e7a e assinatura est\u00e1 prevista ainda para mar\u00e7o - EsporteMS","og_description":"Em meio a entraves judiciais, o contrato de concess\u00e3o do Est\u00e1dio Universit\u00e1rio Pedro Pedrossian, o Moren\u00e3o, foi conclu\u00eddo em parceria entre o Governo de Mato Grosso do Sul e a Universidade Federal de Mato Grosso do Sul (UFMS). A assinatura do documento deve ocorrer at\u00e9 o fim de mar\u00e7o. O an\u00fancio foi feito com exclusividade [&hellip;]","og_url":"https:\/\/esportems.com.br\/site\/concessao-do-morenao-avanca-e-assinatura-esta-prevista-ainda-para-marco\/","og_site_name":"EsporteMS","article_publisher":"https:\/\/www.facebook.com\/profile.php?id=100050621362784","article_published_time":"2026-03-10T15:23:03+00:00","og_image":[{"width":1024,"height":768,"url":"https:\/\/esportems.com.br\/site\/wp-content\/uploads\/2019\/02\/1-marceloM.jpeg","type":"image\/jpeg"}],"author":"Cl\u00e1udio Severo","twitter_card":"summary_large_image","twitter_creator":"@RadioEsporteMS","twitter_site":"@RadioEsporteMS","twitter_misc":{"Escrito por":"Cl\u00e1udio Severo","Est. tempo de leitura":"2 minutos"},"schema":{"@context":"https:\/\/schema.org","@graph":[{"@type":"Article","@id":"https:\/\/esportems.com.br\/site\/concessao-do-morenao-avanca-e-assinatura-esta-prevista-ainda-para-marco\/#article","isPartOf":{"@id":"https:\/\/esportems.com.br\/site\/concessao-do-morenao-avanca-e-assinatura-esta-prevista-ainda-para-marco\/"},"author":{"name":"Cl\u00e1udio Severo","@id":"https:\/\/esportems.com.br\/site\/#\/schema\/person\/f451b65748a8ce82d3ca25707a512dda"},"headline":"Concess\u00e3o do Moren\u00e3o avan\u00e7a e assinatura est\u00e1 prevista ainda para mar\u00e7o","datePublished":"2026-03-10T15:23:03+00:00","mainEntityOfPage":{"@id":"https:\/\/esportems.com.br\/site\/concessao-do-morenao-avanca-e-assinatura-esta-prevista-ainda-para-marco\/"},"wordCount":233,"commentCount":0,"publisher":{"@id":"https:\/\/esportems.com.br\/site\/#organization"},"image":{"@id":"https:\/\/esportems.com.br\/site\/concessao-do-morenao-avanca-e-assinatura-esta-prevista-ainda-para-marco\/#primaryimage"},"thumbnailUrl":"https:\/\/esportems.com.br\/site\/wp-content\/uploads\/2019\/02\/1-marceloM.jpeg","articleSection":["ATITUDE","Featured"],"inLanguage":"pt-BR","potentialAction":[{"@type":"CommentAction","name":"Comment","target":["https:\/\/esportems.com.br\/site\/concessao-do-morenao-avanca-e-assinatura-esta-prevista-ainda-para-marco\/#respond"]}]},{"@type":"WebPage","@id":"https:\/\/esportems.com.br\/site\/concessao-do-morenao-avanca-e-assinatura-esta-prevista-ainda-para-marco\/","url":"https:\/\/esportems.com.br\/site\/concessao-do-morenao-avanca-e-assinatura-esta-prevista-ainda-para-marco\/","name":"Concess\u00e3o do Moren\u00e3o avan\u00e7a e assinatura est\u00e1 prevista ainda para mar\u00e7o - EsporteMS","isPartOf":{"@id":"https:\/\/esportems.com.br\/site\/#website"},"primaryImageOfPage":{"@id":"https:\/\/esportems.com.br\/site\/concessao-do-morenao-avanca-e-assinatura-esta-prevista-ainda-para-marco\/#primaryimage"},"image":{"@id":"https:\/\/esportems.com.br\/site\/concessao-do-morenao-avanca-e-assinatura-esta-prevista-ainda-para-marco\/#primaryimage"},"thumbnailUrl":"https:\/\/esportems.com.br\/site\/wp-content\/uploads\/2019\/02\/1-marceloM.jpeg","datePublished":"2026-03-10T15:23:03+00:00","breadcrumb":{"@id":"https:\/\/esportems.com.br\/site\/concessao-do-morenao-avanca-e-assinatura-esta-prevista-ainda-para-marco\/#breadcrumb"},"inLanguage":"pt-BR","potentialAction":[{"@type":"ReadAction","target":["https:\/\/esportems.com.br\/site\/concessao-do-morenao-avanca-e-assinatura-esta-prevista-ainda-para-marco\/"]}]},{"@type":"ImageObject","inLanguage":"pt-BR","@id":"https:\/\/esportems.com.br\/site\/concessao-do-morenao-avanca-e-assinatura-esta-prevista-ainda-para-marco\/#primaryimage","url":"https:\/\/esportems.com.br\/site\/wp-content\/uploads\/2019\/02\/1-marceloM.jpeg","contentUrl":"https:\/\/esportems.com.br\/site\/wp-content\/uploads\/2019\/02\/1-marceloM.jpeg","width":1024,"height":768,"caption":"Diretor presidente durante entrevista na R\u00e1dio Hora (foto-Hora)"},{"@type":"BreadcrumbList","@id":"https:\/\/esportems.com.br\/site\/concessao-do-morenao-avanca-e-assinatura-esta-prevista-ainda-para-marco\/#breadcrumb","itemListElement":[{"@type":"ListItem","position":1,"name":"In\u00edcio","item":"https:\/\/esportems.com.br\/site\/"},{"@type":"ListItem","position":2,"name":"Concess\u00e3o do Moren\u00e3o avan\u00e7a e assinatura est\u00e1 prevista ainda para mar\u00e7o"}]},{"@type":"WebSite","@id":"https:\/\/esportems.com.br\/site\/#website","url":"https:\/\/esportems.com.br\/site\/","name":"EsporteMS","description":"O melhor conte\u00fado de esporte de MS","publisher":{"@id":"https:\/\/esportems.com.br\/site\/#organization"},"potentialAction":[{"@type":"SearchAction","target":{"@type":"EntryPoint","urlTemplate":"https:\/\/esportems.com.br\/site\/?s={search_term_string}"},"query-input":{"@type":"PropertyValueSpecification","valueRequired":true,"valueName":"search_term_string"}}],"inLanguage":"pt-BR"},{"@type":"Organization","@id":"https:\/\/esportems.com.br\/site\/#organization","name":"EsporteMS","url":"https:\/\/esportems.com.br\/site\/","logo":{"@type":"ImageObject","inLanguage":"pt-BR","@id":"https:\/\/esportems.com.br\/site\/#\/schema\/logo\/image\/","url":"https:\/\/esportems.com.br\/site\/wp-content\/uploads\/2022\/12\/logo_esportems_250px.png","contentUrl":"https:\/\/esportems.com.br\/site\/wp-content\/uploads\/2022\/12\/logo_esportems_250px.png","width":250,"height":250,"caption":"EsporteMS"},"image":{"@id":"https:\/\/esportems.com.br\/site\/#\/schema\/logo\/image\/"},"sameAs":["https:\/\/www.facebook.com\/profile.php?id=100050621362784","https:\/\/x.com\/RadioEsporteMS","https:\/\/www.instagram.com\/esportems2\/","https:\/\/wa.me\/5567999590868","https:\/\/www.youtube.com\/esportems\/"]},{"@type":"Person","@id":"https:\/\/esportems.com.br\/site\/#\/schema\/person\/f451b65748a8ce82d3ca25707a512dda","name":"Cl\u00e1udio Severo","image":{"@type":"ImageObject","inLanguage":"pt-BR","@id":"https:\/\/secure.gravatar.com\/avatar\/94bcbd47e500b15b38519f79158a57abc1fa84f37255ad4b4be197699e1ff784?s=96&d=mm&r=g","url":"https:\/\/secure.gravatar.com\/avatar\/94bcbd47e500b15b38519f79158a57abc1fa84f37255ad4b4be197699e1ff784?s=96&d=mm&r=g","contentUrl":"https:\/\/secure.gravatar.com\/avatar\/94bcbd47e500b15b38519f79158a57abc1fa84f37255ad4b4be197699e1ff784?s=96&d=mm&r=g","caption":"Cl\u00e1udio Severo"},"url":"https:\/\/esportems.com.br\/site\/author\/severo\/"}]}},"amp_enabled":true,"_links":{"self":[{"href":"https:\/\/esportems.com.br\/site\/wp-json\/wp\/v2\/posts\/53372","targetHints":{"allow":["GET"]}}],"collection":[{"href":"https:\/\/esportems.com.br\/site\/wp-json\/wp\/v2\/posts"}],"about":[{"href":"https:\/\/esportems.com.br\/site\/wp-json\/wp\/v2\/types\/post"}],"author":[{"embeddable":true,"href":"https:\/\/esportems.com.br\/site\/wp-json\/wp\/v2\/users\/3"}],"replies":[{"embeddable":true,"href":"https:\/\/esportems.com.br\/site\/wp-json\/wp\/v2\/comments?post=53372"}],"version-history":[{"count":1,"href":"https:\/\/esportems.com.br\/site\/wp-json\/wp\/v2\/posts\/53372\/revisions"}],"predecessor-version":[{"id":53373,"href":"https:\/\/esportems.com.br\/site\/wp-json\/wp\/v2\/posts\/53372\/revisions\/53373"}],"wp:featuredmedia":[{"embeddable":true,"href":"https:\/\/esportems.com.br\/site\/wp-json\/wp\/v2\/media\/11840"}],"wp:attachment":[{"href":"https:\/\/esportems.com.br\/site\/wp-json\/wp\/v2\/media?parent=53372"}],"wp:term":[{"taxonomy":"category","embeddable":true,"href":"https:\/\/esportems.com.br\/site\/wp-json\/wp\/v2\/categories?post=53372"},{"taxonomy":"post_tag","embeddable":true,"href":"https:\/\/esportems.com.br\/site\/wp-json\/wp\/v2\/tags?post=53372"}],"curies":[{"name":"wp","href":"https:\/\/api.w.org\/{rel}","templated":true}]}}