{"id":53392,"date":"2026-03-11T15:11:37","date_gmt":"2026-03-11T19:11:37","guid":{"rendered":"https:\/\/esportems.com.br\/site\/?p=53392"},"modified":"2026-03-11T15:11:37","modified_gmt":"2026-03-11T19:11:37","slug":"com-chapa-unica-liga-de-tres-lagoas-voltara-ser-atuante-na-cidade","status":"publish","type":"post","link":"https:\/\/esportems.com.br\/site\/com-chapa-unica-liga-de-tres-lagoas-voltara-ser-atuante-na-cidade\/","title":{"rendered":"Com chapa \u00fanica, Liga de Tr\u00eas Lagoas voltar\u00e1 ser atuante na cidade"},"content":{"rendered":"<div class=\"x14z9mp xat24cr x1lziwak x1vvkbs xtlvy1s x126k92a\">\n<div dir=\"auto\">A Liga Treslagoense de Desportos, fundada em 1943 e reconhecida como pilar do esporte amador no Leste Sul-Mato-Grossense, vive um momento hist\u00f3rico. No dia 14 de mar\u00e7o de 2026, a entidade realizar\u00e1 sua Assembleia Geral de Natureza Eleitoral na tradicional Galeria de Trof\u00e9us do Orat\u00f3rio. O encontro eleger\u00e1 a&nbsp;sua Diretoria Executiva e o Conselho Fiscal para o quadri\u00eanio 2025\u20132029, consolidando um processo de reativa\u00e7\u00e3o institucional iniciado em 2017 e que devolver\u00e1 \u00e0 Liga sua seguran\u00e7a jur\u00eddica e administrativa. Trata-se de um marco que simboliza n\u00e3o apenas a continuidade de uma trajet\u00f3ria de mais de oito d\u00e9cadas, mas tamb\u00e9m a abertura de novos tempos para o esporte comunit\u00e1rio e de base em Tr\u00eas Lagoas.<\/p>\n<\/div>\n<\/div>\n<div class=\"x14z9mp xat24cr x1lziwak x1vvkbs xtlvy1s x126k92a\">\n<div dir=\"auto\">A Chapa \u00danica denominada NOVOS RUMOS inscrita para este pleito \u00e9 liderada por Jo\u00e3o Jesus Garcia Torres, que assume a presid\u00eancia da Liga. Ao seu lado, cinco vice-presidentes refor\u00e7am a pluralidade de vozes e experi\u00eancias: Lorival Januario Pereira, Orlando Silvestre Filho, Elson de Souza Junior, Jerson da Silva Souza e F\u00e9lix Elias Neto. O Conselho Fiscal foi composto por Edi Carlo Silva, Wagner Mariano Garcia e Edilson Ferreira da Silva, com supl\u00eancia de M\u00e1rcio Rog\u00e9rio dos Santos, Lucas de Freitas Pereira e Olair Jacinto de Oliveira. Essa estrutura administrativa foi pensada para garantir estabilidade e efici\u00eancia na condu\u00e7\u00e3o das atividades, fortalecendo a governan\u00e7a e ampliando a transpar\u00eancia.<\/p>\n<\/div>\n<\/div>\n<div class=\"x14z9mp xat24cr x1lziwak x1vvkbs xtlvy1s x126k92a\">\n<div dir=\"auto\">O Edital de Convoca\u00e7\u00e3o, subscrito por clubes ativos e com registros cartor\u00e1rios ativos, como a Associa\u00e7\u00e3o Atl\u00e9tica Acajutel\/JG, Associa\u00e7\u00e3o Amigos dos Atletas e Tr\u00eas Lagoas Sport Club, estabeleceu regras claras para participa\u00e7\u00e3o. As inscri\u00e7\u00f5es foram at\u00e9 o dia 21 de fevereiro e teve o Registro de uma Chapa \u00danica (<span class=\"html-span xdj266r x14z9mp xat24cr x1lziwak xexx8yu xyri2b x18d9i69 x1c1uobl x1hl2dhg x16tdsg8 x1vvkbs\"><a class=\"x1i10hfl xjbqb8w x1ejq31n x18oe1m7 x1sy0etr xstzfhl x972fbf x10w94by x1qhh985 x14e42zd x9f619 x1ypdohk xt0psk2 x3ct3a4 xdj266r x14z9mp xat24cr x1lziwak xexx8yu xyri2b x18d9i69 x1c1uobl x16tdsg8 x1hl2dhg xggy1nq x1a2a7pz xkrqix3 x1sur9pj x1fey0fg x1s688f\" tabindex=\"0\" role=\"link\" href=\"https:\/\/www.facebook.com\/hashtag\/novosrumos?__eep__=6&amp;__cft__[0]=AZYMDjV0HJqAyVmM5nOgLQ2qxcQK4_oldqPY1rNpstod5lkm6u4R4H8r73qgZHo8e7iuiC7EyhylYNLYc8t1IXOtTV7RxbnBwlfCsUxkGVa1rlIWRV_MDP7riyq1b7jN0O0&amp;__tn__=*NK-R\">#NovosRumos<\/a><\/span>), e as agremia\u00e7\u00f5es filiadas tiveram at\u00e9 6 de mar\u00e7o para regularizarem suas documenta\u00e7\u00f5es e assegurarem o direito ao Voto. Esse rigor no processo eleitoral refor\u00e7a o compromisso da <span class=\"html-span xdj266r x14z9mp xat24cr x1lziwak xexx8yu xyri2b x18d9i69 x1c1uobl x1hl2dhg x16tdsg8 x1vvkbs\"><a class=\"x1i10hfl xjbqb8w x1ejq31n x18oe1m7 x1sy0etr xstzfhl x972fbf x10w94by x1qhh985 x14e42zd x9f619 x1ypdohk xt0psk2 x3ct3a4 xdj266r x14z9mp xat24cr x1lziwak xexx8yu xyri2b x18d9i69 x1c1uobl x16tdsg8 x1hl2dhg xggy1nq x1a2a7pz xkrqix3 x1sur9pj x1fey0fg x1s688f\" tabindex=\"0\" role=\"link\" href=\"https:\/\/www.facebook.com\/hashtag\/ltd1943?__eep__=6&amp;__cft__[0]=AZYMDjV0HJqAyVmM5nOgLQ2qxcQK4_oldqPY1rNpstod5lkm6u4R4H8r73qgZHo8e7iuiC7EyhylYNLYc8t1IXOtTV7RxbnBwlfCsUxkGVa1rlIWRV_MDP7riyq1b7jN0O0&amp;__tn__=*NK-R\">#LTD1943<\/a><\/span> com a legitimidade e a representatividade, pilares fundamentais para uma gest\u00e3o moderna e respons\u00e1vel.<\/p>\n<\/div>\n<\/div>\n<div class=\"x14z9mp xat24cr x1lziwak x1vvkbs xtlvy1s x126k92a\">\n<div dir=\"auto\">Entre os principais objetivos da nova Diretoria est\u00e1 a moderniza\u00e7\u00e3o da governan\u00e7a e o fortalecimento do futebol de base e comunit\u00e1rio. A <span class=\"html-span xdj266r x14z9mp xat24cr x1lziwak xexx8yu xyri2b x18d9i69 x1c1uobl x1hl2dhg x16tdsg8 x1vvkbs\"><a class=\"x1i10hfl xjbqb8w x1ejq31n x18oe1m7 x1sy0etr xstzfhl x972fbf x10w94by x1qhh985 x14e42zd x9f619 x1ypdohk xt0psk2 x3ct3a4 xdj266r x14z9mp xat24cr x1lziwak xexx8yu xyri2b x18d9i69 x1c1uobl x16tdsg8 x1hl2dhg xggy1nq x1a2a7pz xkrqix3 x1sur9pj x1fey0fg x1s688f\" tabindex=\"0\" role=\"link\" href=\"https:\/\/www.facebook.com\/hashtag\/ltd1943?__eep__=6&amp;__cft__[0]=AZYMDjV0HJqAyVmM5nOgLQ2qxcQK4_oldqPY1rNpstod5lkm6u4R4H8r73qgZHo8e7iuiC7EyhylYNLYc8t1IXOtTV7RxbnBwlfCsUxkGVa1rlIWRV_MDP7riyq1b7jN0O0&amp;__tn__=*NK-R\">#LTD1943<\/a><\/span> pretende coordenar o calend\u00e1rio esportivo municipal (<span class=\"html-span xdj266r x14z9mp xat24cr x1lziwak xexx8yu xyri2b x18d9i69 x1c1uobl x1hl2dhg x16tdsg8 x1vvkbs\"><a class=\"x1i10hfl xjbqb8w x1ejq31n x18oe1m7 x1sy0etr xstzfhl x972fbf x10w94by x1qhh985 x14e42zd x9f619 x1ypdohk xt0psk2 x3ct3a4 xdj266r x14z9mp xat24cr x1lziwak xexx8yu xyri2b x18d9i69 x1c1uobl x16tdsg8 x1hl2dhg xggy1nq x1a2a7pz xkrqix3 x1sur9pj x1fey0fg x1s688f\" tabindex=\"0\" role=\"link\" href=\"https:\/\/www.facebook.com\/hashtag\/calend%C3%A1rioltd?__eep__=6&amp;__cft__[0]=AZYMDjV0HJqAyVmM5nOgLQ2qxcQK4_oldqPY1rNpstod5lkm6u4R4H8r73qgZHo8e7iuiC7EyhylYNLYc8t1IXOtTV7RxbnBwlfCsUxkGVa1rlIWRV_MDP7riyq1b7jN0O0&amp;__tn__=*NK-R\">#Calend\u00e1rioLTD<\/a><\/span>), ampliando parcerias e conv\u00eanios j\u00e1 reconhecidos por leis municipais. A proposta \u00e9 unir tradi\u00e7\u00e3o e inova\u00e7\u00e3o, garantindo que o esporte amador de Tr\u00eas Lagoas tenha a estabilidade necess\u00e1ria para crescer e se consolidar como espa\u00e7o de forma\u00e7\u00e3o de talentos e de integra\u00e7\u00e3o social. A Liga reafirma, assim, sua voca\u00e7\u00e3o de elo vital entre a paix\u00e3o popular pelo futebol e uma organiza\u00e7\u00e3o exemplar. A <span class=\"html-span xdj266r x14z9mp xat24cr x1lziwak xexx8yu xyri2b x18d9i69 x1c1uobl x1hl2dhg x16tdsg8 x1vvkbs\"><a class=\"x1i10hfl xjbqb8w x1ejq31n x18oe1m7 x1sy0etr xstzfhl x972fbf x10w94by x1qhh985 x14e42zd x9f619 x1ypdohk xt0psk2 x3ct3a4 xdj266r x14z9mp xat24cr x1lziwak xexx8yu xyri2b x18d9i69 x1c1uobl x16tdsg8 x1hl2dhg xggy1nq x1a2a7pz xkrqix3 x1sur9pj x1fey0fg x1s688f\" tabindex=\"0\" role=\"link\" href=\"https:\/\/www.facebook.com\/hashtag\/utam3lagoas?__eep__=6&amp;__cft__[0]=AZYMDjV0HJqAyVmM5nOgLQ2qxcQK4_oldqPY1rNpstod5lkm6u4R4H8r73qgZHo8e7iuiC7EyhylYNLYc8t1IXOtTV7RxbnBwlfCsUxkGVa1rlIWRV_MDP7riyq1b7jN0O0&amp;__tn__=*NK-R\">#UTAM3Lagoas<\/a><\/span> j\u00e1 \u00e9 uma Entidade Comunit\u00e1ria j\u00e1 articulada para Firmar uma Parceria e desenvolverem Projetos na \u00e1rea desportivas em geral.<\/p>\n<p>Com assessoria&nbsp;<\/p><\/div>\n<\/div>\n","protected":false},"excerpt":{"rendered":"<p>A Liga Treslagoense de Desportos, fundada em 1943 e reconhecida como pilar do esporte amador no Leste Sul-Mato-Grossense, vive um momento hist\u00f3rico. No dia 14 de mar\u00e7o de 2026, a entidade realizar\u00e1 sua Assembleia Geral de Natureza Eleitoral na tradicional Galeria de Trof\u00e9us do Orat\u00f3rio. O encontro eleger\u00e1 a&nbsp;sua Diretoria Executiva e o Conselho Fiscal [&hellip;]<\/p>\n","protected":false},"author":3,"featured_media":24653,"comment_status":"open","ping_status":"open","sticky":false,"template":"","format":"standard","meta":{"ngg_post_thumbnail":0,"tdm_status":"","tdm_grid_status":"","footnotes":""},"categories":[438,2],"tags":[],"class_list":{"0":"post-53392","1":"post","2":"type-post","3":"status-publish","4":"format-standard","5":"has-post-thumbnail","7":"category-eleicoes","8":"category-featured"},"yoast_head":"<!-- This site is optimized with the Yoast SEO plugin v27.5 - https:\/\/yoast.com\/product\/yoast-seo-wordpress\/ -->\n<title>Com chapa \u00fanica, Liga de Tr\u00eas Lagoas voltar\u00e1 ser atuante na cidade - EsporteMS<\/title>\n<meta name=\"robots\" content=\"index, follow, max-snippet:-1, max-image-preview:large, max-video-preview:-1\" \/>\n<link rel=\"canonical\" href=\"https:\/\/esportems.com.br\/site\/com-chapa-unica-liga-de-tres-lagoas-voltara-ser-atuante-na-cidade\/\" \/>\n<meta property=\"og:locale\" content=\"pt_BR\" \/>\n<meta property=\"og:type\" content=\"article\" \/>\n<meta property=\"og:title\" content=\"Com chapa \u00fanica, Liga de Tr\u00eas Lagoas voltar\u00e1 ser atuante na cidade - EsporteMS\" \/>\n<meta property=\"og:description\" content=\"A Liga Treslagoense de Desportos, fundada em 1943 e reconhecida como pilar do esporte amador no Leste Sul-Mato-Grossense, vive um momento hist\u00f3rico. No dia 14 de mar\u00e7o de 2026, a entidade realizar\u00e1 sua Assembleia Geral de Natureza Eleitoral na tradicional Galeria de Trof\u00e9us do Orat\u00f3rio. O encontro eleger\u00e1 a&nbsp;sua Diretoria Executiva e o Conselho Fiscal [&hellip;]\" \/>\n<meta property=\"og:url\" content=\"https:\/\/esportems.com.br\/site\/com-chapa-unica-liga-de-tres-lagoas-voltara-ser-atuante-na-cidade\/\" \/>\n<meta property=\"og:site_name\" content=\"EsporteMS\" \/>\n<meta property=\"article:publisher\" content=\"https:\/\/www.facebook.com\/profile.php?id=100050621362784\" \/>\n<meta property=\"article:published_time\" content=\"2026-03-11T19:11:37+00:00\" \/>\n<meta property=\"og:image\" content=\"https:\/\/esportems.com.br\/site\/wp-content\/uploads\/2021\/03\/1-tres-lagoas-treino.jpg\" \/>\n\t<meta property=\"og:image:width\" content=\"600\" \/>\n\t<meta property=\"og:image:height\" content=\"400\" \/>\n\t<meta property=\"og:image:type\" content=\"image\/jpeg\" \/>\n<meta name=\"author\" content=\"Cl\u00e1udio Severo\" \/>\n<meta name=\"twitter:card\" content=\"summary_large_image\" \/>\n<meta name=\"twitter:creator\" content=\"@RadioEsporteMS\" \/>\n<meta name=\"twitter:site\" content=\"@RadioEsporteMS\" \/>\n<meta name=\"twitter:label1\" content=\"Escrito por\" \/>\n\t<meta name=\"twitter:data1\" content=\"Cl\u00e1udio Severo\" \/>\n\t<meta name=\"twitter:label2\" content=\"Est. tempo de leitura\" \/>\n\t<meta name=\"twitter:data2\" content=\"3 minutos\" \/>\n<script type=\"application\/ld+json\" class=\"yoast-schema-graph\">{\"@context\":\"https:\\\/\\\/schema.org\",\"@graph\":[{\"@type\":\"Article\",\"@id\":\"https:\\\/\\\/esportems.com.br\\\/site\\\/com-chapa-unica-liga-de-tres-lagoas-voltara-ser-atuante-na-cidade\\\/#article\",\"isPartOf\":{\"@id\":\"https:\\\/\\\/esportems.com.br\\\/site\\\/com-chapa-unica-liga-de-tres-lagoas-voltara-ser-atuante-na-cidade\\\/\"},\"author\":{\"name\":\"Cl\u00e1udio Severo\",\"@id\":\"https:\\\/\\\/esportems.com.br\\\/site\\\/#\\\/schema\\\/person\\\/f451b65748a8ce82d3ca25707a512dda\"},\"headline\":\"Com chapa \u00fanica, Liga de Tr\u00eas Lagoas voltar\u00e1 ser atuante na cidade\",\"datePublished\":\"2026-03-11T19:11:37+00:00\",\"mainEntityOfPage\":{\"@id\":\"https:\\\/\\\/esportems.com.br\\\/site\\\/com-chapa-unica-liga-de-tres-lagoas-voltara-ser-atuante-na-cidade\\\/\"},\"wordCount\":492,\"commentCount\":0,\"publisher\":{\"@id\":\"https:\\\/\\\/esportems.com.br\\\/site\\\/#organization\"},\"image\":{\"@id\":\"https:\\\/\\\/esportems.com.br\\\/site\\\/com-chapa-unica-liga-de-tres-lagoas-voltara-ser-atuante-na-cidade\\\/#primaryimage\"},\"thumbnailUrl\":\"https:\\\/\\\/esportems.com.br\\\/site\\\/wp-content\\\/uploads\\\/2021\\\/03\\\/1-tres-lagoas-treino.jpg\",\"articleSection\":[\"ELEI\u00c7\u00d5ES\",\"Featured\"],\"inLanguage\":\"pt-BR\",\"potentialAction\":[{\"@type\":\"CommentAction\",\"name\":\"Comment\",\"target\":[\"https:\\\/\\\/esportems.com.br\\\/site\\\/com-chapa-unica-liga-de-tres-lagoas-voltara-ser-atuante-na-cidade\\\/#respond\"]}]},{\"@type\":\"WebPage\",\"@id\":\"https:\\\/\\\/esportems.com.br\\\/site\\\/com-chapa-unica-liga-de-tres-lagoas-voltara-ser-atuante-na-cidade\\\/\",\"url\":\"https:\\\/\\\/esportems.com.br\\\/site\\\/com-chapa-unica-liga-de-tres-lagoas-voltara-ser-atuante-na-cidade\\\/\",\"name\":\"Com chapa \u00fanica, Liga de Tr\u00eas Lagoas voltar\u00e1 ser atuante na cidade - EsporteMS\",\"isPartOf\":{\"@id\":\"https:\\\/\\\/esportems.com.br\\\/site\\\/#website\"},\"primaryImageOfPage\":{\"@id\":\"https:\\\/\\\/esportems.com.br\\\/site\\\/com-chapa-unica-liga-de-tres-lagoas-voltara-ser-atuante-na-cidade\\\/#primaryimage\"},\"image\":{\"@id\":\"https:\\\/\\\/esportems.com.br\\\/site\\\/com-chapa-unica-liga-de-tres-lagoas-voltara-ser-atuante-na-cidade\\\/#primaryimage\"},\"thumbnailUrl\":\"https:\\\/\\\/esportems.com.br\\\/site\\\/wp-content\\\/uploads\\\/2021\\\/03\\\/1-tres-lagoas-treino.jpg\",\"datePublished\":\"2026-03-11T19:11:37+00:00\",\"breadcrumb\":{\"@id\":\"https:\\\/\\\/esportems.com.br\\\/site\\\/com-chapa-unica-liga-de-tres-lagoas-voltara-ser-atuante-na-cidade\\\/#breadcrumb\"},\"inLanguage\":\"pt-BR\",\"potentialAction\":[{\"@type\":\"ReadAction\",\"target\":[\"https:\\\/\\\/esportems.com.br\\\/site\\\/com-chapa-unica-liga-de-tres-lagoas-voltara-ser-atuante-na-cidade\\\/\"]}]},{\"@type\":\"ImageObject\",\"inLanguage\":\"pt-BR\",\"@id\":\"https:\\\/\\\/esportems.com.br\\\/site\\\/com-chapa-unica-liga-de-tres-lagoas-voltara-ser-atuante-na-cidade\\\/#primaryimage\",\"url\":\"https:\\\/\\\/esportems.com.br\\\/site\\\/wp-content\\\/uploads\\\/2021\\\/03\\\/1-tres-lagoas-treino.jpg\",\"contentUrl\":\"https:\\\/\\\/esportems.com.br\\\/site\\\/wp-content\\\/uploads\\\/2021\\\/03\\\/1-tres-lagoas-treino.jpg\",\"width\":600,\"height\":400},{\"@type\":\"BreadcrumbList\",\"@id\":\"https:\\\/\\\/esportems.com.br\\\/site\\\/com-chapa-unica-liga-de-tres-lagoas-voltara-ser-atuante-na-cidade\\\/#breadcrumb\",\"itemListElement\":[{\"@type\":\"ListItem\",\"position\":1,\"name\":\"In\u00edcio\",\"item\":\"https:\\\/\\\/esportems.com.br\\\/site\\\/\"},{\"@type\":\"ListItem\",\"position\":2,\"name\":\"Com chapa \u00fanica, Liga de Tr\u00eas Lagoas voltar\u00e1 ser atuante na cidade\"}]},{\"@type\":\"WebSite\",\"@id\":\"https:\\\/\\\/esportems.com.br\\\/site\\\/#website\",\"url\":\"https:\\\/\\\/esportems.com.br\\\/site\\\/\",\"name\":\"EsporteMS\",\"description\":\"O melhor conte\u00fado de esporte de MS\",\"publisher\":{\"@id\":\"https:\\\/\\\/esportems.com.br\\\/site\\\/#organization\"},\"potentialAction\":[{\"@type\":\"SearchAction\",\"target\":{\"@type\":\"EntryPoint\",\"urlTemplate\":\"https:\\\/\\\/esportems.com.br\\\/site\\\/?s={search_term_string}\"},\"query-input\":{\"@type\":\"PropertyValueSpecification\",\"valueRequired\":true,\"valueName\":\"search_term_string\"}}],\"inLanguage\":\"pt-BR\"},{\"@type\":\"Organization\",\"@id\":\"https:\\\/\\\/esportems.com.br\\\/site\\\/#organization\",\"name\":\"EsporteMS\",\"url\":\"https:\\\/\\\/esportems.com.br\\\/site\\\/\",\"logo\":{\"@type\":\"ImageObject\",\"inLanguage\":\"pt-BR\",\"@id\":\"https:\\\/\\\/esportems.com.br\\\/site\\\/#\\\/schema\\\/logo\\\/image\\\/\",\"url\":\"https:\\\/\\\/esportems.com.br\\\/site\\\/wp-content\\\/uploads\\\/2022\\\/12\\\/logo_esportems_250px.png\",\"contentUrl\":\"https:\\\/\\\/esportems.com.br\\\/site\\\/wp-content\\\/uploads\\\/2022\\\/12\\\/logo_esportems_250px.png\",\"width\":250,\"height\":250,\"caption\":\"EsporteMS\"},\"image\":{\"@id\":\"https:\\\/\\\/esportems.com.br\\\/site\\\/#\\\/schema\\\/logo\\\/image\\\/\"},\"sameAs\":[\"https:\\\/\\\/www.facebook.com\\\/profile.php?id=100050621362784\",\"https:\\\/\\\/x.com\\\/RadioEsporteMS\",\"https:\\\/\\\/www.instagram.com\\\/esportems2\\\/\",\"https:\\\/\\\/wa.me\\\/5567999590868\",\"https:\\\/\\\/www.youtube.com\\\/esportems\\\/\"]},{\"@type\":\"Person\",\"@id\":\"https:\\\/\\\/esportems.com.br\\\/site\\\/#\\\/schema\\\/person\\\/f451b65748a8ce82d3ca25707a512dda\",\"name\":\"Cl\u00e1udio Severo\",\"image\":{\"@type\":\"ImageObject\",\"inLanguage\":\"pt-BR\",\"@id\":\"https:\\\/\\\/secure.gravatar.com\\\/avatar\\\/94bcbd47e500b15b38519f79158a57abc1fa84f37255ad4b4be197699e1ff784?s=96&d=mm&r=g\",\"url\":\"https:\\\/\\\/secure.gravatar.com\\\/avatar\\\/94bcbd47e500b15b38519f79158a57abc1fa84f37255ad4b4be197699e1ff784?s=96&d=mm&r=g\",\"contentUrl\":\"https:\\\/\\\/secure.gravatar.com\\\/avatar\\\/94bcbd47e500b15b38519f79158a57abc1fa84f37255ad4b4be197699e1ff784?s=96&d=mm&r=g\",\"caption\":\"Cl\u00e1udio Severo\"},\"url\":\"https:\\\/\\\/esportems.com.br\\\/site\\\/author\\\/severo\\\/\"}]}<\/script>\n<!-- \/ Yoast SEO plugin. -->","yoast_head_json":{"title":"Com chapa \u00fanica, Liga de Tr\u00eas Lagoas voltar\u00e1 ser atuante na cidade - EsporteMS","robots":{"index":"index","follow":"follow","max-snippet":"max-snippet:-1","max-image-preview":"max-image-preview:large","max-video-preview":"max-video-preview:-1"},"canonical":"https:\/\/esportems.com.br\/site\/com-chapa-unica-liga-de-tres-lagoas-voltara-ser-atuante-na-cidade\/","og_locale":"pt_BR","og_type":"article","og_title":"Com chapa \u00fanica, Liga de Tr\u00eas Lagoas voltar\u00e1 ser atuante na cidade - EsporteMS","og_description":"A Liga Treslagoense de Desportos, fundada em 1943 e reconhecida como pilar do esporte amador no Leste Sul-Mato-Grossense, vive um momento hist\u00f3rico. No dia 14 de mar\u00e7o de 2026, a entidade realizar\u00e1 sua Assembleia Geral de Natureza Eleitoral na tradicional Galeria de Trof\u00e9us do Orat\u00f3rio. O encontro eleger\u00e1 a&nbsp;sua Diretoria Executiva e o Conselho Fiscal [&hellip;]","og_url":"https:\/\/esportems.com.br\/site\/com-chapa-unica-liga-de-tres-lagoas-voltara-ser-atuante-na-cidade\/","og_site_name":"EsporteMS","article_publisher":"https:\/\/www.facebook.com\/profile.php?id=100050621362784","article_published_time":"2026-03-11T19:11:37+00:00","og_image":[{"width":600,"height":400,"url":"https:\/\/esportems.com.br\/site\/wp-content\/uploads\/2021\/03\/1-tres-lagoas-treino.jpg","type":"image\/jpeg"}],"author":"Cl\u00e1udio Severo","twitter_card":"summary_large_image","twitter_creator":"@RadioEsporteMS","twitter_site":"@RadioEsporteMS","twitter_misc":{"Escrito por":"Cl\u00e1udio Severo","Est. tempo de leitura":"3 minutos"},"schema":{"@context":"https:\/\/schema.org","@graph":[{"@type":"Article","@id":"https:\/\/esportems.com.br\/site\/com-chapa-unica-liga-de-tres-lagoas-voltara-ser-atuante-na-cidade\/#article","isPartOf":{"@id":"https:\/\/esportems.com.br\/site\/com-chapa-unica-liga-de-tres-lagoas-voltara-ser-atuante-na-cidade\/"},"author":{"name":"Cl\u00e1udio Severo","@id":"https:\/\/esportems.com.br\/site\/#\/schema\/person\/f451b65748a8ce82d3ca25707a512dda"},"headline":"Com chapa \u00fanica, Liga de Tr\u00eas Lagoas voltar\u00e1 ser atuante na cidade","datePublished":"2026-03-11T19:11:37+00:00","mainEntityOfPage":{"@id":"https:\/\/esportems.com.br\/site\/com-chapa-unica-liga-de-tres-lagoas-voltara-ser-atuante-na-cidade\/"},"wordCount":492,"commentCount":0,"publisher":{"@id":"https:\/\/esportems.com.br\/site\/#organization"},"image":{"@id":"https:\/\/esportems.com.br\/site\/com-chapa-unica-liga-de-tres-lagoas-voltara-ser-atuante-na-cidade\/#primaryimage"},"thumbnailUrl":"https:\/\/esportems.com.br\/site\/wp-content\/uploads\/2021\/03\/1-tres-lagoas-treino.jpg","articleSection":["ELEI\u00c7\u00d5ES","Featured"],"inLanguage":"pt-BR","potentialAction":[{"@type":"CommentAction","name":"Comment","target":["https:\/\/esportems.com.br\/site\/com-chapa-unica-liga-de-tres-lagoas-voltara-ser-atuante-na-cidade\/#respond"]}]},{"@type":"WebPage","@id":"https:\/\/esportems.com.br\/site\/com-chapa-unica-liga-de-tres-lagoas-voltara-ser-atuante-na-cidade\/","url":"https:\/\/esportems.com.br\/site\/com-chapa-unica-liga-de-tres-lagoas-voltara-ser-atuante-na-cidade\/","name":"Com chapa \u00fanica, Liga de Tr\u00eas Lagoas voltar\u00e1 ser atuante na cidade - EsporteMS","isPartOf":{"@id":"https:\/\/esportems.com.br\/site\/#website"},"primaryImageOfPage":{"@id":"https:\/\/esportems.com.br\/site\/com-chapa-unica-liga-de-tres-lagoas-voltara-ser-atuante-na-cidade\/#primaryimage"},"image":{"@id":"https:\/\/esportems.com.br\/site\/com-chapa-unica-liga-de-tres-lagoas-voltara-ser-atuante-na-cidade\/#primaryimage"},"thumbnailUrl":"https:\/\/esportems.com.br\/site\/wp-content\/uploads\/2021\/03\/1-tres-lagoas-treino.jpg","datePublished":"2026-03-11T19:11:37+00:00","breadcrumb":{"@id":"https:\/\/esportems.com.br\/site\/com-chapa-unica-liga-de-tres-lagoas-voltara-ser-atuante-na-cidade\/#breadcrumb"},"inLanguage":"pt-BR","potentialAction":[{"@type":"ReadAction","target":["https:\/\/esportems.com.br\/site\/com-chapa-unica-liga-de-tres-lagoas-voltara-ser-atuante-na-cidade\/"]}]},{"@type":"ImageObject","inLanguage":"pt-BR","@id":"https:\/\/esportems.com.br\/site\/com-chapa-unica-liga-de-tres-lagoas-voltara-ser-atuante-na-cidade\/#primaryimage","url":"https:\/\/esportems.com.br\/site\/wp-content\/uploads\/2021\/03\/1-tres-lagoas-treino.jpg","contentUrl":"https:\/\/esportems.com.br\/site\/wp-content\/uploads\/2021\/03\/1-tres-lagoas-treino.jpg","width":600,"height":400},{"@type":"BreadcrumbList","@id":"https:\/\/esportems.com.br\/site\/com-chapa-unica-liga-de-tres-lagoas-voltara-ser-atuante-na-cidade\/#breadcrumb","itemListElement":[{"@type":"ListItem","position":1,"name":"In\u00edcio","item":"https:\/\/esportems.com.br\/site\/"},{"@type":"ListItem","position":2,"name":"Com chapa \u00fanica, Liga de Tr\u00eas Lagoas voltar\u00e1 ser atuante na cidade"}]},{"@type":"WebSite","@id":"https:\/\/esportems.com.br\/site\/#website","url":"https:\/\/esportems.com.br\/site\/","name":"EsporteMS","description":"O melhor conte\u00fado de esporte de MS","publisher":{"@id":"https:\/\/esportems.com.br\/site\/#organization"},"potentialAction":[{"@type":"SearchAction","target":{"@type":"EntryPoint","urlTemplate":"https:\/\/esportems.com.br\/site\/?s={search_term_string}"},"query-input":{"@type":"PropertyValueSpecification","valueRequired":true,"valueName":"search_term_string"}}],"inLanguage":"pt-BR"},{"@type":"Organization","@id":"https:\/\/esportems.com.br\/site\/#organization","name":"EsporteMS","url":"https:\/\/esportems.com.br\/site\/","logo":{"@type":"ImageObject","inLanguage":"pt-BR","@id":"https:\/\/esportems.com.br\/site\/#\/schema\/logo\/image\/","url":"https:\/\/esportems.com.br\/site\/wp-content\/uploads\/2022\/12\/logo_esportems_250px.png","contentUrl":"https:\/\/esportems.com.br\/site\/wp-content\/uploads\/2022\/12\/logo_esportems_250px.png","width":250,"height":250,"caption":"EsporteMS"},"image":{"@id":"https:\/\/esportems.com.br\/site\/#\/schema\/logo\/image\/"},"sameAs":["https:\/\/www.facebook.com\/profile.php?id=100050621362784","https:\/\/x.com\/RadioEsporteMS","https:\/\/www.instagram.com\/esportems2\/","https:\/\/wa.me\/5567999590868","https:\/\/www.youtube.com\/esportems\/"]},{"@type":"Person","@id":"https:\/\/esportems.com.br\/site\/#\/schema\/person\/f451b65748a8ce82d3ca25707a512dda","name":"Cl\u00e1udio Severo","image":{"@type":"ImageObject","inLanguage":"pt-BR","@id":"https:\/\/secure.gravatar.com\/avatar\/94bcbd47e500b15b38519f79158a57abc1fa84f37255ad4b4be197699e1ff784?s=96&d=mm&r=g","url":"https:\/\/secure.gravatar.com\/avatar\/94bcbd47e500b15b38519f79158a57abc1fa84f37255ad4b4be197699e1ff784?s=96&d=mm&r=g","contentUrl":"https:\/\/secure.gravatar.com\/avatar\/94bcbd47e500b15b38519f79158a57abc1fa84f37255ad4b4be197699e1ff784?s=96&d=mm&r=g","caption":"Cl\u00e1udio Severo"},"url":"https:\/\/esportems.com.br\/site\/author\/severo\/"}]}},"amp_enabled":true,"_links":{"self":[{"href":"https:\/\/esportems.com.br\/site\/wp-json\/wp\/v2\/posts\/53392","targetHints":{"allow":["GET"]}}],"collection":[{"href":"https:\/\/esportems.com.br\/site\/wp-json\/wp\/v2\/posts"}],"about":[{"href":"https:\/\/esportems.com.br\/site\/wp-json\/wp\/v2\/types\/post"}],"author":[{"embeddable":true,"href":"https:\/\/esportems.com.br\/site\/wp-json\/wp\/v2\/users\/3"}],"replies":[{"embeddable":true,"href":"https:\/\/esportems.com.br\/site\/wp-json\/wp\/v2\/comments?post=53392"}],"version-history":[{"count":1,"href":"https:\/\/esportems.com.br\/site\/wp-json\/wp\/v2\/posts\/53392\/revisions"}],"predecessor-version":[{"id":53393,"href":"https:\/\/esportems.com.br\/site\/wp-json\/wp\/v2\/posts\/53392\/revisions\/53393"}],"wp:featuredmedia":[{"embeddable":true,"href":"https:\/\/esportems.com.br\/site\/wp-json\/wp\/v2\/media\/24653"}],"wp:attachment":[{"href":"https:\/\/esportems.com.br\/site\/wp-json\/wp\/v2\/media?parent=53392"}],"wp:term":[{"taxonomy":"category","embeddable":true,"href":"https:\/\/esportems.com.br\/site\/wp-json\/wp\/v2\/categories?post=53392"},{"taxonomy":"post_tag","embeddable":true,"href":"https:\/\/esportems.com.br\/site\/wp-json\/wp\/v2\/tags?post=53392"}],"curies":[{"name":"wp","href":"https:\/\/api.w.org\/{rel}","templated":true}]}}