{"id":53403,"date":"2026-03-12T10:18:07","date_gmt":"2026-03-12T14:18:07","guid":{"rendered":"https:\/\/esportems.com.br\/site\/?p=53403"},"modified":"2026-03-12T10:18:49","modified_gmt":"2026-03-12T14:18:49","slug":"inscricoes-abertas-para-4a-corrida-do-urucum-em-corumba","status":"publish","type":"post","link":"https:\/\/esportems.com.br\/site\/inscricoes-abertas-para-4a-corrida-do-urucum-em-corumba\/","title":{"rendered":"Inscri\u00e7\u00f5es abertas para 4\u00aa Corrida do Urucum em Corumb\u00e1"},"content":{"rendered":"<p>A Escola Municipal Rural de Educa\u00e7\u00e3o Integral (EMREI) Carlos C\u00e1rcano e Extens\u00e3o, est\u00e1 com inscri\u00e7\u00f5es abertas para a<span style=\"color: #ff0000;\"><strong> 4\u00aa Corrida do Urucum.<\/strong><\/span> O evento esportivo acontece no dia 11 de abril, no assentamento Urucum, localizado \u00e0s margens da BR-262.<\/p>\n<p data-start=\"555\" data-end=\"871\">A iniciativa re\u00fane estudantes, moradores da regi\u00e3o, atletas e praticantes da modalidade, fortalecendo a cultura do esporte na \u00e1rea rural do munic\u00edpio. A corrida tamb\u00e9m busca estimular h\u00e1bitos de vida saud\u00e1veis entre crian\u00e7as, jovens e adultos, al\u00e9m de aproximar a comunidade das atividades desenvolvidas pela escola.<\/p>\n<p data-start=\"873\" data-end=\"1205\">A programa\u00e7\u00e3o come\u00e7a \u00e0s 7h30, com a largada da prova destinada \u00e0s crian\u00e7as de 8 a 14 anos, com percurso de 1 quil\u00f4metro. Em seguida, \u00e0s 8 horas, ser\u00e1 dada a largada das provas principais, nas modalidades 5 km e 10 km, al\u00e9m da caminhada e corrida de 1 km, abertas a participantes de diferentes faixas et\u00e1rias.<\/p>\n<p data-start=\"1207\" data-end=\"1585\">As&nbsp;<a href=\"https:\/\/docs.google.com\/forms\/d\/e\/1FAIpQLSejZKngK3GUn_NPGnMTNYdsSN7D6TviIhh3fJT8zbCMr1zrXg\/viewform?pli=1\"><b>inscri\u00e7\u00f5es&nbsp;seguem at\u00e9 7 de abril<\/b><\/a>, no hor\u00e1rio das 8h \u00e0s 16h. A taxa de inscri\u00e7\u00e3o \u00e9 de R$ 60, e os recursos arrecadados ser\u00e3o destinados \u00e0 manuten\u00e7\u00e3o da escola, realiza\u00e7\u00e3o de reparos e aquisi\u00e7\u00e3o de materiais pedag\u00f3gicos e esportivos, que contribuem para o fortalecimento das atividades educacionais desenvolvidas na unidade.<\/p>\n<p data-start=\"1587\" data-end=\"1969\">De car\u00e1ter socioeducativo, a Corrida do Urucum busca valorizar a popula\u00e7\u00e3o da zona rural e incentivar a participa\u00e7\u00e3o da comunidade escolar e dos moradores dos assentamentos da regi\u00e3o, como Urucum, Maria Coelho, S\u00e3o Domingos e S\u00e3o Gabriel. A expectativa \u00e9 reunir estudantes, fam\u00edlias, atletas amadores e praticantes da corrida de rua em um momento de integra\u00e7\u00e3o, sa\u00fade e conviv\u00eancia.<\/p>\n<p data-start=\"1971\" data-end=\"2306\">A estrutura do evento contar\u00e1 com p\u00f3rtico de largada, sistema de som, hidrata\u00e7\u00e3o para os participantes, medalhas e trof\u00e9us, al\u00e9m de equipe de apoio e atendimento de sa\u00fade. A realiza\u00e7\u00e3o tamb\u00e9m conta com apoio de setores da Prefeitura de Corumb\u00e1 e de \u00f3rg\u00e3os respons\u00e1veis pela organiza\u00e7\u00e3o do tr\u00e2nsito, seguran\u00e7a e atendimento emergencial.<\/p>\n<p>Com assessoria&nbsp;<\/p>\n","protected":false},"excerpt":{"rendered":"<p>A Escola Municipal Rural de Educa\u00e7\u00e3o Integral (EMREI) Carlos C\u00e1rcano e Extens\u00e3o, est\u00e1 com inscri\u00e7\u00f5es abertas para a 4\u00aa Corrida do Urucum. O evento esportivo acontece no dia 11 de abril, no assentamento Urucum, localizado \u00e0s margens da BR-262. A iniciativa re\u00fane estudantes, moradores da regi\u00e3o, atletas e praticantes da modalidade, fortalecendo a cultura do [&hellip;]<\/p>\n","protected":false},"author":3,"featured_media":53404,"comment_status":"open","ping_status":"open","sticky":false,"template":"","format":"standard","meta":{"ngg_post_thumbnail":0,"tdm_status":"","tdm_grid_status":"","footnotes":""},"categories":[411,2],"tags":[],"class_list":{"0":"post-53403","1":"post","2":"type-post","3":"status-publish","4":"format-standard","5":"has-post-thumbnail","7":"category-corrida","8":"category-featured"},"yoast_head":"<!-- This site is optimized with the Yoast SEO plugin v27.5 - https:\/\/yoast.com\/product\/yoast-seo-wordpress\/ -->\n<title>Inscri\u00e7\u00f5es abertas para 4\u00aa Corrida do Urucum em Corumb\u00e1 - EsporteMS<\/title>\n<meta name=\"robots\" content=\"index, follow, max-snippet:-1, max-image-preview:large, max-video-preview:-1\" \/>\n<link rel=\"canonical\" href=\"https:\/\/esportems.com.br\/site\/inscricoes-abertas-para-4a-corrida-do-urucum-em-corumba\/\" \/>\n<meta property=\"og:locale\" content=\"pt_BR\" \/>\n<meta property=\"og:type\" content=\"article\" \/>\n<meta property=\"og:title\" content=\"Inscri\u00e7\u00f5es abertas para 4\u00aa Corrida do Urucum em Corumb\u00e1 - EsporteMS\" \/>\n<meta property=\"og:description\" content=\"A Escola Municipal Rural de Educa\u00e7\u00e3o Integral (EMREI) Carlos C\u00e1rcano e Extens\u00e3o, est\u00e1 com inscri\u00e7\u00f5es abertas para a 4\u00aa Corrida do Urucum. O evento esportivo acontece no dia 11 de abril, no assentamento Urucum, localizado \u00e0s margens da BR-262. A iniciativa re\u00fane estudantes, moradores da regi\u00e3o, atletas e praticantes da modalidade, fortalecendo a cultura do [&hellip;]\" \/>\n<meta property=\"og:url\" content=\"https:\/\/esportems.com.br\/site\/inscricoes-abertas-para-4a-corrida-do-urucum-em-corumba\/\" \/>\n<meta property=\"og:site_name\" content=\"EsporteMS\" \/>\n<meta property=\"article:publisher\" content=\"https:\/\/www.facebook.com\/profile.php?id=100050621362784\" \/>\n<meta property=\"article:published_time\" content=\"2026-03-12T14:18:07+00:00\" \/>\n<meta property=\"article:modified_time\" content=\"2026-03-12T14:18:49+00:00\" \/>\n<meta property=\"og:image\" content=\"https:\/\/esportems.com.br\/site\/wp-content\/uploads\/2026\/03\/1-corrida-1.png\" \/>\n\t<meta property=\"og:image:width\" content=\"766\" \/>\n\t<meta property=\"og:image:height\" content=\"522\" \/>\n\t<meta property=\"og:image:type\" content=\"image\/png\" \/>\n<meta name=\"author\" content=\"Cl\u00e1udio Severo\" \/>\n<meta name=\"twitter:card\" content=\"summary_large_image\" \/>\n<meta name=\"twitter:creator\" content=\"@RadioEsporteMS\" \/>\n<meta name=\"twitter:site\" content=\"@RadioEsporteMS\" \/>\n<meta name=\"twitter:label1\" content=\"Escrito por\" \/>\n\t<meta name=\"twitter:data1\" content=\"Cl\u00e1udio Severo\" \/>\n\t<meta name=\"twitter:label2\" content=\"Est. tempo de leitura\" \/>\n\t<meta name=\"twitter:data2\" content=\"2 minutos\" \/>\n<script type=\"application\/ld+json\" class=\"yoast-schema-graph\">{\"@context\":\"https:\\\/\\\/schema.org\",\"@graph\":[{\"@type\":\"Article\",\"@id\":\"https:\\\/\\\/esportems.com.br\\\/site\\\/inscricoes-abertas-para-4a-corrida-do-urucum-em-corumba\\\/#article\",\"isPartOf\":{\"@id\":\"https:\\\/\\\/esportems.com.br\\\/site\\\/inscricoes-abertas-para-4a-corrida-do-urucum-em-corumba\\\/\"},\"author\":{\"name\":\"Cl\u00e1udio Severo\",\"@id\":\"https:\\\/\\\/esportems.com.br\\\/site\\\/#\\\/schema\\\/person\\\/f451b65748a8ce82d3ca25707a512dda\"},\"headline\":\"Inscri\u00e7\u00f5es abertas para 4\u00aa Corrida do Urucum em Corumb\u00e1\",\"datePublished\":\"2026-03-12T14:18:07+00:00\",\"dateModified\":\"2026-03-12T14:18:49+00:00\",\"mainEntityOfPage\":{\"@id\":\"https:\\\/\\\/esportems.com.br\\\/site\\\/inscricoes-abertas-para-4a-corrida-do-urucum-em-corumba\\\/\"},\"wordCount\":353,\"commentCount\":0,\"publisher\":{\"@id\":\"https:\\\/\\\/esportems.com.br\\\/site\\\/#organization\"},\"image\":{\"@id\":\"https:\\\/\\\/esportems.com.br\\\/site\\\/inscricoes-abertas-para-4a-corrida-do-urucum-em-corumba\\\/#primaryimage\"},\"thumbnailUrl\":\"https:\\\/\\\/esportems.com.br\\\/site\\\/wp-content\\\/uploads\\\/2026\\\/03\\\/1-corrida-1.png\",\"articleSection\":[\"CORRIDA\",\"Featured\"],\"inLanguage\":\"pt-BR\",\"potentialAction\":[{\"@type\":\"CommentAction\",\"name\":\"Comment\",\"target\":[\"https:\\\/\\\/esportems.com.br\\\/site\\\/inscricoes-abertas-para-4a-corrida-do-urucum-em-corumba\\\/#respond\"]}]},{\"@type\":\"WebPage\",\"@id\":\"https:\\\/\\\/esportems.com.br\\\/site\\\/inscricoes-abertas-para-4a-corrida-do-urucum-em-corumba\\\/\",\"url\":\"https:\\\/\\\/esportems.com.br\\\/site\\\/inscricoes-abertas-para-4a-corrida-do-urucum-em-corumba\\\/\",\"name\":\"Inscri\u00e7\u00f5es abertas para 4\u00aa Corrida do Urucum em Corumb\u00e1 - EsporteMS\",\"isPartOf\":{\"@id\":\"https:\\\/\\\/esportems.com.br\\\/site\\\/#website\"},\"primaryImageOfPage\":{\"@id\":\"https:\\\/\\\/esportems.com.br\\\/site\\\/inscricoes-abertas-para-4a-corrida-do-urucum-em-corumba\\\/#primaryimage\"},\"image\":{\"@id\":\"https:\\\/\\\/esportems.com.br\\\/site\\\/inscricoes-abertas-para-4a-corrida-do-urucum-em-corumba\\\/#primaryimage\"},\"thumbnailUrl\":\"https:\\\/\\\/esportems.com.br\\\/site\\\/wp-content\\\/uploads\\\/2026\\\/03\\\/1-corrida-1.png\",\"datePublished\":\"2026-03-12T14:18:07+00:00\",\"dateModified\":\"2026-03-12T14:18:49+00:00\",\"breadcrumb\":{\"@id\":\"https:\\\/\\\/esportems.com.br\\\/site\\\/inscricoes-abertas-para-4a-corrida-do-urucum-em-corumba\\\/#breadcrumb\"},\"inLanguage\":\"pt-BR\",\"potentialAction\":[{\"@type\":\"ReadAction\",\"target\":[\"https:\\\/\\\/esportems.com.br\\\/site\\\/inscricoes-abertas-para-4a-corrida-do-urucum-em-corumba\\\/\"]}]},{\"@type\":\"ImageObject\",\"inLanguage\":\"pt-BR\",\"@id\":\"https:\\\/\\\/esportems.com.br\\\/site\\\/inscricoes-abertas-para-4a-corrida-do-urucum-em-corumba\\\/#primaryimage\",\"url\":\"https:\\\/\\\/esportems.com.br\\\/site\\\/wp-content\\\/uploads\\\/2026\\\/03\\\/1-corrida-1.png\",\"contentUrl\":\"https:\\\/\\\/esportems.com.br\\\/site\\\/wp-content\\\/uploads\\\/2026\\\/03\\\/1-corrida-1.png\",\"width\":766,\"height\":522},{\"@type\":\"BreadcrumbList\",\"@id\":\"https:\\\/\\\/esportems.com.br\\\/site\\\/inscricoes-abertas-para-4a-corrida-do-urucum-em-corumba\\\/#breadcrumb\",\"itemListElement\":[{\"@type\":\"ListItem\",\"position\":1,\"name\":\"In\u00edcio\",\"item\":\"https:\\\/\\\/esportems.com.br\\\/site\\\/\"},{\"@type\":\"ListItem\",\"position\":2,\"name\":\"Inscri\u00e7\u00f5es abertas para 4\u00aa Corrida do Urucum em Corumb\u00e1\"}]},{\"@type\":\"WebSite\",\"@id\":\"https:\\\/\\\/esportems.com.br\\\/site\\\/#website\",\"url\":\"https:\\\/\\\/esportems.com.br\\\/site\\\/\",\"name\":\"EsporteMS\",\"description\":\"O melhor conte\u00fado de esporte de MS\",\"publisher\":{\"@id\":\"https:\\\/\\\/esportems.com.br\\\/site\\\/#organization\"},\"potentialAction\":[{\"@type\":\"SearchAction\",\"target\":{\"@type\":\"EntryPoint\",\"urlTemplate\":\"https:\\\/\\\/esportems.com.br\\\/site\\\/?s={search_term_string}\"},\"query-input\":{\"@type\":\"PropertyValueSpecification\",\"valueRequired\":true,\"valueName\":\"search_term_string\"}}],\"inLanguage\":\"pt-BR\"},{\"@type\":\"Organization\",\"@id\":\"https:\\\/\\\/esportems.com.br\\\/site\\\/#organization\",\"name\":\"EsporteMS\",\"url\":\"https:\\\/\\\/esportems.com.br\\\/site\\\/\",\"logo\":{\"@type\":\"ImageObject\",\"inLanguage\":\"pt-BR\",\"@id\":\"https:\\\/\\\/esportems.com.br\\\/site\\\/#\\\/schema\\\/logo\\\/image\\\/\",\"url\":\"https:\\\/\\\/esportems.com.br\\\/site\\\/wp-content\\\/uploads\\\/2022\\\/12\\\/logo_esportems_250px.png\",\"contentUrl\":\"https:\\\/\\\/esportems.com.br\\\/site\\\/wp-content\\\/uploads\\\/2022\\\/12\\\/logo_esportems_250px.png\",\"width\":250,\"height\":250,\"caption\":\"EsporteMS\"},\"image\":{\"@id\":\"https:\\\/\\\/esportems.com.br\\\/site\\\/#\\\/schema\\\/logo\\\/image\\\/\"},\"sameAs\":[\"https:\\\/\\\/www.facebook.com\\\/profile.php?id=100050621362784\",\"https:\\\/\\\/x.com\\\/RadioEsporteMS\",\"https:\\\/\\\/www.instagram.com\\\/esportems2\\\/\",\"https:\\\/\\\/wa.me\\\/5567999590868\",\"https:\\\/\\\/www.youtube.com\\\/esportems\\\/\"]},{\"@type\":\"Person\",\"@id\":\"https:\\\/\\\/esportems.com.br\\\/site\\\/#\\\/schema\\\/person\\\/f451b65748a8ce82d3ca25707a512dda\",\"name\":\"Cl\u00e1udio Severo\",\"image\":{\"@type\":\"ImageObject\",\"inLanguage\":\"pt-BR\",\"@id\":\"https:\\\/\\\/secure.gravatar.com\\\/avatar\\\/94bcbd47e500b15b38519f79158a57abc1fa84f37255ad4b4be197699e1ff784?s=96&d=mm&r=g\",\"url\":\"https:\\\/\\\/secure.gravatar.com\\\/avatar\\\/94bcbd47e500b15b38519f79158a57abc1fa84f37255ad4b4be197699e1ff784?s=96&d=mm&r=g\",\"contentUrl\":\"https:\\\/\\\/secure.gravatar.com\\\/avatar\\\/94bcbd47e500b15b38519f79158a57abc1fa84f37255ad4b4be197699e1ff784?s=96&d=mm&r=g\",\"caption\":\"Cl\u00e1udio Severo\"},\"url\":\"https:\\\/\\\/esportems.com.br\\\/site\\\/author\\\/severo\\\/\"}]}<\/script>\n<!-- \/ Yoast SEO plugin. -->","yoast_head_json":{"title":"Inscri\u00e7\u00f5es abertas para 4\u00aa Corrida do Urucum em Corumb\u00e1 - EsporteMS","robots":{"index":"index","follow":"follow","max-snippet":"max-snippet:-1","max-image-preview":"max-image-preview:large","max-video-preview":"max-video-preview:-1"},"canonical":"https:\/\/esportems.com.br\/site\/inscricoes-abertas-para-4a-corrida-do-urucum-em-corumba\/","og_locale":"pt_BR","og_type":"article","og_title":"Inscri\u00e7\u00f5es abertas para 4\u00aa Corrida do Urucum em Corumb\u00e1 - EsporteMS","og_description":"A Escola Municipal Rural de Educa\u00e7\u00e3o Integral (EMREI) Carlos C\u00e1rcano e Extens\u00e3o, est\u00e1 com inscri\u00e7\u00f5es abertas para a 4\u00aa Corrida do Urucum. O evento esportivo acontece no dia 11 de abril, no assentamento Urucum, localizado \u00e0s margens da BR-262. A iniciativa re\u00fane estudantes, moradores da regi\u00e3o, atletas e praticantes da modalidade, fortalecendo a cultura do [&hellip;]","og_url":"https:\/\/esportems.com.br\/site\/inscricoes-abertas-para-4a-corrida-do-urucum-em-corumba\/","og_site_name":"EsporteMS","article_publisher":"https:\/\/www.facebook.com\/profile.php?id=100050621362784","article_published_time":"2026-03-12T14:18:07+00:00","article_modified_time":"2026-03-12T14:18:49+00:00","og_image":[{"width":766,"height":522,"url":"https:\/\/esportems.com.br\/site\/wp-content\/uploads\/2026\/03\/1-corrida-1.png","type":"image\/png"}],"author":"Cl\u00e1udio Severo","twitter_card":"summary_large_image","twitter_creator":"@RadioEsporteMS","twitter_site":"@RadioEsporteMS","twitter_misc":{"Escrito por":"Cl\u00e1udio Severo","Est. tempo de leitura":"2 minutos"},"schema":{"@context":"https:\/\/schema.org","@graph":[{"@type":"Article","@id":"https:\/\/esportems.com.br\/site\/inscricoes-abertas-para-4a-corrida-do-urucum-em-corumba\/#article","isPartOf":{"@id":"https:\/\/esportems.com.br\/site\/inscricoes-abertas-para-4a-corrida-do-urucum-em-corumba\/"},"author":{"name":"Cl\u00e1udio Severo","@id":"https:\/\/esportems.com.br\/site\/#\/schema\/person\/f451b65748a8ce82d3ca25707a512dda"},"headline":"Inscri\u00e7\u00f5es abertas para 4\u00aa Corrida do Urucum em Corumb\u00e1","datePublished":"2026-03-12T14:18:07+00:00","dateModified":"2026-03-12T14:18:49+00:00","mainEntityOfPage":{"@id":"https:\/\/esportems.com.br\/site\/inscricoes-abertas-para-4a-corrida-do-urucum-em-corumba\/"},"wordCount":353,"commentCount":0,"publisher":{"@id":"https:\/\/esportems.com.br\/site\/#organization"},"image":{"@id":"https:\/\/esportems.com.br\/site\/inscricoes-abertas-para-4a-corrida-do-urucum-em-corumba\/#primaryimage"},"thumbnailUrl":"https:\/\/esportems.com.br\/site\/wp-content\/uploads\/2026\/03\/1-corrida-1.png","articleSection":["CORRIDA","Featured"],"inLanguage":"pt-BR","potentialAction":[{"@type":"CommentAction","name":"Comment","target":["https:\/\/esportems.com.br\/site\/inscricoes-abertas-para-4a-corrida-do-urucum-em-corumba\/#respond"]}]},{"@type":"WebPage","@id":"https:\/\/esportems.com.br\/site\/inscricoes-abertas-para-4a-corrida-do-urucum-em-corumba\/","url":"https:\/\/esportems.com.br\/site\/inscricoes-abertas-para-4a-corrida-do-urucum-em-corumba\/","name":"Inscri\u00e7\u00f5es abertas para 4\u00aa Corrida do Urucum em Corumb\u00e1 - EsporteMS","isPartOf":{"@id":"https:\/\/esportems.com.br\/site\/#website"},"primaryImageOfPage":{"@id":"https:\/\/esportems.com.br\/site\/inscricoes-abertas-para-4a-corrida-do-urucum-em-corumba\/#primaryimage"},"image":{"@id":"https:\/\/esportems.com.br\/site\/inscricoes-abertas-para-4a-corrida-do-urucum-em-corumba\/#primaryimage"},"thumbnailUrl":"https:\/\/esportems.com.br\/site\/wp-content\/uploads\/2026\/03\/1-corrida-1.png","datePublished":"2026-03-12T14:18:07+00:00","dateModified":"2026-03-12T14:18:49+00:00","breadcrumb":{"@id":"https:\/\/esportems.com.br\/site\/inscricoes-abertas-para-4a-corrida-do-urucum-em-corumba\/#breadcrumb"},"inLanguage":"pt-BR","potentialAction":[{"@type":"ReadAction","target":["https:\/\/esportems.com.br\/site\/inscricoes-abertas-para-4a-corrida-do-urucum-em-corumba\/"]}]},{"@type":"ImageObject","inLanguage":"pt-BR","@id":"https:\/\/esportems.com.br\/site\/inscricoes-abertas-para-4a-corrida-do-urucum-em-corumba\/#primaryimage","url":"https:\/\/esportems.com.br\/site\/wp-content\/uploads\/2026\/03\/1-corrida-1.png","contentUrl":"https:\/\/esportems.com.br\/site\/wp-content\/uploads\/2026\/03\/1-corrida-1.png","width":766,"height":522},{"@type":"BreadcrumbList","@id":"https:\/\/esportems.com.br\/site\/inscricoes-abertas-para-4a-corrida-do-urucum-em-corumba\/#breadcrumb","itemListElement":[{"@type":"ListItem","position":1,"name":"In\u00edcio","item":"https:\/\/esportems.com.br\/site\/"},{"@type":"ListItem","position":2,"name":"Inscri\u00e7\u00f5es abertas para 4\u00aa Corrida do Urucum em Corumb\u00e1"}]},{"@type":"WebSite","@id":"https:\/\/esportems.com.br\/site\/#website","url":"https:\/\/esportems.com.br\/site\/","name":"EsporteMS","description":"O melhor conte\u00fado de esporte de MS","publisher":{"@id":"https:\/\/esportems.com.br\/site\/#organization"},"potentialAction":[{"@type":"SearchAction","target":{"@type":"EntryPoint","urlTemplate":"https:\/\/esportems.com.br\/site\/?s={search_term_string}"},"query-input":{"@type":"PropertyValueSpecification","valueRequired":true,"valueName":"search_term_string"}}],"inLanguage":"pt-BR"},{"@type":"Organization","@id":"https:\/\/esportems.com.br\/site\/#organization","name":"EsporteMS","url":"https:\/\/esportems.com.br\/site\/","logo":{"@type":"ImageObject","inLanguage":"pt-BR","@id":"https:\/\/esportems.com.br\/site\/#\/schema\/logo\/image\/","url":"https:\/\/esportems.com.br\/site\/wp-content\/uploads\/2022\/12\/logo_esportems_250px.png","contentUrl":"https:\/\/esportems.com.br\/site\/wp-content\/uploads\/2022\/12\/logo_esportems_250px.png","width":250,"height":250,"caption":"EsporteMS"},"image":{"@id":"https:\/\/esportems.com.br\/site\/#\/schema\/logo\/image\/"},"sameAs":["https:\/\/www.facebook.com\/profile.php?id=100050621362784","https:\/\/x.com\/RadioEsporteMS","https:\/\/www.instagram.com\/esportems2\/","https:\/\/wa.me\/5567999590868","https:\/\/www.youtube.com\/esportems\/"]},{"@type":"Person","@id":"https:\/\/esportems.com.br\/site\/#\/schema\/person\/f451b65748a8ce82d3ca25707a512dda","name":"Cl\u00e1udio Severo","image":{"@type":"ImageObject","inLanguage":"pt-BR","@id":"https:\/\/secure.gravatar.com\/avatar\/94bcbd47e500b15b38519f79158a57abc1fa84f37255ad4b4be197699e1ff784?s=96&d=mm&r=g","url":"https:\/\/secure.gravatar.com\/avatar\/94bcbd47e500b15b38519f79158a57abc1fa84f37255ad4b4be197699e1ff784?s=96&d=mm&r=g","contentUrl":"https:\/\/secure.gravatar.com\/avatar\/94bcbd47e500b15b38519f79158a57abc1fa84f37255ad4b4be197699e1ff784?s=96&d=mm&r=g","caption":"Cl\u00e1udio Severo"},"url":"https:\/\/esportems.com.br\/site\/author\/severo\/"}]}},"amp_enabled":true,"_links":{"self":[{"href":"https:\/\/esportems.com.br\/site\/wp-json\/wp\/v2\/posts\/53403","targetHints":{"allow":["GET"]}}],"collection":[{"href":"https:\/\/esportems.com.br\/site\/wp-json\/wp\/v2\/posts"}],"about":[{"href":"https:\/\/esportems.com.br\/site\/wp-json\/wp\/v2\/types\/post"}],"author":[{"embeddable":true,"href":"https:\/\/esportems.com.br\/site\/wp-json\/wp\/v2\/users\/3"}],"replies":[{"embeddable":true,"href":"https:\/\/esportems.com.br\/site\/wp-json\/wp\/v2\/comments?post=53403"}],"version-history":[{"count":2,"href":"https:\/\/esportems.com.br\/site\/wp-json\/wp\/v2\/posts\/53403\/revisions"}],"predecessor-version":[{"id":53406,"href":"https:\/\/esportems.com.br\/site\/wp-json\/wp\/v2\/posts\/53403\/revisions\/53406"}],"wp:featuredmedia":[{"embeddable":true,"href":"https:\/\/esportems.com.br\/site\/wp-json\/wp\/v2\/media\/53404"}],"wp:attachment":[{"href":"https:\/\/esportems.com.br\/site\/wp-json\/wp\/v2\/media?parent=53403"}],"wp:term":[{"taxonomy":"category","embeddable":true,"href":"https:\/\/esportems.com.br\/site\/wp-json\/wp\/v2\/categories?post=53403"},{"taxonomy":"post_tag","embeddable":true,"href":"https:\/\/esportems.com.br\/site\/wp-json\/wp\/v2\/tags?post=53403"}],"curies":[{"name":"wp","href":"https:\/\/api.w.org\/{rel}","templated":true}]}}