{"id":53416,"date":"2026-03-12T15:34:23","date_gmt":"2026-03-12T19:34:23","guid":{"rendered":"https:\/\/esportems.com.br\/site\/?p=53416"},"modified":"2026-03-12T15:34:23","modified_gmt":"2026-03-12T19:34:23","slug":"com-50-equipes-festival-de-futebol-de-base-chega-em-maio","status":"publish","type":"post","link":"https:\/\/esportems.com.br\/site\/com-50-equipes-festival-de-futebol-de-base-chega-em-maio\/","title":{"rendered":"Com 50 equipes, Festival de Futebol de Base chega em maio"},"content":{"rendered":"<p>Uma das inova\u00e7\u00f5es implantadas pela Federa\u00e7\u00e3o de Futebol de Mato Grosso do Sul (FFMS) na gest\u00e3o do presidente Estev\u00e3o Petrall\u00e1s, os <span style=\"color: #ff0000;\"><strong>Festivais de Futebol de Base<\/strong><\/span> est\u00e3o garantidos no calend\u00e1rio da temporada 2026. O primeiro a ser disputado \u00e9 o Festival de Futebol Sub-9 que neste ano acontece em novas sedes e ser\u00e1 disputado durante o m\u00eas de maio com mais de 50 equipes pr\u00e9-inscritas.<\/p>\n<p>Organizada pela Diretoria de Competi\u00e7\u00f5es da FFMS, a edi\u00e7\u00e3o deste ano tem as primeiras etapas previstas para o dia 10 de maio em Nova Alvorada do Sul, com 16 clubes do Polo Grande Dourados, e em Nioaque, com dez clubes do Polo Pantanal. No dia 17 acontecem as disputas do Polo Metropolitano com 19 clubes em Ribas do Rio Pardo e, em Brasil\u00e2ndia, com seis times do Polo Bols\u00e3o.<\/p>\n<p>A fase final acontece na cidade de S\u00e3o Gabriel do Oeste, dia 31 de maio, com o time da casa j\u00e1 pr\u00e9-classificado, e os campe\u00f5es dos quatro polos disputados, al\u00e9m do melhor time classificado pelo \u00edndice t\u00e9cnico.<\/p>\n<p>O presidente da FFMS, Estev\u00e3o Petrall\u00e1s, destaca a iniciativa da entidade de levar as competi\u00e7\u00f5es de base para novas sedes, al\u00e9m de Campo Grande. \u201cA Federa\u00e7\u00e3o vem buscando criar uma rota do futebol, descentralizando as competi\u00e7\u00f5es e as levando para outras cidades e n\u00e3o apenas na Capital. O Festival de Futebol Sub-9 \u00e9 uma inicia\u00e7\u00e3o ao futebol, com a perspectiva de se formar, al\u00e9m de bons cidad\u00e3os, atletas que futuramente possam despontar no cen\u00e1rio nacional\u201d, afirma o dirigente.<\/p>\n<p>Segundo o diretor de Competi\u00e7\u00f5es, Marco Tavares, a competi\u00e7\u00e3o deve ter a participa\u00e7\u00e3o de mais de 900 atletas dessa faixa et\u00e1ria, inclusive com a presen\u00e7a de garotas, j\u00e1 que nas categorias de base os times podem ser mistos. \u201cEssa categoria \u00e9 a porta de entrada dos jogadores nas competi\u00e7\u00f5es e tem import\u00e2ncia grande para os clubes que trabalham com a forma\u00e7\u00e3o de atletas e que podem ter direito \u00e0 parcelas financeiras em negocia\u00e7\u00f5es futuras, al\u00e9m de fomentar os sonhos desses meninos e meninas que querem ser jogadores profissionais de futebol\u201d, completa.<\/p>\n<p>Em 2025, na primeira edi\u00e7\u00e3o do festival nesta categoria, 30 clubes disputaram a competi\u00e7\u00e3o com jogos em S\u00e3o Gabriel do Oeste, Campo Grande, Dourados e Tr\u00eas Lagoas. A fase final aconteceu em Campo Grande com os campe\u00f5es de cada etapa e foi conquistada pelo Ceart\/Funcerb, que superou o N\u00e1utico FC, S\u00e3o Gabriel EC e Comercial EC.<\/p>\n<p>com assessoria<\/p>\n","protected":false},"excerpt":{"rendered":"<p>Uma das inova\u00e7\u00f5es implantadas pela Federa\u00e7\u00e3o de Futebol de Mato Grosso do Sul (FFMS) na gest\u00e3o do presidente Estev\u00e3o Petrall\u00e1s, os Festivais de Futebol de Base est\u00e3o garantidos no calend\u00e1rio da temporada 2026. O primeiro a ser disputado \u00e9 o Festival de Futebol Sub-9 que neste ano acontece em novas sedes e ser\u00e1 disputado durante [&hellip;]<\/p>\n","protected":false},"author":3,"featured_media":48573,"comment_status":"open","ping_status":"open","sticky":false,"template":"","format":"standard","meta":{"ngg_post_thumbnail":0,"tdm_status":"","tdm_grid_status":"","footnotes":""},"categories":[165,2],"tags":[],"class_list":{"0":"post-53416","1":"post","2":"type-post","3":"status-publish","4":"format-standard","5":"has-post-thumbnail","7":"category-categoria-base","8":"category-featured"},"yoast_head":"<!-- This site is optimized with the Yoast SEO plugin v27.5 - https:\/\/yoast.com\/product\/yoast-seo-wordpress\/ -->\n<title>Com 50 equipes, Festival de Futebol de Base chega em maio - EsporteMS<\/title>\n<meta name=\"robots\" content=\"index, follow, max-snippet:-1, max-image-preview:large, max-video-preview:-1\" \/>\n<link rel=\"canonical\" href=\"https:\/\/esportems.com.br\/site\/com-50-equipes-festival-de-futebol-de-base-chega-em-maio\/\" \/>\n<meta property=\"og:locale\" content=\"pt_BR\" \/>\n<meta property=\"og:type\" content=\"article\" \/>\n<meta property=\"og:title\" content=\"Com 50 equipes, Festival de Futebol de Base chega em maio - EsporteMS\" \/>\n<meta property=\"og:description\" content=\"Uma das inova\u00e7\u00f5es implantadas pela Federa\u00e7\u00e3o de Futebol de Mato Grosso do Sul (FFMS) na gest\u00e3o do presidente Estev\u00e3o Petrall\u00e1s, os Festivais de Futebol de Base est\u00e3o garantidos no calend\u00e1rio da temporada 2026. O primeiro a ser disputado \u00e9 o Festival de Futebol Sub-9 que neste ano acontece em novas sedes e ser\u00e1 disputado durante [&hellip;]\" \/>\n<meta property=\"og:url\" content=\"https:\/\/esportems.com.br\/site\/com-50-equipes-festival-de-futebol-de-base-chega-em-maio\/\" \/>\n<meta property=\"og:site_name\" content=\"EsporteMS\" \/>\n<meta property=\"article:publisher\" content=\"https:\/\/www.facebook.com\/profile.php?id=100050621362784\" \/>\n<meta property=\"article:published_time\" content=\"2026-03-12T19:34:23+00:00\" \/>\n<meta property=\"og:image\" content=\"https:\/\/esportems.com.br\/site\/wp-content\/uploads\/2025\/05\/1-base.png\" \/>\n\t<meta property=\"og:image:width\" content=\"827\" \/>\n\t<meta property=\"og:image:height\" content=\"535\" \/>\n\t<meta property=\"og:image:type\" content=\"image\/png\" \/>\n<meta name=\"author\" content=\"Cl\u00e1udio Severo\" \/>\n<meta name=\"twitter:card\" content=\"summary_large_image\" \/>\n<meta name=\"twitter:creator\" content=\"@RadioEsporteMS\" \/>\n<meta name=\"twitter:site\" content=\"@RadioEsporteMS\" \/>\n<meta name=\"twitter:label1\" content=\"Escrito por\" \/>\n\t<meta name=\"twitter:data1\" content=\"Cl\u00e1udio Severo\" \/>\n\t<meta name=\"twitter:label2\" content=\"Est. tempo de leitura\" \/>\n\t<meta name=\"twitter:data2\" content=\"3 minutos\" \/>\n<script type=\"application\/ld+json\" class=\"yoast-schema-graph\">{\"@context\":\"https:\\\/\\\/schema.org\",\"@graph\":[{\"@type\":\"Article\",\"@id\":\"https:\\\/\\\/esportems.com.br\\\/site\\\/com-50-equipes-festival-de-futebol-de-base-chega-em-maio\\\/#article\",\"isPartOf\":{\"@id\":\"https:\\\/\\\/esportems.com.br\\\/site\\\/com-50-equipes-festival-de-futebol-de-base-chega-em-maio\\\/\"},\"author\":{\"name\":\"Cl\u00e1udio Severo\",\"@id\":\"https:\\\/\\\/esportems.com.br\\\/site\\\/#\\\/schema\\\/person\\\/f451b65748a8ce82d3ca25707a512dda\"},\"headline\":\"Com 50 equipes, Festival de Futebol de Base chega em maio\",\"datePublished\":\"2026-03-12T19:34:23+00:00\",\"mainEntityOfPage\":{\"@id\":\"https:\\\/\\\/esportems.com.br\\\/site\\\/com-50-equipes-festival-de-futebol-de-base-chega-em-maio\\\/\"},\"wordCount\":441,\"commentCount\":0,\"publisher\":{\"@id\":\"https:\\\/\\\/esportems.com.br\\\/site\\\/#organization\"},\"image\":{\"@id\":\"https:\\\/\\\/esportems.com.br\\\/site\\\/com-50-equipes-festival-de-futebol-de-base-chega-em-maio\\\/#primaryimage\"},\"thumbnailUrl\":\"https:\\\/\\\/esportems.com.br\\\/site\\\/wp-content\\\/uploads\\\/2025\\\/05\\\/1-base.png\",\"articleSection\":[\"CATEGORIA BASE\",\"Featured\"],\"inLanguage\":\"pt-BR\",\"potentialAction\":[{\"@type\":\"CommentAction\",\"name\":\"Comment\",\"target\":[\"https:\\\/\\\/esportems.com.br\\\/site\\\/com-50-equipes-festival-de-futebol-de-base-chega-em-maio\\\/#respond\"]}]},{\"@type\":\"WebPage\",\"@id\":\"https:\\\/\\\/esportems.com.br\\\/site\\\/com-50-equipes-festival-de-futebol-de-base-chega-em-maio\\\/\",\"url\":\"https:\\\/\\\/esportems.com.br\\\/site\\\/com-50-equipes-festival-de-futebol-de-base-chega-em-maio\\\/\",\"name\":\"Com 50 equipes, Festival de Futebol de Base chega em maio - EsporteMS\",\"isPartOf\":{\"@id\":\"https:\\\/\\\/esportems.com.br\\\/site\\\/#website\"},\"primaryImageOfPage\":{\"@id\":\"https:\\\/\\\/esportems.com.br\\\/site\\\/com-50-equipes-festival-de-futebol-de-base-chega-em-maio\\\/#primaryimage\"},\"image\":{\"@id\":\"https:\\\/\\\/esportems.com.br\\\/site\\\/com-50-equipes-festival-de-futebol-de-base-chega-em-maio\\\/#primaryimage\"},\"thumbnailUrl\":\"https:\\\/\\\/esportems.com.br\\\/site\\\/wp-content\\\/uploads\\\/2025\\\/05\\\/1-base.png\",\"datePublished\":\"2026-03-12T19:34:23+00:00\",\"breadcrumb\":{\"@id\":\"https:\\\/\\\/esportems.com.br\\\/site\\\/com-50-equipes-festival-de-futebol-de-base-chega-em-maio\\\/#breadcrumb\"},\"inLanguage\":\"pt-BR\",\"potentialAction\":[{\"@type\":\"ReadAction\",\"target\":[\"https:\\\/\\\/esportems.com.br\\\/site\\\/com-50-equipes-festival-de-futebol-de-base-chega-em-maio\\\/\"]}]},{\"@type\":\"ImageObject\",\"inLanguage\":\"pt-BR\",\"@id\":\"https:\\\/\\\/esportems.com.br\\\/site\\\/com-50-equipes-festival-de-futebol-de-base-chega-em-maio\\\/#primaryimage\",\"url\":\"https:\\\/\\\/esportems.com.br\\\/site\\\/wp-content\\\/uploads\\\/2025\\\/05\\\/1-base.png\",\"contentUrl\":\"https:\\\/\\\/esportems.com.br\\\/site\\\/wp-content\\\/uploads\\\/2025\\\/05\\\/1-base.png\",\"width\":827,\"height\":535,\"caption\":\"Competi\u00e7\u00e3o vai agitar a garotada em MS (foto-Rodrigo Moreira \\\/ @rmp.fotografia)\"},{\"@type\":\"BreadcrumbList\",\"@id\":\"https:\\\/\\\/esportems.com.br\\\/site\\\/com-50-equipes-festival-de-futebol-de-base-chega-em-maio\\\/#breadcrumb\",\"itemListElement\":[{\"@type\":\"ListItem\",\"position\":1,\"name\":\"In\u00edcio\",\"item\":\"https:\\\/\\\/esportems.com.br\\\/site\\\/\"},{\"@type\":\"ListItem\",\"position\":2,\"name\":\"Com 50 equipes, Festival de Futebol de Base chega em maio\"}]},{\"@type\":\"WebSite\",\"@id\":\"https:\\\/\\\/esportems.com.br\\\/site\\\/#website\",\"url\":\"https:\\\/\\\/esportems.com.br\\\/site\\\/\",\"name\":\"EsporteMS\",\"description\":\"O melhor conte\u00fado de esporte de MS\",\"publisher\":{\"@id\":\"https:\\\/\\\/esportems.com.br\\\/site\\\/#organization\"},\"potentialAction\":[{\"@type\":\"SearchAction\",\"target\":{\"@type\":\"EntryPoint\",\"urlTemplate\":\"https:\\\/\\\/esportems.com.br\\\/site\\\/?s={search_term_string}\"},\"query-input\":{\"@type\":\"PropertyValueSpecification\",\"valueRequired\":true,\"valueName\":\"search_term_string\"}}],\"inLanguage\":\"pt-BR\"},{\"@type\":\"Organization\",\"@id\":\"https:\\\/\\\/esportems.com.br\\\/site\\\/#organization\",\"name\":\"EsporteMS\",\"url\":\"https:\\\/\\\/esportems.com.br\\\/site\\\/\",\"logo\":{\"@type\":\"ImageObject\",\"inLanguage\":\"pt-BR\",\"@id\":\"https:\\\/\\\/esportems.com.br\\\/site\\\/#\\\/schema\\\/logo\\\/image\\\/\",\"url\":\"https:\\\/\\\/esportems.com.br\\\/site\\\/wp-content\\\/uploads\\\/2022\\\/12\\\/logo_esportems_250px.png\",\"contentUrl\":\"https:\\\/\\\/esportems.com.br\\\/site\\\/wp-content\\\/uploads\\\/2022\\\/12\\\/logo_esportems_250px.png\",\"width\":250,\"height\":250,\"caption\":\"EsporteMS\"},\"image\":{\"@id\":\"https:\\\/\\\/esportems.com.br\\\/site\\\/#\\\/schema\\\/logo\\\/image\\\/\"},\"sameAs\":[\"https:\\\/\\\/www.facebook.com\\\/profile.php?id=100050621362784\",\"https:\\\/\\\/x.com\\\/RadioEsporteMS\",\"https:\\\/\\\/www.instagram.com\\\/esportems2\\\/\",\"https:\\\/\\\/wa.me\\\/5567999590868\",\"https:\\\/\\\/www.youtube.com\\\/esportems\\\/\"]},{\"@type\":\"Person\",\"@id\":\"https:\\\/\\\/esportems.com.br\\\/site\\\/#\\\/schema\\\/person\\\/f451b65748a8ce82d3ca25707a512dda\",\"name\":\"Cl\u00e1udio Severo\",\"image\":{\"@type\":\"ImageObject\",\"inLanguage\":\"pt-BR\",\"@id\":\"https:\\\/\\\/secure.gravatar.com\\\/avatar\\\/94bcbd47e500b15b38519f79158a57abc1fa84f37255ad4b4be197699e1ff784?s=96&d=mm&r=g\",\"url\":\"https:\\\/\\\/secure.gravatar.com\\\/avatar\\\/94bcbd47e500b15b38519f79158a57abc1fa84f37255ad4b4be197699e1ff784?s=96&d=mm&r=g\",\"contentUrl\":\"https:\\\/\\\/secure.gravatar.com\\\/avatar\\\/94bcbd47e500b15b38519f79158a57abc1fa84f37255ad4b4be197699e1ff784?s=96&d=mm&r=g\",\"caption\":\"Cl\u00e1udio Severo\"},\"url\":\"https:\\\/\\\/esportems.com.br\\\/site\\\/author\\\/severo\\\/\"}]}<\/script>\n<!-- \/ Yoast SEO plugin. -->","yoast_head_json":{"title":"Com 50 equipes, Festival de Futebol de Base chega em maio - EsporteMS","robots":{"index":"index","follow":"follow","max-snippet":"max-snippet:-1","max-image-preview":"max-image-preview:large","max-video-preview":"max-video-preview:-1"},"canonical":"https:\/\/esportems.com.br\/site\/com-50-equipes-festival-de-futebol-de-base-chega-em-maio\/","og_locale":"pt_BR","og_type":"article","og_title":"Com 50 equipes, Festival de Futebol de Base chega em maio - EsporteMS","og_description":"Uma das inova\u00e7\u00f5es implantadas pela Federa\u00e7\u00e3o de Futebol de Mato Grosso do Sul (FFMS) na gest\u00e3o do presidente Estev\u00e3o Petrall\u00e1s, os Festivais de Futebol de Base est\u00e3o garantidos no calend\u00e1rio da temporada 2026. O primeiro a ser disputado \u00e9 o Festival de Futebol Sub-9 que neste ano acontece em novas sedes e ser\u00e1 disputado durante [&hellip;]","og_url":"https:\/\/esportems.com.br\/site\/com-50-equipes-festival-de-futebol-de-base-chega-em-maio\/","og_site_name":"EsporteMS","article_publisher":"https:\/\/www.facebook.com\/profile.php?id=100050621362784","article_published_time":"2026-03-12T19:34:23+00:00","og_image":[{"width":827,"height":535,"url":"https:\/\/esportems.com.br\/site\/wp-content\/uploads\/2025\/05\/1-base.png","type":"image\/png"}],"author":"Cl\u00e1udio Severo","twitter_card":"summary_large_image","twitter_creator":"@RadioEsporteMS","twitter_site":"@RadioEsporteMS","twitter_misc":{"Escrito por":"Cl\u00e1udio Severo","Est. tempo de leitura":"3 minutos"},"schema":{"@context":"https:\/\/schema.org","@graph":[{"@type":"Article","@id":"https:\/\/esportems.com.br\/site\/com-50-equipes-festival-de-futebol-de-base-chega-em-maio\/#article","isPartOf":{"@id":"https:\/\/esportems.com.br\/site\/com-50-equipes-festival-de-futebol-de-base-chega-em-maio\/"},"author":{"name":"Cl\u00e1udio Severo","@id":"https:\/\/esportems.com.br\/site\/#\/schema\/person\/f451b65748a8ce82d3ca25707a512dda"},"headline":"Com 50 equipes, Festival de Futebol de Base chega em maio","datePublished":"2026-03-12T19:34:23+00:00","mainEntityOfPage":{"@id":"https:\/\/esportems.com.br\/site\/com-50-equipes-festival-de-futebol-de-base-chega-em-maio\/"},"wordCount":441,"commentCount":0,"publisher":{"@id":"https:\/\/esportems.com.br\/site\/#organization"},"image":{"@id":"https:\/\/esportems.com.br\/site\/com-50-equipes-festival-de-futebol-de-base-chega-em-maio\/#primaryimage"},"thumbnailUrl":"https:\/\/esportems.com.br\/site\/wp-content\/uploads\/2025\/05\/1-base.png","articleSection":["CATEGORIA BASE","Featured"],"inLanguage":"pt-BR","potentialAction":[{"@type":"CommentAction","name":"Comment","target":["https:\/\/esportems.com.br\/site\/com-50-equipes-festival-de-futebol-de-base-chega-em-maio\/#respond"]}]},{"@type":"WebPage","@id":"https:\/\/esportems.com.br\/site\/com-50-equipes-festival-de-futebol-de-base-chega-em-maio\/","url":"https:\/\/esportems.com.br\/site\/com-50-equipes-festival-de-futebol-de-base-chega-em-maio\/","name":"Com 50 equipes, Festival de Futebol de Base chega em maio - EsporteMS","isPartOf":{"@id":"https:\/\/esportems.com.br\/site\/#website"},"primaryImageOfPage":{"@id":"https:\/\/esportems.com.br\/site\/com-50-equipes-festival-de-futebol-de-base-chega-em-maio\/#primaryimage"},"image":{"@id":"https:\/\/esportems.com.br\/site\/com-50-equipes-festival-de-futebol-de-base-chega-em-maio\/#primaryimage"},"thumbnailUrl":"https:\/\/esportems.com.br\/site\/wp-content\/uploads\/2025\/05\/1-base.png","datePublished":"2026-03-12T19:34:23+00:00","breadcrumb":{"@id":"https:\/\/esportems.com.br\/site\/com-50-equipes-festival-de-futebol-de-base-chega-em-maio\/#breadcrumb"},"inLanguage":"pt-BR","potentialAction":[{"@type":"ReadAction","target":["https:\/\/esportems.com.br\/site\/com-50-equipes-festival-de-futebol-de-base-chega-em-maio\/"]}]},{"@type":"ImageObject","inLanguage":"pt-BR","@id":"https:\/\/esportems.com.br\/site\/com-50-equipes-festival-de-futebol-de-base-chega-em-maio\/#primaryimage","url":"https:\/\/esportems.com.br\/site\/wp-content\/uploads\/2025\/05\/1-base.png","contentUrl":"https:\/\/esportems.com.br\/site\/wp-content\/uploads\/2025\/05\/1-base.png","width":827,"height":535,"caption":"Competi\u00e7\u00e3o vai agitar a garotada em MS (foto-Rodrigo Moreira \/ @rmp.fotografia)"},{"@type":"BreadcrumbList","@id":"https:\/\/esportems.com.br\/site\/com-50-equipes-festival-de-futebol-de-base-chega-em-maio\/#breadcrumb","itemListElement":[{"@type":"ListItem","position":1,"name":"In\u00edcio","item":"https:\/\/esportems.com.br\/site\/"},{"@type":"ListItem","position":2,"name":"Com 50 equipes, Festival de Futebol de Base chega em maio"}]},{"@type":"WebSite","@id":"https:\/\/esportems.com.br\/site\/#website","url":"https:\/\/esportems.com.br\/site\/","name":"EsporteMS","description":"O melhor conte\u00fado de esporte de MS","publisher":{"@id":"https:\/\/esportems.com.br\/site\/#organization"},"potentialAction":[{"@type":"SearchAction","target":{"@type":"EntryPoint","urlTemplate":"https:\/\/esportems.com.br\/site\/?s={search_term_string}"},"query-input":{"@type":"PropertyValueSpecification","valueRequired":true,"valueName":"search_term_string"}}],"inLanguage":"pt-BR"},{"@type":"Organization","@id":"https:\/\/esportems.com.br\/site\/#organization","name":"EsporteMS","url":"https:\/\/esportems.com.br\/site\/","logo":{"@type":"ImageObject","inLanguage":"pt-BR","@id":"https:\/\/esportems.com.br\/site\/#\/schema\/logo\/image\/","url":"https:\/\/esportems.com.br\/site\/wp-content\/uploads\/2022\/12\/logo_esportems_250px.png","contentUrl":"https:\/\/esportems.com.br\/site\/wp-content\/uploads\/2022\/12\/logo_esportems_250px.png","width":250,"height":250,"caption":"EsporteMS"},"image":{"@id":"https:\/\/esportems.com.br\/site\/#\/schema\/logo\/image\/"},"sameAs":["https:\/\/www.facebook.com\/profile.php?id=100050621362784","https:\/\/x.com\/RadioEsporteMS","https:\/\/www.instagram.com\/esportems2\/","https:\/\/wa.me\/5567999590868","https:\/\/www.youtube.com\/esportems\/"]},{"@type":"Person","@id":"https:\/\/esportems.com.br\/site\/#\/schema\/person\/f451b65748a8ce82d3ca25707a512dda","name":"Cl\u00e1udio Severo","image":{"@type":"ImageObject","inLanguage":"pt-BR","@id":"https:\/\/secure.gravatar.com\/avatar\/94bcbd47e500b15b38519f79158a57abc1fa84f37255ad4b4be197699e1ff784?s=96&d=mm&r=g","url":"https:\/\/secure.gravatar.com\/avatar\/94bcbd47e500b15b38519f79158a57abc1fa84f37255ad4b4be197699e1ff784?s=96&d=mm&r=g","contentUrl":"https:\/\/secure.gravatar.com\/avatar\/94bcbd47e500b15b38519f79158a57abc1fa84f37255ad4b4be197699e1ff784?s=96&d=mm&r=g","caption":"Cl\u00e1udio Severo"},"url":"https:\/\/esportems.com.br\/site\/author\/severo\/"}]}},"amp_enabled":true,"_links":{"self":[{"href":"https:\/\/esportems.com.br\/site\/wp-json\/wp\/v2\/posts\/53416","targetHints":{"allow":["GET"]}}],"collection":[{"href":"https:\/\/esportems.com.br\/site\/wp-json\/wp\/v2\/posts"}],"about":[{"href":"https:\/\/esportems.com.br\/site\/wp-json\/wp\/v2\/types\/post"}],"author":[{"embeddable":true,"href":"https:\/\/esportems.com.br\/site\/wp-json\/wp\/v2\/users\/3"}],"replies":[{"embeddable":true,"href":"https:\/\/esportems.com.br\/site\/wp-json\/wp\/v2\/comments?post=53416"}],"version-history":[{"count":1,"href":"https:\/\/esportems.com.br\/site\/wp-json\/wp\/v2\/posts\/53416\/revisions"}],"predecessor-version":[{"id":53417,"href":"https:\/\/esportems.com.br\/site\/wp-json\/wp\/v2\/posts\/53416\/revisions\/53417"}],"wp:featuredmedia":[{"embeddable":true,"href":"https:\/\/esportems.com.br\/site\/wp-json\/wp\/v2\/media\/48573"}],"wp:attachment":[{"href":"https:\/\/esportems.com.br\/site\/wp-json\/wp\/v2\/media?parent=53416"}],"wp:term":[{"taxonomy":"category","embeddable":true,"href":"https:\/\/esportems.com.br\/site\/wp-json\/wp\/v2\/categories?post=53416"},{"taxonomy":"post_tag","embeddable":true,"href":"https:\/\/esportems.com.br\/site\/wp-json\/wp\/v2\/tags?post=53416"}],"curies":[{"name":"wp","href":"https:\/\/api.w.org\/{rel}","templated":true}]}}