{"id":53427,"date":"2026-03-13T10:30:45","date_gmt":"2026-03-13T14:30:45","guid":{"rendered":"https:\/\/esportems.com.br\/site\/?p=53427"},"modified":"2026-03-13T10:32:36","modified_gmt":"2026-03-13T14:32:36","slug":"governador-confirma-que-assina-concessao-do-morenao-ainda-em-marco","status":"publish","type":"post","link":"https:\/\/esportems.com.br\/site\/governador-confirma-que-assina-concessao-do-morenao-ainda-em-marco\/","title":{"rendered":"Governador confirma que assina concess\u00e3o do Moren\u00e3o ainda em mar\u00e7o"},"content":{"rendered":"<p data-start=\"318\" data-end=\"589\">O Governo de Mato Grosso do Sul deve assinar ainda neste m\u00eas a concess\u00e3o do est\u00e1dio <span class=\"hover:entity-accent entity-underline inline cursor-pointer align-baseline\"><span class=\"whitespace-normal\">Est\u00e1dio Pedro Pedrossian \u2013 Moren\u00e3o<\/span><\/span>&nbsp; &#8211; com a <span class=\"hover:entity-accent entity-underline inline cursor-pointer align-baseline\"><span class=\"whitespace-normal\">Universidade Federal de Mato Grosso do Sul<\/span><\/span> (UFMS). A informa\u00e7\u00e3o havia sido antecipada com exclusividade pelo <span style=\"color: #ff0000;\"><strong><span class=\"hover:entity-accent entity-underline inline cursor-pointer align-baseline\"><span class=\"whitespace-normal\">Portal EsporteMS<\/span><\/span><\/strong><\/span>.<\/p>\n<p data-start=\"591\" data-end=\"850\">A confirma\u00e7\u00e3o veio do governador <span class=\"hover:entity-accent entity-underline inline cursor-pointer align-baseline\"><span class=\"whitespace-normal\">Eduardo Riedel<\/span><\/span>, que afirmou em entrevista nesta semana que o processo est\u00e1 bem encaminhado e que a inten\u00e7\u00e3o do governo \u00e9 formalizar a concess\u00e3o ainda em mar\u00e7o para permitir o in\u00edcio das obras no est\u00e1dio.<\/p>\n<p data-start=\"852\" data-end=\"1067\">Segundo o governador, a assinatura do acordo entre o Estado e a universidade ser\u00e1 um passo importante para viabilizar a recupera\u00e7\u00e3o e reabertura da principal pra\u00e7a esportiva de <span class=\"hover:entity-accent entity-underline inline cursor-pointer align-baseline\"><span class=\"whitespace-normal\">Campo Grande<\/span><\/span>.<\/p>\n<p data-start=\"1394\" data-end=\"1671\">Localizado no campus da universidade, o est\u00e1dio foi inaugurado em 1971 e se consolidou ao longo das d\u00e9cadas como um dos principais palcos do futebol sul-mato-grossense. Com a formaliza\u00e7\u00e3o da concess\u00e3o, a expectativa \u00e9 que as interven\u00e7\u00f5es estruturais comecem nos pr\u00f3ximos meses.<\/p>\n<p data-start=\"1673\" data-end=\"1824\">A iniciativa \u00e9 vista como um passo importante para a retomada das atividades esportivas no Moren\u00e3o e para fortalecer o calend\u00e1rio do futebol no Estado.<\/p>\n<p>O Portal EsporteMS informou que havia uma poss\u00edvel lista triplice para firmar quem ser\u00e1 o administrador do Moren\u00e3o, mas a informa\u00e7\u00e3o foi contestada pelo secret\u00e1rio de Esporte, Marcelo Miranda, que n\u00e3o confirmou a exist\u00eancia. Ela confirma que a adminstra\u00e7\u00e3o estar\u00e1 subordinada a Secretaria de Estado.&nbsp;<\/p>\n<p>OU\u00c7A A ENTREVISTA DO GOVERNADOR<\/p>\n<audio class=\"wp-audio-shortcode\" id=\"audio-53427-1\" preload=\"none\" style=\"width: 100%;\" controls=\"controls\"><source type=\"audio\/mpeg\" src=\"https:\/\/esportems.com.br\/site\/wp-content\/uploads\/2026\/03\/1-MORENAO-RIDEL.mp3?_=1\" \/><a href=\"https:\/\/esportems.com.br\/site\/wp-content\/uploads\/2026\/03\/1-MORENAO-RIDEL.mp3\">https:\/\/esportems.com.br\/site\/wp-content\/uploads\/2026\/03\/1-MORENAO-RIDEL.mp3<\/a><\/audio>\n<p>Entrevista do governador Eduardo Riedel&nbsp;<\/p>\n","protected":false},"excerpt":{"rendered":"<p>O Governo de Mato Grosso do Sul deve assinar ainda neste m\u00eas a concess\u00e3o do est\u00e1dio Est\u00e1dio Pedro Pedrossian \u2013 Moren\u00e3o&nbsp; &#8211; com a Universidade Federal de Mato Grosso do Sul (UFMS). A informa\u00e7\u00e3o havia sido antecipada com exclusividade pelo Portal EsporteMS. A confirma\u00e7\u00e3o veio do governador Eduardo Riedel, que afirmou em entrevista nesta semana [&hellip;]<\/p>\n","protected":false},"author":3,"featured_media":53429,"comment_status":"open","ping_status":"open","sticky":false,"template":"","format":"standard","meta":{"ngg_post_thumbnail":0,"tdm_status":"","tdm_grid_status":"","footnotes":""},"categories":[396,2],"tags":[],"class_list":{"0":"post-53427","1":"post","2":"type-post","3":"status-publish","4":"format-standard","5":"has-post-thumbnail","7":"category-confirmado","8":"category-featured"},"yoast_head":"<!-- This site is optimized with the Yoast SEO plugin v27.5 - https:\/\/yoast.com\/product\/yoast-seo-wordpress\/ -->\n<title>Governador confirma que assina concess\u00e3o do Moren\u00e3o ainda em mar\u00e7o - EsporteMS<\/title>\n<meta name=\"robots\" content=\"index, follow, max-snippet:-1, max-image-preview:large, max-video-preview:-1\" \/>\n<link rel=\"canonical\" href=\"https:\/\/esportems.com.br\/site\/governador-confirma-que-assina-concessao-do-morenao-ainda-em-marco\/\" \/>\n<meta property=\"og:locale\" content=\"pt_BR\" \/>\n<meta property=\"og:type\" content=\"article\" \/>\n<meta property=\"og:title\" content=\"Governador confirma que assina concess\u00e3o do Moren\u00e3o ainda em mar\u00e7o - EsporteMS\" \/>\n<meta property=\"og:description\" content=\"O Governo de Mato Grosso do Sul deve assinar ainda neste m\u00eas a concess\u00e3o do est\u00e1dio Est\u00e1dio Pedro Pedrossian \u2013 Moren\u00e3o&nbsp; &#8211; com a Universidade Federal de Mato Grosso do Sul (UFMS). A informa\u00e7\u00e3o havia sido antecipada com exclusividade pelo Portal EsporteMS. A confirma\u00e7\u00e3o veio do governador Eduardo Riedel, que afirmou em entrevista nesta semana [&hellip;]\" \/>\n<meta property=\"og:url\" content=\"https:\/\/esportems.com.br\/site\/governador-confirma-que-assina-concessao-do-morenao-ainda-em-marco\/\" \/>\n<meta property=\"og:site_name\" content=\"EsporteMS\" \/>\n<meta property=\"article:publisher\" content=\"https:\/\/www.facebook.com\/profile.php?id=100050621362784\" \/>\n<meta property=\"article:published_time\" content=\"2026-03-13T14:30:45+00:00\" \/>\n<meta property=\"article:modified_time\" content=\"2026-03-13T14:32:36+00:00\" \/>\n<meta property=\"og:image\" content=\"https:\/\/esportems.com.br\/site\/wp-content\/uploads\/2026\/03\/Captura-de-tela-2026-03-13-102817.png\" \/>\n\t<meta property=\"og:image:width\" content=\"1152\" \/>\n\t<meta property=\"og:image:height\" content=\"635\" \/>\n\t<meta property=\"og:image:type\" content=\"image\/png\" \/>\n<meta name=\"author\" content=\"Cl\u00e1udio Severo\" \/>\n<meta name=\"twitter:card\" content=\"summary_large_image\" \/>\n<meta name=\"twitter:creator\" content=\"@RadioEsporteMS\" \/>\n<meta name=\"twitter:site\" content=\"@RadioEsporteMS\" \/>\n<meta name=\"twitter:label1\" content=\"Escrito por\" \/>\n\t<meta name=\"twitter:data1\" content=\"Cl\u00e1udio Severo\" \/>\n\t<meta name=\"twitter:label2\" content=\"Est. tempo de leitura\" \/>\n\t<meta name=\"twitter:data2\" content=\"2 minutos\" \/>\n<script type=\"application\/ld+json\" class=\"yoast-schema-graph\">{\"@context\":\"https:\\\/\\\/schema.org\",\"@graph\":[{\"@type\":\"Article\",\"@id\":\"https:\\\/\\\/esportems.com.br\\\/site\\\/governador-confirma-que-assina-concessao-do-morenao-ainda-em-marco\\\/#article\",\"isPartOf\":{\"@id\":\"https:\\\/\\\/esportems.com.br\\\/site\\\/governador-confirma-que-assina-concessao-do-morenao-ainda-em-marco\\\/\"},\"author\":{\"name\":\"Cl\u00e1udio Severo\",\"@id\":\"https:\\\/\\\/esportems.com.br\\\/site\\\/#\\\/schema\\\/person\\\/f451b65748a8ce82d3ca25707a512dda\"},\"headline\":\"Governador confirma que assina concess\u00e3o do Moren\u00e3o ainda em mar\u00e7o\",\"datePublished\":\"2026-03-13T14:30:45+00:00\",\"dateModified\":\"2026-03-13T14:32:36+00:00\",\"mainEntityOfPage\":{\"@id\":\"https:\\\/\\\/esportems.com.br\\\/site\\\/governador-confirma-que-assina-concessao-do-morenao-ainda-em-marco\\\/\"},\"wordCount\":287,\"commentCount\":0,\"publisher\":{\"@id\":\"https:\\\/\\\/esportems.com.br\\\/site\\\/#organization\"},\"image\":{\"@id\":\"https:\\\/\\\/esportems.com.br\\\/site\\\/governador-confirma-que-assina-concessao-do-morenao-ainda-em-marco\\\/#primaryimage\"},\"thumbnailUrl\":\"https:\\\/\\\/esportems.com.br\\\/site\\\/wp-content\\\/uploads\\\/2026\\\/03\\\/Captura-de-tela-2026-03-13-102817.png\",\"articleSection\":[\"CONFIRMADO\",\"Featured\"],\"inLanguage\":\"pt-BR\",\"potentialAction\":[{\"@type\":\"CommentAction\",\"name\":\"Comment\",\"target\":[\"https:\\\/\\\/esportems.com.br\\\/site\\\/governador-confirma-que-assina-concessao-do-morenao-ainda-em-marco\\\/#respond\"]}]},{\"@type\":\"WebPage\",\"@id\":\"https:\\\/\\\/esportems.com.br\\\/site\\\/governador-confirma-que-assina-concessao-do-morenao-ainda-em-marco\\\/\",\"url\":\"https:\\\/\\\/esportems.com.br\\\/site\\\/governador-confirma-que-assina-concessao-do-morenao-ainda-em-marco\\\/\",\"name\":\"Governador confirma que assina concess\u00e3o do Moren\u00e3o ainda em mar\u00e7o - EsporteMS\",\"isPartOf\":{\"@id\":\"https:\\\/\\\/esportems.com.br\\\/site\\\/#website\"},\"primaryImageOfPage\":{\"@id\":\"https:\\\/\\\/esportems.com.br\\\/site\\\/governador-confirma-que-assina-concessao-do-morenao-ainda-em-marco\\\/#primaryimage\"},\"image\":{\"@id\":\"https:\\\/\\\/esportems.com.br\\\/site\\\/governador-confirma-que-assina-concessao-do-morenao-ainda-em-marco\\\/#primaryimage\"},\"thumbnailUrl\":\"https:\\\/\\\/esportems.com.br\\\/site\\\/wp-content\\\/uploads\\\/2026\\\/03\\\/Captura-de-tela-2026-03-13-102817.png\",\"datePublished\":\"2026-03-13T14:30:45+00:00\",\"dateModified\":\"2026-03-13T14:32:36+00:00\",\"breadcrumb\":{\"@id\":\"https:\\\/\\\/esportems.com.br\\\/site\\\/governador-confirma-que-assina-concessao-do-morenao-ainda-em-marco\\\/#breadcrumb\"},\"inLanguage\":\"pt-BR\",\"potentialAction\":[{\"@type\":\"ReadAction\",\"target\":[\"https:\\\/\\\/esportems.com.br\\\/site\\\/governador-confirma-que-assina-concessao-do-morenao-ainda-em-marco\\\/\"]}]},{\"@type\":\"ImageObject\",\"inLanguage\":\"pt-BR\",\"@id\":\"https:\\\/\\\/esportems.com.br\\\/site\\\/governador-confirma-que-assina-concessao-do-morenao-ainda-em-marco\\\/#primaryimage\",\"url\":\"https:\\\/\\\/esportems.com.br\\\/site\\\/wp-content\\\/uploads\\\/2026\\\/03\\\/Captura-de-tela-2026-03-13-102817.png\",\"contentUrl\":\"https:\\\/\\\/esportems.com.br\\\/site\\\/wp-content\\\/uploads\\\/2026\\\/03\\\/Captura-de-tela-2026-03-13-102817.png\",\"width\":1152,\"height\":635,\"caption\":\"Governador do MS, Eduardo Riedel, em entrevista (foto-aquivo EMS)\"},{\"@type\":\"BreadcrumbList\",\"@id\":\"https:\\\/\\\/esportems.com.br\\\/site\\\/governador-confirma-que-assina-concessao-do-morenao-ainda-em-marco\\\/#breadcrumb\",\"itemListElement\":[{\"@type\":\"ListItem\",\"position\":1,\"name\":\"In\u00edcio\",\"item\":\"https:\\\/\\\/esportems.com.br\\\/site\\\/\"},{\"@type\":\"ListItem\",\"position\":2,\"name\":\"Governador confirma que assina concess\u00e3o do Moren\u00e3o ainda em mar\u00e7o\"}]},{\"@type\":\"WebSite\",\"@id\":\"https:\\\/\\\/esportems.com.br\\\/site\\\/#website\",\"url\":\"https:\\\/\\\/esportems.com.br\\\/site\\\/\",\"name\":\"EsporteMS\",\"description\":\"O melhor conte\u00fado de esporte de MS\",\"publisher\":{\"@id\":\"https:\\\/\\\/esportems.com.br\\\/site\\\/#organization\"},\"potentialAction\":[{\"@type\":\"SearchAction\",\"target\":{\"@type\":\"EntryPoint\",\"urlTemplate\":\"https:\\\/\\\/esportems.com.br\\\/site\\\/?s={search_term_string}\"},\"query-input\":{\"@type\":\"PropertyValueSpecification\",\"valueRequired\":true,\"valueName\":\"search_term_string\"}}],\"inLanguage\":\"pt-BR\"},{\"@type\":\"Organization\",\"@id\":\"https:\\\/\\\/esportems.com.br\\\/site\\\/#organization\",\"name\":\"EsporteMS\",\"url\":\"https:\\\/\\\/esportems.com.br\\\/site\\\/\",\"logo\":{\"@type\":\"ImageObject\",\"inLanguage\":\"pt-BR\",\"@id\":\"https:\\\/\\\/esportems.com.br\\\/site\\\/#\\\/schema\\\/logo\\\/image\\\/\",\"url\":\"https:\\\/\\\/esportems.com.br\\\/site\\\/wp-content\\\/uploads\\\/2022\\\/12\\\/logo_esportems_250px.png\",\"contentUrl\":\"https:\\\/\\\/esportems.com.br\\\/site\\\/wp-content\\\/uploads\\\/2022\\\/12\\\/logo_esportems_250px.png\",\"width\":250,\"height\":250,\"caption\":\"EsporteMS\"},\"image\":{\"@id\":\"https:\\\/\\\/esportems.com.br\\\/site\\\/#\\\/schema\\\/logo\\\/image\\\/\"},\"sameAs\":[\"https:\\\/\\\/www.facebook.com\\\/profile.php?id=100050621362784\",\"https:\\\/\\\/x.com\\\/RadioEsporteMS\",\"https:\\\/\\\/www.instagram.com\\\/esportems2\\\/\",\"https:\\\/\\\/wa.me\\\/5567999590868\",\"https:\\\/\\\/www.youtube.com\\\/esportems\\\/\"]},{\"@type\":\"Person\",\"@id\":\"https:\\\/\\\/esportems.com.br\\\/site\\\/#\\\/schema\\\/person\\\/f451b65748a8ce82d3ca25707a512dda\",\"name\":\"Cl\u00e1udio Severo\",\"image\":{\"@type\":\"ImageObject\",\"inLanguage\":\"pt-BR\",\"@id\":\"https:\\\/\\\/secure.gravatar.com\\\/avatar\\\/94bcbd47e500b15b38519f79158a57abc1fa84f37255ad4b4be197699e1ff784?s=96&d=mm&r=g\",\"url\":\"https:\\\/\\\/secure.gravatar.com\\\/avatar\\\/94bcbd47e500b15b38519f79158a57abc1fa84f37255ad4b4be197699e1ff784?s=96&d=mm&r=g\",\"contentUrl\":\"https:\\\/\\\/secure.gravatar.com\\\/avatar\\\/94bcbd47e500b15b38519f79158a57abc1fa84f37255ad4b4be197699e1ff784?s=96&d=mm&r=g\",\"caption\":\"Cl\u00e1udio Severo\"},\"url\":\"https:\\\/\\\/esportems.com.br\\\/site\\\/author\\\/severo\\\/\"}]}<\/script>\n<!-- \/ Yoast SEO plugin. -->","yoast_head_json":{"title":"Governador confirma que assina concess\u00e3o do Moren\u00e3o ainda em mar\u00e7o - EsporteMS","robots":{"index":"index","follow":"follow","max-snippet":"max-snippet:-1","max-image-preview":"max-image-preview:large","max-video-preview":"max-video-preview:-1"},"canonical":"https:\/\/esportems.com.br\/site\/governador-confirma-que-assina-concessao-do-morenao-ainda-em-marco\/","og_locale":"pt_BR","og_type":"article","og_title":"Governador confirma que assina concess\u00e3o do Moren\u00e3o ainda em mar\u00e7o - EsporteMS","og_description":"O Governo de Mato Grosso do Sul deve assinar ainda neste m\u00eas a concess\u00e3o do est\u00e1dio Est\u00e1dio Pedro Pedrossian \u2013 Moren\u00e3o&nbsp; &#8211; com a Universidade Federal de Mato Grosso do Sul (UFMS). A informa\u00e7\u00e3o havia sido antecipada com exclusividade pelo Portal EsporteMS. A confirma\u00e7\u00e3o veio do governador Eduardo Riedel, que afirmou em entrevista nesta semana [&hellip;]","og_url":"https:\/\/esportems.com.br\/site\/governador-confirma-que-assina-concessao-do-morenao-ainda-em-marco\/","og_site_name":"EsporteMS","article_publisher":"https:\/\/www.facebook.com\/profile.php?id=100050621362784","article_published_time":"2026-03-13T14:30:45+00:00","article_modified_time":"2026-03-13T14:32:36+00:00","og_image":[{"width":1152,"height":635,"url":"https:\/\/esportems.com.br\/site\/wp-content\/uploads\/2026\/03\/Captura-de-tela-2026-03-13-102817.png","type":"image\/png"}],"author":"Cl\u00e1udio Severo","twitter_card":"summary_large_image","twitter_creator":"@RadioEsporteMS","twitter_site":"@RadioEsporteMS","twitter_misc":{"Escrito por":"Cl\u00e1udio Severo","Est. tempo de leitura":"2 minutos"},"schema":{"@context":"https:\/\/schema.org","@graph":[{"@type":"Article","@id":"https:\/\/esportems.com.br\/site\/governador-confirma-que-assina-concessao-do-morenao-ainda-em-marco\/#article","isPartOf":{"@id":"https:\/\/esportems.com.br\/site\/governador-confirma-que-assina-concessao-do-morenao-ainda-em-marco\/"},"author":{"name":"Cl\u00e1udio Severo","@id":"https:\/\/esportems.com.br\/site\/#\/schema\/person\/f451b65748a8ce82d3ca25707a512dda"},"headline":"Governador confirma que assina concess\u00e3o do Moren\u00e3o ainda em mar\u00e7o","datePublished":"2026-03-13T14:30:45+00:00","dateModified":"2026-03-13T14:32:36+00:00","mainEntityOfPage":{"@id":"https:\/\/esportems.com.br\/site\/governador-confirma-que-assina-concessao-do-morenao-ainda-em-marco\/"},"wordCount":287,"commentCount":0,"publisher":{"@id":"https:\/\/esportems.com.br\/site\/#organization"},"image":{"@id":"https:\/\/esportems.com.br\/site\/governador-confirma-que-assina-concessao-do-morenao-ainda-em-marco\/#primaryimage"},"thumbnailUrl":"https:\/\/esportems.com.br\/site\/wp-content\/uploads\/2026\/03\/Captura-de-tela-2026-03-13-102817.png","articleSection":["CONFIRMADO","Featured"],"inLanguage":"pt-BR","potentialAction":[{"@type":"CommentAction","name":"Comment","target":["https:\/\/esportems.com.br\/site\/governador-confirma-que-assina-concessao-do-morenao-ainda-em-marco\/#respond"]}]},{"@type":"WebPage","@id":"https:\/\/esportems.com.br\/site\/governador-confirma-que-assina-concessao-do-morenao-ainda-em-marco\/","url":"https:\/\/esportems.com.br\/site\/governador-confirma-que-assina-concessao-do-morenao-ainda-em-marco\/","name":"Governador confirma que assina concess\u00e3o do Moren\u00e3o ainda em mar\u00e7o - EsporteMS","isPartOf":{"@id":"https:\/\/esportems.com.br\/site\/#website"},"primaryImageOfPage":{"@id":"https:\/\/esportems.com.br\/site\/governador-confirma-que-assina-concessao-do-morenao-ainda-em-marco\/#primaryimage"},"image":{"@id":"https:\/\/esportems.com.br\/site\/governador-confirma-que-assina-concessao-do-morenao-ainda-em-marco\/#primaryimage"},"thumbnailUrl":"https:\/\/esportems.com.br\/site\/wp-content\/uploads\/2026\/03\/Captura-de-tela-2026-03-13-102817.png","datePublished":"2026-03-13T14:30:45+00:00","dateModified":"2026-03-13T14:32:36+00:00","breadcrumb":{"@id":"https:\/\/esportems.com.br\/site\/governador-confirma-que-assina-concessao-do-morenao-ainda-em-marco\/#breadcrumb"},"inLanguage":"pt-BR","potentialAction":[{"@type":"ReadAction","target":["https:\/\/esportems.com.br\/site\/governador-confirma-que-assina-concessao-do-morenao-ainda-em-marco\/"]}]},{"@type":"ImageObject","inLanguage":"pt-BR","@id":"https:\/\/esportems.com.br\/site\/governador-confirma-que-assina-concessao-do-morenao-ainda-em-marco\/#primaryimage","url":"https:\/\/esportems.com.br\/site\/wp-content\/uploads\/2026\/03\/Captura-de-tela-2026-03-13-102817.png","contentUrl":"https:\/\/esportems.com.br\/site\/wp-content\/uploads\/2026\/03\/Captura-de-tela-2026-03-13-102817.png","width":1152,"height":635,"caption":"Governador do MS, Eduardo Riedel, em entrevista (foto-aquivo EMS)"},{"@type":"BreadcrumbList","@id":"https:\/\/esportems.com.br\/site\/governador-confirma-que-assina-concessao-do-morenao-ainda-em-marco\/#breadcrumb","itemListElement":[{"@type":"ListItem","position":1,"name":"In\u00edcio","item":"https:\/\/esportems.com.br\/site\/"},{"@type":"ListItem","position":2,"name":"Governador confirma que assina concess\u00e3o do Moren\u00e3o ainda em mar\u00e7o"}]},{"@type":"WebSite","@id":"https:\/\/esportems.com.br\/site\/#website","url":"https:\/\/esportems.com.br\/site\/","name":"EsporteMS","description":"O melhor conte\u00fado de esporte de MS","publisher":{"@id":"https:\/\/esportems.com.br\/site\/#organization"},"potentialAction":[{"@type":"SearchAction","target":{"@type":"EntryPoint","urlTemplate":"https:\/\/esportems.com.br\/site\/?s={search_term_string}"},"query-input":{"@type":"PropertyValueSpecification","valueRequired":true,"valueName":"search_term_string"}}],"inLanguage":"pt-BR"},{"@type":"Organization","@id":"https:\/\/esportems.com.br\/site\/#organization","name":"EsporteMS","url":"https:\/\/esportems.com.br\/site\/","logo":{"@type":"ImageObject","inLanguage":"pt-BR","@id":"https:\/\/esportems.com.br\/site\/#\/schema\/logo\/image\/","url":"https:\/\/esportems.com.br\/site\/wp-content\/uploads\/2022\/12\/logo_esportems_250px.png","contentUrl":"https:\/\/esportems.com.br\/site\/wp-content\/uploads\/2022\/12\/logo_esportems_250px.png","width":250,"height":250,"caption":"EsporteMS"},"image":{"@id":"https:\/\/esportems.com.br\/site\/#\/schema\/logo\/image\/"},"sameAs":["https:\/\/www.facebook.com\/profile.php?id=100050621362784","https:\/\/x.com\/RadioEsporteMS","https:\/\/www.instagram.com\/esportems2\/","https:\/\/wa.me\/5567999590868","https:\/\/www.youtube.com\/esportems\/"]},{"@type":"Person","@id":"https:\/\/esportems.com.br\/site\/#\/schema\/person\/f451b65748a8ce82d3ca25707a512dda","name":"Cl\u00e1udio Severo","image":{"@type":"ImageObject","inLanguage":"pt-BR","@id":"https:\/\/secure.gravatar.com\/avatar\/94bcbd47e500b15b38519f79158a57abc1fa84f37255ad4b4be197699e1ff784?s=96&d=mm&r=g","url":"https:\/\/secure.gravatar.com\/avatar\/94bcbd47e500b15b38519f79158a57abc1fa84f37255ad4b4be197699e1ff784?s=96&d=mm&r=g","contentUrl":"https:\/\/secure.gravatar.com\/avatar\/94bcbd47e500b15b38519f79158a57abc1fa84f37255ad4b4be197699e1ff784?s=96&d=mm&r=g","caption":"Cl\u00e1udio Severo"},"url":"https:\/\/esportems.com.br\/site\/author\/severo\/"}]}},"amp_enabled":true,"_links":{"self":[{"href":"https:\/\/esportems.com.br\/site\/wp-json\/wp\/v2\/posts\/53427","targetHints":{"allow":["GET"]}}],"collection":[{"href":"https:\/\/esportems.com.br\/site\/wp-json\/wp\/v2\/posts"}],"about":[{"href":"https:\/\/esportems.com.br\/site\/wp-json\/wp\/v2\/types\/post"}],"author":[{"embeddable":true,"href":"https:\/\/esportems.com.br\/site\/wp-json\/wp\/v2\/users\/3"}],"replies":[{"embeddable":true,"href":"https:\/\/esportems.com.br\/site\/wp-json\/wp\/v2\/comments?post=53427"}],"version-history":[{"count":3,"href":"https:\/\/esportems.com.br\/site\/wp-json\/wp\/v2\/posts\/53427\/revisions"}],"predecessor-version":[{"id":53432,"href":"https:\/\/esportems.com.br\/site\/wp-json\/wp\/v2\/posts\/53427\/revisions\/53432"}],"wp:featuredmedia":[{"embeddable":true,"href":"https:\/\/esportems.com.br\/site\/wp-json\/wp\/v2\/media\/53429"}],"wp:attachment":[{"href":"https:\/\/esportems.com.br\/site\/wp-json\/wp\/v2\/media?parent=53427"}],"wp:term":[{"taxonomy":"category","embeddable":true,"href":"https:\/\/esportems.com.br\/site\/wp-json\/wp\/v2\/categories?post=53427"},{"taxonomy":"post_tag","embeddable":true,"href":"https:\/\/esportems.com.br\/site\/wp-json\/wp\/v2\/tags?post=53427"}],"curies":[{"name":"wp","href":"https:\/\/api.w.org\/{rel}","templated":true}]}}