{"id":54280,"date":"2026-04-26T08:52:29","date_gmt":"2026-04-26T12:52:29","guid":{"rendered":"https:\/\/esportems.com.br\/site\/?p=54280"},"modified":"2026-04-26T08:52:29","modified_gmt":"2026-04-26T12:52:29","slug":"em-casa-juventude-ag-busca-recuperacao-na-copa-lnf","status":"publish","type":"post","link":"https:\/\/esportems.com.br\/site\/em-casa-juventude-ag-busca-recuperacao-na-copa-lnf\/","title":{"rendered":"Em casa, Juventude AG busca recupera\u00e7\u00e3o na Copa LNF"},"content":{"rendered":"<p>O Juventude AG entra em quadra pela terceira competi\u00e7\u00e3o nacional neste primeiro semestre, agora pela primeira edi\u00e7\u00e3o da <span style=\"color: #ff0000;\"><strong>Copa LNF<\/strong><\/span>. Neste domingo (26), \u00e0s 12h30, no Gin\u00e1sio Municipal Ulysses Guimar\u00e3es, em Dourados, o JAG enfrenta o Minas T\u00eanis Clube-MG, uma das equipes mais tradicionais da modalidade no pa\u00eds.<\/p>\n<p>O confronto ser\u00e1 definido em jogo \u00fanico para apontar quem fica com a vaga nas oitavas de final. O vencedor se classifica e, em caso de empate, a partida segue para prorroga\u00e7\u00e3o e, permanecendo a igualdade, a disputa vai para os p\u00eanaltis.<\/p>\n<p>Al\u00e9m da for\u00e7a do advers\u00e1rio, o Juventude AG vai precisar superar o desgaste da longa viagem durante a semana para enfrentar o Balsas Futsal, em S\u00e3o Lu\u00eds (MS), na \u00faltima quinta-feira (23). A delega\u00e7\u00e3o chegou em Dourados no fim da tarde de sexta (24) e fez um treino final neste s\u00e1bado (24). O t\u00e9cnico Jo\u00e3o Carlos Banana tem quase todo elenco \u00e0 disposi\u00e7\u00e3o. A \u00fanica d\u00favida \u00e9 o ala Mau\u00e1, que foi poupado na partida do meio de semana.<\/p>\n<p>Os dois times chegam ao confronto em situa\u00e7\u00e3o semelhante nas competi\u00e7\u00f5es que disputam, ainda em busca da primeira vit\u00f3ria. O Juventude AG perdeu os dois jogos fora de casa, para Liga S\u00e3o Caetano Futsal-SP e Balsas Futsal-MA, e empatou em casa com o Joa\u00e7aba Futsal-SC pela LNF Silver. J\u00e1 o Minas Futsal, LNF Gold, perdeu para o Magnus Futsal na estreia fora de casa e empatou com o ACBF, em BH, e com o Cascavel Futsal, fora.<\/p>\n<p>Bilheterias<\/p>\n<p>Os ingressos para a partida estar\u00e3o \u00e0 venda a partir das 11h nas bilheterias do Gin\u00e1sio Municipal e custam R$ 20. Estudantes devidamente identificados, professores das redes municipal e estadual pagam meia-entrada a R$ 10. Crian\u00e7as at\u00e9 12 anos, idosos, doadores de sangue e pessoas com defici\u00eancia (PcD) n\u00e3o pagam.<\/p>\n<p>O que \u00e9 a Copa LNF<\/p>\n<p>Reunindo clubes da LNF Gold e da LNF Silver, a Copa LNF foi criada para ampliar o calend\u00e1rio e proporcionar confrontos entre equipes de diferentes divis\u00f5es, aumentando ainda mais o n\u00edvel de competitividade e visibilidade do futsal brasileiro.<\/p>\n<p>Disputada em formato de confrontos eliminat\u00f3rios, a Copa LNF coloca frente a frente times das duas divis\u00f5es nacionais. Nesta primeira fase, os mandos de quadra s\u00e3o das equipes da LNF Silver, o que equilibra ainda mais os duelos e valoriza as equipes em ascens\u00e3o no cen\u00e1rio nacional.<\/p>\n<p>A Copa LNF come\u00e7ou no \u00faltimo dia 15 de abril com o confronto entre os times paranaenses S\u00e3o Miguel Futsal e Umuarama Futsal, com classifica\u00e7\u00e3o deste \u00faltimo, nos p\u00eanaltis por 3 a 1, ap\u00f3s empate em 2 a 2.<\/p>\n<p>Jogos de Domingo<\/p>\n<p>S\u00e3o Caetano x Campo Mour\u00e3o<br \/>\nDracena x Marreco<br \/>\nAm\u00e9rica-RN x Atl\u00e2ntico<br \/>\nApodi x Magnus<br \/>\nChopinzinho x Pato<br \/>\nBlumenau x Joinville<br \/>\nLages x Praia Clube<br \/>\nJoa\u00e7aba x Tubar\u00e3o<br \/>\nConc\u00f3rdia x Cascavel<\/p>\n","protected":false},"excerpt":{"rendered":"<p>O Juventude AG entra em quadra pela terceira competi\u00e7\u00e3o nacional neste primeiro semestre, agora pela primeira edi\u00e7\u00e3o da Copa LNF. Neste domingo (26), \u00e0s 12h30, no Gin\u00e1sio Municipal Ulysses Guimar\u00e3es, em Dourados, o JAG enfrenta o Minas T\u00eanis Clube-MG, uma das equipes mais tradicionais da modalidade no pa\u00eds. O confronto ser\u00e1 definido em jogo \u00fanico [&hellip;]<\/p>\n","protected":false},"author":3,"featured_media":54281,"comment_status":"open","ping_status":"open","sticky":false,"template":"","format":"standard","meta":{"ngg_post_thumbnail":0,"tdm_status":"","tdm_grid_status":"","footnotes":""},"categories":[220,2],"tags":[],"class_list":{"0":"post-54280","1":"post","2":"type-post","3":"status-publish","4":"format-standard","5":"has-post-thumbnail","7":"category-bola-pesada","8":"category-featured"},"yoast_head":"<!-- This site is optimized with the Yoast SEO plugin v27.4 - https:\/\/yoast.com\/product\/yoast-seo-wordpress\/ -->\n<title>Em casa, Juventude AG busca recupera\u00e7\u00e3o na Copa LNF - EsporteMS<\/title>\n<meta name=\"robots\" content=\"index, follow, max-snippet:-1, max-image-preview:large, max-video-preview:-1\" \/>\n<link rel=\"canonical\" href=\"https:\/\/esportems.com.br\/site\/em-casa-juventude-ag-busca-recuperacao-na-copa-lnf\/\" \/>\n<meta property=\"og:locale\" content=\"pt_BR\" \/>\n<meta property=\"og:type\" content=\"article\" \/>\n<meta property=\"og:title\" content=\"Em casa, Juventude AG busca recupera\u00e7\u00e3o na Copa LNF - EsporteMS\" \/>\n<meta property=\"og:description\" content=\"O Juventude AG entra em quadra pela terceira competi\u00e7\u00e3o nacional neste primeiro semestre, agora pela primeira edi\u00e7\u00e3o da Copa LNF. Neste domingo (26), \u00e0s 12h30, no Gin\u00e1sio Municipal Ulysses Guimar\u00e3es, em Dourados, o JAG enfrenta o Minas T\u00eanis Clube-MG, uma das equipes mais tradicionais da modalidade no pa\u00eds. O confronto ser\u00e1 definido em jogo \u00fanico [&hellip;]\" \/>\n<meta property=\"og:url\" content=\"https:\/\/esportems.com.br\/site\/em-casa-juventude-ag-busca-recuperacao-na-copa-lnf\/\" \/>\n<meta property=\"og:site_name\" content=\"EsporteMS\" \/>\n<meta property=\"article:publisher\" content=\"https:\/\/www.facebook.com\/profile.php?id=100050621362784\" \/>\n<meta property=\"article:published_time\" content=\"2026-04-26T12:52:29+00:00\" \/>\n<meta property=\"og:image\" content=\"https:\/\/esportems.com.br\/site\/wp-content\/uploads\/2026\/04\/1-futsal.png\" \/>\n\t<meta property=\"og:image:width\" content=\"1040\" \/>\n\t<meta property=\"og:image:height\" content=\"689\" \/>\n\t<meta property=\"og:image:type\" content=\"image\/png\" \/>\n<meta name=\"author\" content=\"Cl\u00e1udio Severo\" \/>\n<meta name=\"twitter:card\" content=\"summary_large_image\" \/>\n<meta name=\"twitter:creator\" content=\"@RadioEsporteMS\" \/>\n<meta name=\"twitter:site\" content=\"@RadioEsporteMS\" \/>\n<meta name=\"twitter:label1\" content=\"Escrito por\" \/>\n\t<meta name=\"twitter:data1\" content=\"Cl\u00e1udio Severo\" \/>\n\t<meta name=\"twitter:label2\" content=\"Est. tempo de leitura\" \/>\n\t<meta name=\"twitter:data2\" content=\"3 minutos\" \/>\n<script type=\"application\/ld+json\" class=\"yoast-schema-graph\">{\"@context\":\"https:\\\/\\\/schema.org\",\"@graph\":[{\"@type\":\"Article\",\"@id\":\"https:\\\/\\\/esportems.com.br\\\/site\\\/em-casa-juventude-ag-busca-recuperacao-na-copa-lnf\\\/#article\",\"isPartOf\":{\"@id\":\"https:\\\/\\\/esportems.com.br\\\/site\\\/em-casa-juventude-ag-busca-recuperacao-na-copa-lnf\\\/\"},\"author\":{\"name\":\"Cl\u00e1udio Severo\",\"@id\":\"https:\\\/\\\/esportems.com.br\\\/site\\\/#\\\/schema\\\/person\\\/f451b65748a8ce82d3ca25707a512dda\"},\"headline\":\"Em casa, Juventude AG busca recupera\u00e7\u00e3o na Copa LNF\",\"datePublished\":\"2026-04-26T12:52:29+00:00\",\"mainEntityOfPage\":{\"@id\":\"https:\\\/\\\/esportems.com.br\\\/site\\\/em-casa-juventude-ag-busca-recuperacao-na-copa-lnf\\\/\"},\"wordCount\":503,\"commentCount\":0,\"publisher\":{\"@id\":\"https:\\\/\\\/esportems.com.br\\\/site\\\/#organization\"},\"image\":{\"@id\":\"https:\\\/\\\/esportems.com.br\\\/site\\\/em-casa-juventude-ag-busca-recuperacao-na-copa-lnf\\\/#primaryimage\"},\"thumbnailUrl\":\"https:\\\/\\\/esportems.com.br\\\/site\\\/wp-content\\\/uploads\\\/2026\\\/04\\\/1-futsal.png\",\"articleSection\":[\"BOLA PESADA\",\"Featured\"],\"inLanguage\":\"pt-BR\",\"potentialAction\":[{\"@type\":\"CommentAction\",\"name\":\"Comment\",\"target\":[\"https:\\\/\\\/esportems.com.br\\\/site\\\/em-casa-juventude-ag-busca-recuperacao-na-copa-lnf\\\/#respond\"]}]},{\"@type\":\"WebPage\",\"@id\":\"https:\\\/\\\/esportems.com.br\\\/site\\\/em-casa-juventude-ag-busca-recuperacao-na-copa-lnf\\\/\",\"url\":\"https:\\\/\\\/esportems.com.br\\\/site\\\/em-casa-juventude-ag-busca-recuperacao-na-copa-lnf\\\/\",\"name\":\"Em casa, Juventude AG busca recupera\u00e7\u00e3o na Copa LNF - EsporteMS\",\"isPartOf\":{\"@id\":\"https:\\\/\\\/esportems.com.br\\\/site\\\/#website\"},\"primaryImageOfPage\":{\"@id\":\"https:\\\/\\\/esportems.com.br\\\/site\\\/em-casa-juventude-ag-busca-recuperacao-na-copa-lnf\\\/#primaryimage\"},\"image\":{\"@id\":\"https:\\\/\\\/esportems.com.br\\\/site\\\/em-casa-juventude-ag-busca-recuperacao-na-copa-lnf\\\/#primaryimage\"},\"thumbnailUrl\":\"https:\\\/\\\/esportems.com.br\\\/site\\\/wp-content\\\/uploads\\\/2026\\\/04\\\/1-futsal.png\",\"datePublished\":\"2026-04-26T12:52:29+00:00\",\"breadcrumb\":{\"@id\":\"https:\\\/\\\/esportems.com.br\\\/site\\\/em-casa-juventude-ag-busca-recuperacao-na-copa-lnf\\\/#breadcrumb\"},\"inLanguage\":\"pt-BR\",\"potentialAction\":[{\"@type\":\"ReadAction\",\"target\":[\"https:\\\/\\\/esportems.com.br\\\/site\\\/em-casa-juventude-ag-busca-recuperacao-na-copa-lnf\\\/\"]}]},{\"@type\":\"ImageObject\",\"inLanguage\":\"pt-BR\",\"@id\":\"https:\\\/\\\/esportems.com.br\\\/site\\\/em-casa-juventude-ag-busca-recuperacao-na-copa-lnf\\\/#primaryimage\",\"url\":\"https:\\\/\\\/esportems.com.br\\\/site\\\/wp-content\\\/uploads\\\/2026\\\/04\\\/1-futsal.png\",\"contentUrl\":\"https:\\\/\\\/esportems.com.br\\\/site\\\/wp-content\\\/uploads\\\/2026\\\/04\\\/1-futsal.png\",\"width\":1040,\"height\":689},{\"@type\":\"BreadcrumbList\",\"@id\":\"https:\\\/\\\/esportems.com.br\\\/site\\\/em-casa-juventude-ag-busca-recuperacao-na-copa-lnf\\\/#breadcrumb\",\"itemListElement\":[{\"@type\":\"ListItem\",\"position\":1,\"name\":\"In\u00edcio\",\"item\":\"https:\\\/\\\/esportems.com.br\\\/site\\\/\"},{\"@type\":\"ListItem\",\"position\":2,\"name\":\"Em casa, Juventude AG busca recupera\u00e7\u00e3o na Copa LNF\"}]},{\"@type\":\"WebSite\",\"@id\":\"https:\\\/\\\/esportems.com.br\\\/site\\\/#website\",\"url\":\"https:\\\/\\\/esportems.com.br\\\/site\\\/\",\"name\":\"EsporteMS\",\"description\":\"O melhor conte\u00fado de esporte de MS\",\"publisher\":{\"@id\":\"https:\\\/\\\/esportems.com.br\\\/site\\\/#organization\"},\"potentialAction\":[{\"@type\":\"SearchAction\",\"target\":{\"@type\":\"EntryPoint\",\"urlTemplate\":\"https:\\\/\\\/esportems.com.br\\\/site\\\/?s={search_term_string}\"},\"query-input\":{\"@type\":\"PropertyValueSpecification\",\"valueRequired\":true,\"valueName\":\"search_term_string\"}}],\"inLanguage\":\"pt-BR\"},{\"@type\":\"Organization\",\"@id\":\"https:\\\/\\\/esportems.com.br\\\/site\\\/#organization\",\"name\":\"EsporteMS\",\"url\":\"https:\\\/\\\/esportems.com.br\\\/site\\\/\",\"logo\":{\"@type\":\"ImageObject\",\"inLanguage\":\"pt-BR\",\"@id\":\"https:\\\/\\\/esportems.com.br\\\/site\\\/#\\\/schema\\\/logo\\\/image\\\/\",\"url\":\"https:\\\/\\\/esportems.com.br\\\/site\\\/wp-content\\\/uploads\\\/2022\\\/12\\\/logo_esportems_250px.png\",\"contentUrl\":\"https:\\\/\\\/esportems.com.br\\\/site\\\/wp-content\\\/uploads\\\/2022\\\/12\\\/logo_esportems_250px.png\",\"width\":250,\"height\":250,\"caption\":\"EsporteMS\"},\"image\":{\"@id\":\"https:\\\/\\\/esportems.com.br\\\/site\\\/#\\\/schema\\\/logo\\\/image\\\/\"},\"sameAs\":[\"https:\\\/\\\/www.facebook.com\\\/profile.php?id=100050621362784\",\"https:\\\/\\\/x.com\\\/RadioEsporteMS\",\"https:\\\/\\\/www.instagram.com\\\/esportems2\\\/\",\"https:\\\/\\\/wa.me\\\/5567999590868\",\"https:\\\/\\\/www.youtube.com\\\/esportems\\\/\"]},{\"@type\":\"Person\",\"@id\":\"https:\\\/\\\/esportems.com.br\\\/site\\\/#\\\/schema\\\/person\\\/f451b65748a8ce82d3ca25707a512dda\",\"name\":\"Cl\u00e1udio Severo\",\"image\":{\"@type\":\"ImageObject\",\"inLanguage\":\"pt-BR\",\"@id\":\"https:\\\/\\\/secure.gravatar.com\\\/avatar\\\/94bcbd47e500b15b38519f79158a57abc1fa84f37255ad4b4be197699e1ff784?s=96&d=mm&r=g\",\"url\":\"https:\\\/\\\/secure.gravatar.com\\\/avatar\\\/94bcbd47e500b15b38519f79158a57abc1fa84f37255ad4b4be197699e1ff784?s=96&d=mm&r=g\",\"contentUrl\":\"https:\\\/\\\/secure.gravatar.com\\\/avatar\\\/94bcbd47e500b15b38519f79158a57abc1fa84f37255ad4b4be197699e1ff784?s=96&d=mm&r=g\",\"caption\":\"Cl\u00e1udio Severo\"},\"url\":\"https:\\\/\\\/esportems.com.br\\\/site\\\/author\\\/severo\\\/\"}]}<\/script>\n<!-- \/ Yoast SEO plugin. -->","yoast_head_json":{"title":"Em casa, Juventude AG busca recupera\u00e7\u00e3o na Copa LNF - EsporteMS","robots":{"index":"index","follow":"follow","max-snippet":"max-snippet:-1","max-image-preview":"max-image-preview:large","max-video-preview":"max-video-preview:-1"},"canonical":"https:\/\/esportems.com.br\/site\/em-casa-juventude-ag-busca-recuperacao-na-copa-lnf\/","og_locale":"pt_BR","og_type":"article","og_title":"Em casa, Juventude AG busca recupera\u00e7\u00e3o na Copa LNF - EsporteMS","og_description":"O Juventude AG entra em quadra pela terceira competi\u00e7\u00e3o nacional neste primeiro semestre, agora pela primeira edi\u00e7\u00e3o da Copa LNF. Neste domingo (26), \u00e0s 12h30, no Gin\u00e1sio Municipal Ulysses Guimar\u00e3es, em Dourados, o JAG enfrenta o Minas T\u00eanis Clube-MG, uma das equipes mais tradicionais da modalidade no pa\u00eds. O confronto ser\u00e1 definido em jogo \u00fanico [&hellip;]","og_url":"https:\/\/esportems.com.br\/site\/em-casa-juventude-ag-busca-recuperacao-na-copa-lnf\/","og_site_name":"EsporteMS","article_publisher":"https:\/\/www.facebook.com\/profile.php?id=100050621362784","article_published_time":"2026-04-26T12:52:29+00:00","og_image":[{"width":1040,"height":689,"url":"https:\/\/esportems.com.br\/site\/wp-content\/uploads\/2026\/04\/1-futsal.png","type":"image\/png"}],"author":"Cl\u00e1udio Severo","twitter_card":"summary_large_image","twitter_creator":"@RadioEsporteMS","twitter_site":"@RadioEsporteMS","twitter_misc":{"Escrito por":"Cl\u00e1udio Severo","Est. tempo de leitura":"3 minutos"},"schema":{"@context":"https:\/\/schema.org","@graph":[{"@type":"Article","@id":"https:\/\/esportems.com.br\/site\/em-casa-juventude-ag-busca-recuperacao-na-copa-lnf\/#article","isPartOf":{"@id":"https:\/\/esportems.com.br\/site\/em-casa-juventude-ag-busca-recuperacao-na-copa-lnf\/"},"author":{"name":"Cl\u00e1udio Severo","@id":"https:\/\/esportems.com.br\/site\/#\/schema\/person\/f451b65748a8ce82d3ca25707a512dda"},"headline":"Em casa, Juventude AG busca recupera\u00e7\u00e3o na Copa LNF","datePublished":"2026-04-26T12:52:29+00:00","mainEntityOfPage":{"@id":"https:\/\/esportems.com.br\/site\/em-casa-juventude-ag-busca-recuperacao-na-copa-lnf\/"},"wordCount":503,"commentCount":0,"publisher":{"@id":"https:\/\/esportems.com.br\/site\/#organization"},"image":{"@id":"https:\/\/esportems.com.br\/site\/em-casa-juventude-ag-busca-recuperacao-na-copa-lnf\/#primaryimage"},"thumbnailUrl":"https:\/\/esportems.com.br\/site\/wp-content\/uploads\/2026\/04\/1-futsal.png","articleSection":["BOLA PESADA","Featured"],"inLanguage":"pt-BR","potentialAction":[{"@type":"CommentAction","name":"Comment","target":["https:\/\/esportems.com.br\/site\/em-casa-juventude-ag-busca-recuperacao-na-copa-lnf\/#respond"]}]},{"@type":"WebPage","@id":"https:\/\/esportems.com.br\/site\/em-casa-juventude-ag-busca-recuperacao-na-copa-lnf\/","url":"https:\/\/esportems.com.br\/site\/em-casa-juventude-ag-busca-recuperacao-na-copa-lnf\/","name":"Em casa, Juventude AG busca recupera\u00e7\u00e3o na Copa LNF - EsporteMS","isPartOf":{"@id":"https:\/\/esportems.com.br\/site\/#website"},"primaryImageOfPage":{"@id":"https:\/\/esportems.com.br\/site\/em-casa-juventude-ag-busca-recuperacao-na-copa-lnf\/#primaryimage"},"image":{"@id":"https:\/\/esportems.com.br\/site\/em-casa-juventude-ag-busca-recuperacao-na-copa-lnf\/#primaryimage"},"thumbnailUrl":"https:\/\/esportems.com.br\/site\/wp-content\/uploads\/2026\/04\/1-futsal.png","datePublished":"2026-04-26T12:52:29+00:00","breadcrumb":{"@id":"https:\/\/esportems.com.br\/site\/em-casa-juventude-ag-busca-recuperacao-na-copa-lnf\/#breadcrumb"},"inLanguage":"pt-BR","potentialAction":[{"@type":"ReadAction","target":["https:\/\/esportems.com.br\/site\/em-casa-juventude-ag-busca-recuperacao-na-copa-lnf\/"]}]},{"@type":"ImageObject","inLanguage":"pt-BR","@id":"https:\/\/esportems.com.br\/site\/em-casa-juventude-ag-busca-recuperacao-na-copa-lnf\/#primaryimage","url":"https:\/\/esportems.com.br\/site\/wp-content\/uploads\/2026\/04\/1-futsal.png","contentUrl":"https:\/\/esportems.com.br\/site\/wp-content\/uploads\/2026\/04\/1-futsal.png","width":1040,"height":689},{"@type":"BreadcrumbList","@id":"https:\/\/esportems.com.br\/site\/em-casa-juventude-ag-busca-recuperacao-na-copa-lnf\/#breadcrumb","itemListElement":[{"@type":"ListItem","position":1,"name":"In\u00edcio","item":"https:\/\/esportems.com.br\/site\/"},{"@type":"ListItem","position":2,"name":"Em casa, Juventude AG busca recupera\u00e7\u00e3o na Copa LNF"}]},{"@type":"WebSite","@id":"https:\/\/esportems.com.br\/site\/#website","url":"https:\/\/esportems.com.br\/site\/","name":"EsporteMS","description":"O melhor conte\u00fado de esporte de MS","publisher":{"@id":"https:\/\/esportems.com.br\/site\/#organization"},"potentialAction":[{"@type":"SearchAction","target":{"@type":"EntryPoint","urlTemplate":"https:\/\/esportems.com.br\/site\/?s={search_term_string}"},"query-input":{"@type":"PropertyValueSpecification","valueRequired":true,"valueName":"search_term_string"}}],"inLanguage":"pt-BR"},{"@type":"Organization","@id":"https:\/\/esportems.com.br\/site\/#organization","name":"EsporteMS","url":"https:\/\/esportems.com.br\/site\/","logo":{"@type":"ImageObject","inLanguage":"pt-BR","@id":"https:\/\/esportems.com.br\/site\/#\/schema\/logo\/image\/","url":"https:\/\/esportems.com.br\/site\/wp-content\/uploads\/2022\/12\/logo_esportems_250px.png","contentUrl":"https:\/\/esportems.com.br\/site\/wp-content\/uploads\/2022\/12\/logo_esportems_250px.png","width":250,"height":250,"caption":"EsporteMS"},"image":{"@id":"https:\/\/esportems.com.br\/site\/#\/schema\/logo\/image\/"},"sameAs":["https:\/\/www.facebook.com\/profile.php?id=100050621362784","https:\/\/x.com\/RadioEsporteMS","https:\/\/www.instagram.com\/esportems2\/","https:\/\/wa.me\/5567999590868","https:\/\/www.youtube.com\/esportems\/"]},{"@type":"Person","@id":"https:\/\/esportems.com.br\/site\/#\/schema\/person\/f451b65748a8ce82d3ca25707a512dda","name":"Cl\u00e1udio Severo","image":{"@type":"ImageObject","inLanguage":"pt-BR","@id":"https:\/\/secure.gravatar.com\/avatar\/94bcbd47e500b15b38519f79158a57abc1fa84f37255ad4b4be197699e1ff784?s=96&d=mm&r=g","url":"https:\/\/secure.gravatar.com\/avatar\/94bcbd47e500b15b38519f79158a57abc1fa84f37255ad4b4be197699e1ff784?s=96&d=mm&r=g","contentUrl":"https:\/\/secure.gravatar.com\/avatar\/94bcbd47e500b15b38519f79158a57abc1fa84f37255ad4b4be197699e1ff784?s=96&d=mm&r=g","caption":"Cl\u00e1udio Severo"},"url":"https:\/\/esportems.com.br\/site\/author\/severo\/"}]}},"amp_enabled":true,"_links":{"self":[{"href":"https:\/\/esportems.com.br\/site\/wp-json\/wp\/v2\/posts\/54280","targetHints":{"allow":["GET"]}}],"collection":[{"href":"https:\/\/esportems.com.br\/site\/wp-json\/wp\/v2\/posts"}],"about":[{"href":"https:\/\/esportems.com.br\/site\/wp-json\/wp\/v2\/types\/post"}],"author":[{"embeddable":true,"href":"https:\/\/esportems.com.br\/site\/wp-json\/wp\/v2\/users\/3"}],"replies":[{"embeddable":true,"href":"https:\/\/esportems.com.br\/site\/wp-json\/wp\/v2\/comments?post=54280"}],"version-history":[{"count":1,"href":"https:\/\/esportems.com.br\/site\/wp-json\/wp\/v2\/posts\/54280\/revisions"}],"predecessor-version":[{"id":54282,"href":"https:\/\/esportems.com.br\/site\/wp-json\/wp\/v2\/posts\/54280\/revisions\/54282"}],"wp:featuredmedia":[{"embeddable":true,"href":"https:\/\/esportems.com.br\/site\/wp-json\/wp\/v2\/media\/54281"}],"wp:attachment":[{"href":"https:\/\/esportems.com.br\/site\/wp-json\/wp\/v2\/media?parent=54280"}],"wp:term":[{"taxonomy":"category","embeddable":true,"href":"https:\/\/esportems.com.br\/site\/wp-json\/wp\/v2\/categories?post=54280"},{"taxonomy":"post_tag","embeddable":true,"href":"https:\/\/esportems.com.br\/site\/wp-json\/wp\/v2\/tags?post=54280"}],"curies":[{"name":"wp","href":"https:\/\/api.w.org\/{rel}","templated":true}]}}