{"id":54283,"date":"2026-04-26T09:15:59","date_gmt":"2026-04-26T13:15:59","guid":{"rendered":"https:\/\/esportems.com.br\/site\/?p=54283"},"modified":"2026-04-26T09:16:29","modified_gmt":"2026-04-26T13:16:29","slug":"veteranos-mostram-faro-de-gol-na-abertura-da-vila-nasser","status":"publish","type":"post","link":"https:\/\/esportems.com.br\/site\/veteranos-mostram-faro-de-gol-na-abertura-da-vila-nasser\/","title":{"rendered":"Veteranos mostram &#8216;faro de gol&#8217; na abertura da Vila Nasser"},"content":{"rendered":"<p data-start=\"153\" data-end=\"401\">Come\u00e7ou neste s\u00e1bado e com os \u201cveios\u201d dando um verdadeiro show dentro de campo. A abertura da <span style=\"color: #ff0000;\"><strong>6\u00aa edi\u00e7\u00e3o do Campeonato Veterano da Vila Nasser<\/strong><\/span>, na zona oeste de Campo Grande, come\u00e7ou com emo\u00e7\u00e3o, muitos gols e promessa de grandes disputas ao longo da competi\u00e7\u00e3o.<\/p>\n<p data-start=\"403\" data-end=\"650\">Logo nos tr\u00eas primeiros jogos, os veteranos mostraram que experi\u00eancia e qualidade seguem fazendo a diferen\u00e7a. Ao todo, foram 10 gols marcados na rodada inaugural, garantindo uma m\u00e9dia superior a tr\u00eas gols por partida e animando o p\u00fablico presente.<\/p>\n<p data-start=\"652\" data-end=\"684\">Os resultados da abertura foram:<\/p>\n<ul data-start=\"686\" data-end=\"802\">\n<li data-section-id=\"1j2kyc7\" data-start=\"686\" data-end=\"717\">Alex\/LX Tec 3 x 0 Bonamigos<\/li>\n<li data-section-id=\"q0l4kx\" data-start=\"718\" data-end=\"761\">Amigos FC\/Casar\u00e3o 4 x 0 Amigos do Nando<\/li>\n<li data-section-id=\"1lqmueu\" data-start=\"762\" data-end=\"802\">Os Veio da Bola 3 x 0 Fortuna Master<\/li>\n<\/ul>\n<p data-start=\"804\" data-end=\"1095\">Um dos destaques da rodada foi a equipe <em>Os Veio da Bola<\/em>, atual vice-campe\u00e3 de 2025, que estreou com uma vit\u00f3ria convincente por 3 a 0 sobre o Fortuna Master. O resultado j\u00e1 demonstra que o time entra forte na competi\u00e7\u00e3o e determinado a ir al\u00e9m nesta edi\u00e7\u00e3o, na busca pelo t\u00e3o sonhado t\u00edtulo.<\/p>\n<p data-start=\"1097\" data-end=\"1307\">Dentro de campo, o que se viu foi intensidade, boas jogadas e efici\u00eancia nas finaliza\u00e7\u00f5es. Os atacantes come\u00e7aram inspirados, e a disputa pela artilharia j\u00e1 desponta como um dos grandes atrativos do campeonato.<\/p>\n<p data-start=\"1309\" data-end=\"1436\">Coordenador da competi\u00e7\u00e3o, Valdenir da Pax destacou o alto n\u00edvel apresentado logo na estreia e a pontaria afiada dos jogadores.<\/p>\n<p data-start=\"1438\" data-end=\"1603\">\u201cA gente j\u00e1 percebe que os artilheiros est\u00e3o bem afinados. Vai ser uma disputa bonita pela artilharia e, com certeza, o p\u00fablico pode esperar grandes jogos\u201d, afirmou.<\/p>\n<p data-start=\"1605\" data-end=\"1875\">Outro ponto positivo desta edi\u00e7\u00e3o \u00e9 a previs\u00e3o de transmiss\u00e3o das fases decisivas. As semifinais e finais devem ser exibidas ao vivo pelo canal esportivo no YouTube <em><strong><span style=\"color: #ff0000;\">(youtube.com\/esportems<\/span><\/strong><\/em>), ampliando o alcance do campeonato e valorizando ainda mais os atletas veteranos.<\/p>\n<p data-start=\"1877\" data-end=\"2068\">Com um in\u00edcio empolgante, o Campeonato Veterano da Vila Nasser refor\u00e7a que a paix\u00e3o pelo futebol n\u00e3o tem idade \u2014 e que, quando a bola rola, experi\u00eancia e competitividade caminham lado a lado.<\/p>\n","protected":false},"excerpt":{"rendered":"<p>Come\u00e7ou neste s\u00e1bado e com os \u201cveios\u201d dando um verdadeiro show dentro de campo. A abertura da 6\u00aa edi\u00e7\u00e3o do Campeonato Veterano da Vila Nasser, na zona oeste de Campo Grande, come\u00e7ou com emo\u00e7\u00e3o, muitos gols e promessa de grandes disputas ao longo da competi\u00e7\u00e3o. Logo nos tr\u00eas primeiros jogos, os veteranos mostraram que experi\u00eancia [&hellip;]<\/p>\n","protected":false},"author":3,"featured_media":54285,"comment_status":"open","ping_status":"open","sticky":false,"template":"","format":"standard","meta":{"ngg_post_thumbnail":0,"tdm_status":"","tdm_grid_status":"","footnotes":""},"categories":[84,2],"tags":[],"class_list":{"0":"post-54283","1":"post","2":"type-post","3":"status-publish","4":"format-standard","5":"has-post-thumbnail","7":"category-amadorzao","8":"category-featured"},"yoast_head":"<!-- This site is optimized with the Yoast SEO plugin v27.4 - https:\/\/yoast.com\/product\/yoast-seo-wordpress\/ -->\n<title>Veteranos mostram &#039;faro de gol&#039; na abertura da Vila Nasser - EsporteMS<\/title>\n<meta name=\"robots\" content=\"index, follow, max-snippet:-1, max-image-preview:large, max-video-preview:-1\" \/>\n<link rel=\"canonical\" href=\"https:\/\/esportems.com.br\/site\/veteranos-mostram-faro-de-gol-na-abertura-da-vila-nasser\/\" \/>\n<meta property=\"og:locale\" content=\"pt_BR\" \/>\n<meta property=\"og:type\" content=\"article\" \/>\n<meta property=\"og:title\" content=\"Veteranos mostram &#039;faro de gol&#039; na abertura da Vila Nasser - EsporteMS\" \/>\n<meta property=\"og:description\" content=\"Come\u00e7ou neste s\u00e1bado e com os \u201cveios\u201d dando um verdadeiro show dentro de campo. A abertura da 6\u00aa edi\u00e7\u00e3o do Campeonato Veterano da Vila Nasser, na zona oeste de Campo Grande, come\u00e7ou com emo\u00e7\u00e3o, muitos gols e promessa de grandes disputas ao longo da competi\u00e7\u00e3o. Logo nos tr\u00eas primeiros jogos, os veteranos mostraram que experi\u00eancia [&hellip;]\" \/>\n<meta property=\"og:url\" content=\"https:\/\/esportems.com.br\/site\/veteranos-mostram-faro-de-gol-na-abertura-da-vila-nasser\/\" \/>\n<meta property=\"og:site_name\" content=\"EsporteMS\" \/>\n<meta property=\"article:publisher\" content=\"https:\/\/www.facebook.com\/profile.php?id=100050621362784\" \/>\n<meta property=\"article:published_time\" content=\"2026-04-26T13:15:59+00:00\" \/>\n<meta property=\"article:modified_time\" content=\"2026-04-26T13:16:29+00:00\" \/>\n<meta property=\"og:image\" content=\"https:\/\/esportems.com.br\/site\/wp-content\/uploads\/2026\/04\/1-veios-da-bola.png\" \/>\n\t<meta property=\"og:image:width\" content=\"306\" \/>\n\t<meta property=\"og:image:height\" content=\"184\" \/>\n\t<meta property=\"og:image:type\" content=\"image\/png\" \/>\n<meta name=\"author\" content=\"Cl\u00e1udio Severo\" \/>\n<meta name=\"twitter:card\" content=\"summary_large_image\" \/>\n<meta name=\"twitter:creator\" content=\"@RadioEsporteMS\" \/>\n<meta name=\"twitter:site\" content=\"@RadioEsporteMS\" \/>\n<meta name=\"twitter:label1\" content=\"Escrito por\" \/>\n\t<meta name=\"twitter:data1\" content=\"Cl\u00e1udio Severo\" \/>\n\t<meta name=\"twitter:label2\" content=\"Est. tempo de leitura\" \/>\n\t<meta name=\"twitter:data2\" content=\"2 minutos\" \/>\n<script type=\"application\/ld+json\" class=\"yoast-schema-graph\">{\"@context\":\"https:\\\/\\\/schema.org\",\"@graph\":[{\"@type\":\"Article\",\"@id\":\"https:\\\/\\\/esportems.com.br\\\/site\\\/veteranos-mostram-faro-de-gol-na-abertura-da-vila-nasser\\\/#article\",\"isPartOf\":{\"@id\":\"https:\\\/\\\/esportems.com.br\\\/site\\\/veteranos-mostram-faro-de-gol-na-abertura-da-vila-nasser\\\/\"},\"author\":{\"name\":\"Cl\u00e1udio Severo\",\"@id\":\"https:\\\/\\\/esportems.com.br\\\/site\\\/#\\\/schema\\\/person\\\/f451b65748a8ce82d3ca25707a512dda\"},\"headline\":\"Veteranos mostram &#8216;faro de gol&#8217; na abertura da Vila Nasser\",\"datePublished\":\"2026-04-26T13:15:59+00:00\",\"dateModified\":\"2026-04-26T13:16:29+00:00\",\"mainEntityOfPage\":{\"@id\":\"https:\\\/\\\/esportems.com.br\\\/site\\\/veteranos-mostram-faro-de-gol-na-abertura-da-vila-nasser\\\/\"},\"wordCount\":354,\"commentCount\":0,\"publisher\":{\"@id\":\"https:\\\/\\\/esportems.com.br\\\/site\\\/#organization\"},\"image\":{\"@id\":\"https:\\\/\\\/esportems.com.br\\\/site\\\/veteranos-mostram-faro-de-gol-na-abertura-da-vila-nasser\\\/#primaryimage\"},\"thumbnailUrl\":\"https:\\\/\\\/esportems.com.br\\\/site\\\/wp-content\\\/uploads\\\/2026\\\/04\\\/1-veios-da-bola.png\",\"articleSection\":[\"AMADORZ\u00c3O\",\"Featured\"],\"inLanguage\":\"pt-BR\",\"potentialAction\":[{\"@type\":\"CommentAction\",\"name\":\"Comment\",\"target\":[\"https:\\\/\\\/esportems.com.br\\\/site\\\/veteranos-mostram-faro-de-gol-na-abertura-da-vila-nasser\\\/#respond\"]}]},{\"@type\":\"WebPage\",\"@id\":\"https:\\\/\\\/esportems.com.br\\\/site\\\/veteranos-mostram-faro-de-gol-na-abertura-da-vila-nasser\\\/\",\"url\":\"https:\\\/\\\/esportems.com.br\\\/site\\\/veteranos-mostram-faro-de-gol-na-abertura-da-vila-nasser\\\/\",\"name\":\"Veteranos mostram 'faro de gol' na abertura da Vila Nasser - EsporteMS\",\"isPartOf\":{\"@id\":\"https:\\\/\\\/esportems.com.br\\\/site\\\/#website\"},\"primaryImageOfPage\":{\"@id\":\"https:\\\/\\\/esportems.com.br\\\/site\\\/veteranos-mostram-faro-de-gol-na-abertura-da-vila-nasser\\\/#primaryimage\"},\"image\":{\"@id\":\"https:\\\/\\\/esportems.com.br\\\/site\\\/veteranos-mostram-faro-de-gol-na-abertura-da-vila-nasser\\\/#primaryimage\"},\"thumbnailUrl\":\"https:\\\/\\\/esportems.com.br\\\/site\\\/wp-content\\\/uploads\\\/2026\\\/04\\\/1-veios-da-bola.png\",\"datePublished\":\"2026-04-26T13:15:59+00:00\",\"dateModified\":\"2026-04-26T13:16:29+00:00\",\"breadcrumb\":{\"@id\":\"https:\\\/\\\/esportems.com.br\\\/site\\\/veteranos-mostram-faro-de-gol-na-abertura-da-vila-nasser\\\/#breadcrumb\"},\"inLanguage\":\"pt-BR\",\"potentialAction\":[{\"@type\":\"ReadAction\",\"target\":[\"https:\\\/\\\/esportems.com.br\\\/site\\\/veteranos-mostram-faro-de-gol-na-abertura-da-vila-nasser\\\/\"]}]},{\"@type\":\"ImageObject\",\"inLanguage\":\"pt-BR\",\"@id\":\"https:\\\/\\\/esportems.com.br\\\/site\\\/veteranos-mostram-faro-de-gol-na-abertura-da-vila-nasser\\\/#primaryimage\",\"url\":\"https:\\\/\\\/esportems.com.br\\\/site\\\/wp-content\\\/uploads\\\/2026\\\/04\\\/1-veios-da-bola.png\",\"contentUrl\":\"https:\\\/\\\/esportems.com.br\\\/site\\\/wp-content\\\/uploads\\\/2026\\\/04\\\/1-veios-da-bola.png\",\"width\":306,\"height\":184,\"caption\":\"Atual vice-campe\u00e3o, Os Veio da Bola j\u00e1 chegam demonstrando muita qualidade (foto-divulga\u00e7\u00e3o)\"},{\"@type\":\"BreadcrumbList\",\"@id\":\"https:\\\/\\\/esportems.com.br\\\/site\\\/veteranos-mostram-faro-de-gol-na-abertura-da-vila-nasser\\\/#breadcrumb\",\"itemListElement\":[{\"@type\":\"ListItem\",\"position\":1,\"name\":\"In\u00edcio\",\"item\":\"https:\\\/\\\/esportems.com.br\\\/site\\\/\"},{\"@type\":\"ListItem\",\"position\":2,\"name\":\"Veteranos mostram &#8216;faro de gol&#8217; na abertura da Vila Nasser\"}]},{\"@type\":\"WebSite\",\"@id\":\"https:\\\/\\\/esportems.com.br\\\/site\\\/#website\",\"url\":\"https:\\\/\\\/esportems.com.br\\\/site\\\/\",\"name\":\"EsporteMS\",\"description\":\"O melhor conte\u00fado de esporte de MS\",\"publisher\":{\"@id\":\"https:\\\/\\\/esportems.com.br\\\/site\\\/#organization\"},\"potentialAction\":[{\"@type\":\"SearchAction\",\"target\":{\"@type\":\"EntryPoint\",\"urlTemplate\":\"https:\\\/\\\/esportems.com.br\\\/site\\\/?s={search_term_string}\"},\"query-input\":{\"@type\":\"PropertyValueSpecification\",\"valueRequired\":true,\"valueName\":\"search_term_string\"}}],\"inLanguage\":\"pt-BR\"},{\"@type\":\"Organization\",\"@id\":\"https:\\\/\\\/esportems.com.br\\\/site\\\/#organization\",\"name\":\"EsporteMS\",\"url\":\"https:\\\/\\\/esportems.com.br\\\/site\\\/\",\"logo\":{\"@type\":\"ImageObject\",\"inLanguage\":\"pt-BR\",\"@id\":\"https:\\\/\\\/esportems.com.br\\\/site\\\/#\\\/schema\\\/logo\\\/image\\\/\",\"url\":\"https:\\\/\\\/esportems.com.br\\\/site\\\/wp-content\\\/uploads\\\/2022\\\/12\\\/logo_esportems_250px.png\",\"contentUrl\":\"https:\\\/\\\/esportems.com.br\\\/site\\\/wp-content\\\/uploads\\\/2022\\\/12\\\/logo_esportems_250px.png\",\"width\":250,\"height\":250,\"caption\":\"EsporteMS\"},\"image\":{\"@id\":\"https:\\\/\\\/esportems.com.br\\\/site\\\/#\\\/schema\\\/logo\\\/image\\\/\"},\"sameAs\":[\"https:\\\/\\\/www.facebook.com\\\/profile.php?id=100050621362784\",\"https:\\\/\\\/x.com\\\/RadioEsporteMS\",\"https:\\\/\\\/www.instagram.com\\\/esportems2\\\/\",\"https:\\\/\\\/wa.me\\\/5567999590868\",\"https:\\\/\\\/www.youtube.com\\\/esportems\\\/\"]},{\"@type\":\"Person\",\"@id\":\"https:\\\/\\\/esportems.com.br\\\/site\\\/#\\\/schema\\\/person\\\/f451b65748a8ce82d3ca25707a512dda\",\"name\":\"Cl\u00e1udio Severo\",\"image\":{\"@type\":\"ImageObject\",\"inLanguage\":\"pt-BR\",\"@id\":\"https:\\\/\\\/secure.gravatar.com\\\/avatar\\\/94bcbd47e500b15b38519f79158a57abc1fa84f37255ad4b4be197699e1ff784?s=96&d=mm&r=g\",\"url\":\"https:\\\/\\\/secure.gravatar.com\\\/avatar\\\/94bcbd47e500b15b38519f79158a57abc1fa84f37255ad4b4be197699e1ff784?s=96&d=mm&r=g\",\"contentUrl\":\"https:\\\/\\\/secure.gravatar.com\\\/avatar\\\/94bcbd47e500b15b38519f79158a57abc1fa84f37255ad4b4be197699e1ff784?s=96&d=mm&r=g\",\"caption\":\"Cl\u00e1udio Severo\"},\"url\":\"https:\\\/\\\/esportems.com.br\\\/site\\\/author\\\/severo\\\/\"}]}<\/script>\n<!-- \/ Yoast SEO plugin. -->","yoast_head_json":{"title":"Veteranos mostram 'faro de gol' na abertura da Vila Nasser - EsporteMS","robots":{"index":"index","follow":"follow","max-snippet":"max-snippet:-1","max-image-preview":"max-image-preview:large","max-video-preview":"max-video-preview:-1"},"canonical":"https:\/\/esportems.com.br\/site\/veteranos-mostram-faro-de-gol-na-abertura-da-vila-nasser\/","og_locale":"pt_BR","og_type":"article","og_title":"Veteranos mostram 'faro de gol' na abertura da Vila Nasser - EsporteMS","og_description":"Come\u00e7ou neste s\u00e1bado e com os \u201cveios\u201d dando um verdadeiro show dentro de campo. A abertura da 6\u00aa edi\u00e7\u00e3o do Campeonato Veterano da Vila Nasser, na zona oeste de Campo Grande, come\u00e7ou com emo\u00e7\u00e3o, muitos gols e promessa de grandes disputas ao longo da competi\u00e7\u00e3o. Logo nos tr\u00eas primeiros jogos, os veteranos mostraram que experi\u00eancia [&hellip;]","og_url":"https:\/\/esportems.com.br\/site\/veteranos-mostram-faro-de-gol-na-abertura-da-vila-nasser\/","og_site_name":"EsporteMS","article_publisher":"https:\/\/www.facebook.com\/profile.php?id=100050621362784","article_published_time":"2026-04-26T13:15:59+00:00","article_modified_time":"2026-04-26T13:16:29+00:00","og_image":[{"width":306,"height":184,"url":"https:\/\/esportems.com.br\/site\/wp-content\/uploads\/2026\/04\/1-veios-da-bola.png","type":"image\/png"}],"author":"Cl\u00e1udio Severo","twitter_card":"summary_large_image","twitter_creator":"@RadioEsporteMS","twitter_site":"@RadioEsporteMS","twitter_misc":{"Escrito por":"Cl\u00e1udio Severo","Est. tempo de leitura":"2 minutos"},"schema":{"@context":"https:\/\/schema.org","@graph":[{"@type":"Article","@id":"https:\/\/esportems.com.br\/site\/veteranos-mostram-faro-de-gol-na-abertura-da-vila-nasser\/#article","isPartOf":{"@id":"https:\/\/esportems.com.br\/site\/veteranos-mostram-faro-de-gol-na-abertura-da-vila-nasser\/"},"author":{"name":"Cl\u00e1udio Severo","@id":"https:\/\/esportems.com.br\/site\/#\/schema\/person\/f451b65748a8ce82d3ca25707a512dda"},"headline":"Veteranos mostram &#8216;faro de gol&#8217; na abertura da Vila Nasser","datePublished":"2026-04-26T13:15:59+00:00","dateModified":"2026-04-26T13:16:29+00:00","mainEntityOfPage":{"@id":"https:\/\/esportems.com.br\/site\/veteranos-mostram-faro-de-gol-na-abertura-da-vila-nasser\/"},"wordCount":354,"commentCount":0,"publisher":{"@id":"https:\/\/esportems.com.br\/site\/#organization"},"image":{"@id":"https:\/\/esportems.com.br\/site\/veteranos-mostram-faro-de-gol-na-abertura-da-vila-nasser\/#primaryimage"},"thumbnailUrl":"https:\/\/esportems.com.br\/site\/wp-content\/uploads\/2026\/04\/1-veios-da-bola.png","articleSection":["AMADORZ\u00c3O","Featured"],"inLanguage":"pt-BR","potentialAction":[{"@type":"CommentAction","name":"Comment","target":["https:\/\/esportems.com.br\/site\/veteranos-mostram-faro-de-gol-na-abertura-da-vila-nasser\/#respond"]}]},{"@type":"WebPage","@id":"https:\/\/esportems.com.br\/site\/veteranos-mostram-faro-de-gol-na-abertura-da-vila-nasser\/","url":"https:\/\/esportems.com.br\/site\/veteranos-mostram-faro-de-gol-na-abertura-da-vila-nasser\/","name":"Veteranos mostram 'faro de gol' na abertura da Vila Nasser - EsporteMS","isPartOf":{"@id":"https:\/\/esportems.com.br\/site\/#website"},"primaryImageOfPage":{"@id":"https:\/\/esportems.com.br\/site\/veteranos-mostram-faro-de-gol-na-abertura-da-vila-nasser\/#primaryimage"},"image":{"@id":"https:\/\/esportems.com.br\/site\/veteranos-mostram-faro-de-gol-na-abertura-da-vila-nasser\/#primaryimage"},"thumbnailUrl":"https:\/\/esportems.com.br\/site\/wp-content\/uploads\/2026\/04\/1-veios-da-bola.png","datePublished":"2026-04-26T13:15:59+00:00","dateModified":"2026-04-26T13:16:29+00:00","breadcrumb":{"@id":"https:\/\/esportems.com.br\/site\/veteranos-mostram-faro-de-gol-na-abertura-da-vila-nasser\/#breadcrumb"},"inLanguage":"pt-BR","potentialAction":[{"@type":"ReadAction","target":["https:\/\/esportems.com.br\/site\/veteranos-mostram-faro-de-gol-na-abertura-da-vila-nasser\/"]}]},{"@type":"ImageObject","inLanguage":"pt-BR","@id":"https:\/\/esportems.com.br\/site\/veteranos-mostram-faro-de-gol-na-abertura-da-vila-nasser\/#primaryimage","url":"https:\/\/esportems.com.br\/site\/wp-content\/uploads\/2026\/04\/1-veios-da-bola.png","contentUrl":"https:\/\/esportems.com.br\/site\/wp-content\/uploads\/2026\/04\/1-veios-da-bola.png","width":306,"height":184,"caption":"Atual vice-campe\u00e3o, Os Veio da Bola j\u00e1 chegam demonstrando muita qualidade (foto-divulga\u00e7\u00e3o)"},{"@type":"BreadcrumbList","@id":"https:\/\/esportems.com.br\/site\/veteranos-mostram-faro-de-gol-na-abertura-da-vila-nasser\/#breadcrumb","itemListElement":[{"@type":"ListItem","position":1,"name":"In\u00edcio","item":"https:\/\/esportems.com.br\/site\/"},{"@type":"ListItem","position":2,"name":"Veteranos mostram &#8216;faro de gol&#8217; na abertura da Vila Nasser"}]},{"@type":"WebSite","@id":"https:\/\/esportems.com.br\/site\/#website","url":"https:\/\/esportems.com.br\/site\/","name":"EsporteMS","description":"O melhor conte\u00fado de esporte de MS","publisher":{"@id":"https:\/\/esportems.com.br\/site\/#organization"},"potentialAction":[{"@type":"SearchAction","target":{"@type":"EntryPoint","urlTemplate":"https:\/\/esportems.com.br\/site\/?s={search_term_string}"},"query-input":{"@type":"PropertyValueSpecification","valueRequired":true,"valueName":"search_term_string"}}],"inLanguage":"pt-BR"},{"@type":"Organization","@id":"https:\/\/esportems.com.br\/site\/#organization","name":"EsporteMS","url":"https:\/\/esportems.com.br\/site\/","logo":{"@type":"ImageObject","inLanguage":"pt-BR","@id":"https:\/\/esportems.com.br\/site\/#\/schema\/logo\/image\/","url":"https:\/\/esportems.com.br\/site\/wp-content\/uploads\/2022\/12\/logo_esportems_250px.png","contentUrl":"https:\/\/esportems.com.br\/site\/wp-content\/uploads\/2022\/12\/logo_esportems_250px.png","width":250,"height":250,"caption":"EsporteMS"},"image":{"@id":"https:\/\/esportems.com.br\/site\/#\/schema\/logo\/image\/"},"sameAs":["https:\/\/www.facebook.com\/profile.php?id=100050621362784","https:\/\/x.com\/RadioEsporteMS","https:\/\/www.instagram.com\/esportems2\/","https:\/\/wa.me\/5567999590868","https:\/\/www.youtube.com\/esportems\/"]},{"@type":"Person","@id":"https:\/\/esportems.com.br\/site\/#\/schema\/person\/f451b65748a8ce82d3ca25707a512dda","name":"Cl\u00e1udio Severo","image":{"@type":"ImageObject","inLanguage":"pt-BR","@id":"https:\/\/secure.gravatar.com\/avatar\/94bcbd47e500b15b38519f79158a57abc1fa84f37255ad4b4be197699e1ff784?s=96&d=mm&r=g","url":"https:\/\/secure.gravatar.com\/avatar\/94bcbd47e500b15b38519f79158a57abc1fa84f37255ad4b4be197699e1ff784?s=96&d=mm&r=g","contentUrl":"https:\/\/secure.gravatar.com\/avatar\/94bcbd47e500b15b38519f79158a57abc1fa84f37255ad4b4be197699e1ff784?s=96&d=mm&r=g","caption":"Cl\u00e1udio Severo"},"url":"https:\/\/esportems.com.br\/site\/author\/severo\/"}]}},"amp_enabled":true,"_links":{"self":[{"href":"https:\/\/esportems.com.br\/site\/wp-json\/wp\/v2\/posts\/54283","targetHints":{"allow":["GET"]}}],"collection":[{"href":"https:\/\/esportems.com.br\/site\/wp-json\/wp\/v2\/posts"}],"about":[{"href":"https:\/\/esportems.com.br\/site\/wp-json\/wp\/v2\/types\/post"}],"author":[{"embeddable":true,"href":"https:\/\/esportems.com.br\/site\/wp-json\/wp\/v2\/users\/3"}],"replies":[{"embeddable":true,"href":"https:\/\/esportems.com.br\/site\/wp-json\/wp\/v2\/comments?post=54283"}],"version-history":[{"count":2,"href":"https:\/\/esportems.com.br\/site\/wp-json\/wp\/v2\/posts\/54283\/revisions"}],"predecessor-version":[{"id":54287,"href":"https:\/\/esportems.com.br\/site\/wp-json\/wp\/v2\/posts\/54283\/revisions\/54287"}],"wp:featuredmedia":[{"embeddable":true,"href":"https:\/\/esportems.com.br\/site\/wp-json\/wp\/v2\/media\/54285"}],"wp:attachment":[{"href":"https:\/\/esportems.com.br\/site\/wp-json\/wp\/v2\/media?parent=54283"}],"wp:term":[{"taxonomy":"category","embeddable":true,"href":"https:\/\/esportems.com.br\/site\/wp-json\/wp\/v2\/categories?post=54283"},{"taxonomy":"post_tag","embeddable":true,"href":"https:\/\/esportems.com.br\/site\/wp-json\/wp\/v2\/tags?post=54283"}],"curies":[{"name":"wp","href":"https:\/\/api.w.org\/{rel}","templated":true}]}}