{"id":54295,"date":"2026-04-27T07:48:58","date_gmt":"2026-04-27T11:48:58","guid":{"rendered":"https:\/\/esportems.com.br\/site\/?p=54295"},"modified":"2026-04-26T12:55:58","modified_gmt":"2026-04-26T16:55:58","slug":"ct-alfe-de-corumba-sera-o-representante-do-ms-na-taca-brasil-adulto","status":"publish","type":"post","link":"https:\/\/esportems.com.br\/site\/ct-alfe-de-corumba-sera-o-representante-do-ms-na-taca-brasil-adulto\/","title":{"rendered":"CT Alfe de Corumb\u00e1 ser\u00e1 o representante do MS na Ta\u00e7a Brasil Adulto"},"content":{"rendered":"<p data-start=\"296\" data-end=\"646\">O futsal de Mato Grosso do Sul j\u00e1 tem seu representante definido para uma das principais competi\u00e7\u00f5es do calend\u00e1rio nacional. O Centro de Treinamento Alfe, de Corumb\u00e1, ser\u00e1 o respons\u00e1vel por defender o Estado na 53\u00aa edi\u00e7\u00e3o da Ta\u00e7a Brasil de Clubes Adulto Masculino \u2013 1\u00aa Divis\u00e3o, que acontece entre os dias 14 e 20 de setembro de 2026, em Vit\u00f3ria (ES).<\/p>\n<p data-start=\"648\" data-end=\"915\">A competi\u00e7\u00e3o, organizada pela Confedera\u00e7\u00e3o Brasileira de Futsal (CBFS), ser\u00e1 disputada no Centro Esportivo Tancredo de Almeida Neves, o tradicional \u201cTancred\u00e3o\u201d, reunindo 10 equipes de nove estados brasileiros em busca do t\u00edtulo e de vagas na elite do futsal nacional.<\/p>\n<p data-start=\"917\" data-end=\"1179\">Mais do que representar Mato Grosso do Sul, o CT Alfe chega com a miss\u00e3o de medir for\u00e7as contra clubes tradicionais do cen\u00e1rio brasileiro, como Vasco da Gama (RJ), Sport Recife (PE) e Am\u00e9rica-RN, al\u00e9m de outras equipes competitivas de diferentes regi\u00f5es do pa\u00eds.<\/p>\n<p data-start=\"1181\" data-end=\"1504\">O torneio ter\u00e1 um peso ainda maior, j\u00e1 que os dois finalistas garantem o acesso de suas federa\u00e7\u00f5es \u00e0 Divis\u00e3o Especial da Ta\u00e7a Brasil, considerada o n\u00edvel mais alto da competi\u00e7\u00e3o. Em contrapartida, os dois \u00faltimos colocados ser\u00e3o rebaixados para a 2\u00aa Divis\u00e3o, o que aumenta ainda mais o n\u00edvel de exig\u00eancia e competitividade.<\/p>\n<p data-start=\"1506\" data-end=\"1824\">Para o CT Alfe, a participa\u00e7\u00e3o representa n\u00e3o apenas uma oportunidade esportiva, mas tamb\u00e9m um marco para o futsal de Corumb\u00e1 e de todo o Estado. A equipe leva consigo a responsabilidade de colocar Mato Grosso do Sul em evid\u00eancia no cen\u00e1rio nacional, apostando na prepara\u00e7\u00e3o, na disciplina t\u00e1tica e na for\u00e7a do elenco.<\/p>\n<p data-start=\"1826\" data-end=\"1882\">A edi\u00e7\u00e3o de 2026 contar\u00e1 com os seguintes participantes:<\/p>\n<ul data-start=\"1884\" data-end=\"2155\">\n<li data-section-id=\"hr3ga3\" data-start=\"1884\" data-end=\"1920\">Esporte Clube Alta Floresta (MT)<\/li>\n<li data-section-id=\"12ikgmu\" data-start=\"1921\" data-end=\"1943\">Vasco da Gama (RJ)<\/li>\n<li data-section-id=\"72kg5h\" data-start=\"1944\" data-end=\"1958\">Am\u00e9rica-RN<\/li>\n<li data-section-id=\"1kb03pk\" data-start=\"1959\" data-end=\"1980\">Sport Recife (PE)<\/li>\n<li data-section-id=\"1q23a68\" data-start=\"1981\" data-end=\"2013\">Liga Esportiva de Coari (AM)<\/li>\n<li data-section-id=\"jl0o7s\" data-start=\"2014\" data-end=\"2033\">Furac\u00e3o FC (TO)<\/li>\n<li data-section-id=\"wfi9q9\" data-start=\"2034\" data-end=\"2069\">Centro de Treinamento Alfe (MS)<\/li>\n<li data-section-id=\"7gej08\" data-start=\"2070\" data-end=\"2087\">S\u00e3o Jos\u00e9 (AP)<\/li>\n<li data-section-id=\"x5k8ed\" data-start=\"2088\" data-end=\"2107\">Santanense (ES)<\/li>\n<li data-section-id=\"1yw5t88\" data-start=\"2108\" data-end=\"2155\">CT Atl\u00e9tico Capixaba \u2013 CTAC (ES \u2013 sediante)<\/li>\n<\/ul>\n<p data-start=\"2157\" data-end=\"2399\">Com a bola prestes a rolar em setembro, a expectativa \u00e9 de uma competi\u00e7\u00e3o equilibrada e de alto n\u00edvel t\u00e9cnico. Para o CT Alfe, ser\u00e1 a chance de mostrar a for\u00e7a do futsal sul-mato-grossense e buscar um lugar entre os principais clubes do pa\u00eds.27<\/p>\n","protected":false},"excerpt":{"rendered":"<p>O futsal de Mato Grosso do Sul j\u00e1 tem seu representante definido para uma das principais competi\u00e7\u00f5es do calend\u00e1rio nacional. O Centro de Treinamento Alfe, de Corumb\u00e1, ser\u00e1 o respons\u00e1vel por defender o Estado na 53\u00aa edi\u00e7\u00e3o da Ta\u00e7a Brasil de Clubes Adulto Masculino \u2013 1\u00aa Divis\u00e3o, que acontece entre os dias 14 e 20 [&hellip;]<\/p>\n","protected":false},"author":3,"featured_media":54296,"comment_status":"open","ping_status":"open","sticky":false,"template":"","format":"standard","meta":{"ngg_post_thumbnail":0,"tdm_status":"","tdm_grid_status":"","footnotes":""},"categories":[220,2],"tags":[],"class_list":{"0":"post-54295","1":"post","2":"type-post","3":"status-publish","4":"format-standard","5":"has-post-thumbnail","7":"category-bola-pesada","8":"category-featured"},"yoast_head":"<!-- This site is optimized with the Yoast SEO plugin v27.4 - https:\/\/yoast.com\/product\/yoast-seo-wordpress\/ -->\n<title>CT Alfe de Corumb\u00e1 ser\u00e1 o representante do MS na Ta\u00e7a Brasil Adulto - EsporteMS<\/title>\n<meta name=\"robots\" content=\"index, follow, max-snippet:-1, max-image-preview:large, max-video-preview:-1\" \/>\n<link rel=\"canonical\" href=\"https:\/\/esportems.com.br\/site\/ct-alfe-de-corumba-sera-o-representante-do-ms-na-taca-brasil-adulto\/\" \/>\n<meta property=\"og:locale\" content=\"pt_BR\" \/>\n<meta property=\"og:type\" content=\"article\" \/>\n<meta property=\"og:title\" content=\"CT Alfe de Corumb\u00e1 ser\u00e1 o representante do MS na Ta\u00e7a Brasil Adulto - EsporteMS\" \/>\n<meta property=\"og:description\" content=\"O futsal de Mato Grosso do Sul j\u00e1 tem seu representante definido para uma das principais competi\u00e7\u00f5es do calend\u00e1rio nacional. O Centro de Treinamento Alfe, de Corumb\u00e1, ser\u00e1 o respons\u00e1vel por defender o Estado na 53\u00aa edi\u00e7\u00e3o da Ta\u00e7a Brasil de Clubes Adulto Masculino \u2013 1\u00aa Divis\u00e3o, que acontece entre os dias 14 e 20 [&hellip;]\" \/>\n<meta property=\"og:url\" content=\"https:\/\/esportems.com.br\/site\/ct-alfe-de-corumba-sera-o-representante-do-ms-na-taca-brasil-adulto\/\" \/>\n<meta property=\"og:site_name\" content=\"EsporteMS\" \/>\n<meta property=\"article:publisher\" content=\"https:\/\/www.facebook.com\/profile.php?id=100050621362784\" \/>\n<meta property=\"article:published_time\" content=\"2026-04-27T11:48:58+00:00\" \/>\n<meta property=\"og:image\" content=\"https:\/\/esportems.com.br\/site\/wp-content\/uploads\/2026\/04\/1-alfe-corumba.png\" \/>\n\t<meta property=\"og:image:width\" content=\"675\" \/>\n\t<meta property=\"og:image:height\" content=\"365\" \/>\n\t<meta property=\"og:image:type\" content=\"image\/png\" \/>\n<meta name=\"author\" content=\"Cl\u00e1udio Severo\" \/>\n<meta name=\"twitter:card\" content=\"summary_large_image\" \/>\n<meta name=\"twitter:creator\" content=\"@RadioEsporteMS\" \/>\n<meta name=\"twitter:site\" content=\"@RadioEsporteMS\" \/>\n<meta name=\"twitter:label1\" content=\"Escrito por\" \/>\n\t<meta name=\"twitter:data1\" content=\"Cl\u00e1udio Severo\" \/>\n\t<meta name=\"twitter:label2\" content=\"Est. tempo de leitura\" \/>\n\t<meta name=\"twitter:data2\" content=\"3 minutos\" \/>\n<script type=\"application\/ld+json\" class=\"yoast-schema-graph\">{\"@context\":\"https:\\\/\\\/schema.org\",\"@graph\":[{\"@type\":\"Article\",\"@id\":\"https:\\\/\\\/esportems.com.br\\\/site\\\/ct-alfe-de-corumba-sera-o-representante-do-ms-na-taca-brasil-adulto\\\/#article\",\"isPartOf\":{\"@id\":\"https:\\\/\\\/esportems.com.br\\\/site\\\/ct-alfe-de-corumba-sera-o-representante-do-ms-na-taca-brasil-adulto\\\/\"},\"author\":{\"name\":\"Cl\u00e1udio Severo\",\"@id\":\"https:\\\/\\\/esportems.com.br\\\/site\\\/#\\\/schema\\\/person\\\/f451b65748a8ce82d3ca25707a512dda\"},\"headline\":\"CT Alfe de Corumb\u00e1 ser\u00e1 o representante do MS na Ta\u00e7a Brasil Adulto\",\"datePublished\":\"2026-04-27T11:48:58+00:00\",\"mainEntityOfPage\":{\"@id\":\"https:\\\/\\\/esportems.com.br\\\/site\\\/ct-alfe-de-corumba-sera-o-representante-do-ms-na-taca-brasil-adulto\\\/\"},\"wordCount\":392,\"commentCount\":0,\"publisher\":{\"@id\":\"https:\\\/\\\/esportems.com.br\\\/site\\\/#organization\"},\"image\":{\"@id\":\"https:\\\/\\\/esportems.com.br\\\/site\\\/ct-alfe-de-corumba-sera-o-representante-do-ms-na-taca-brasil-adulto\\\/#primaryimage\"},\"thumbnailUrl\":\"https:\\\/\\\/esportems.com.br\\\/site\\\/wp-content\\\/uploads\\\/2026\\\/04\\\/1-alfe-corumba.png\",\"articleSection\":[\"BOLA PESADA\",\"Featured\"],\"inLanguage\":\"pt-BR\",\"potentialAction\":[{\"@type\":\"CommentAction\",\"name\":\"Comment\",\"target\":[\"https:\\\/\\\/esportems.com.br\\\/site\\\/ct-alfe-de-corumba-sera-o-representante-do-ms-na-taca-brasil-adulto\\\/#respond\"]}]},{\"@type\":\"WebPage\",\"@id\":\"https:\\\/\\\/esportems.com.br\\\/site\\\/ct-alfe-de-corumba-sera-o-representante-do-ms-na-taca-brasil-adulto\\\/\",\"url\":\"https:\\\/\\\/esportems.com.br\\\/site\\\/ct-alfe-de-corumba-sera-o-representante-do-ms-na-taca-brasil-adulto\\\/\",\"name\":\"CT Alfe de Corumb\u00e1 ser\u00e1 o representante do MS na Ta\u00e7a Brasil Adulto - EsporteMS\",\"isPartOf\":{\"@id\":\"https:\\\/\\\/esportems.com.br\\\/site\\\/#website\"},\"primaryImageOfPage\":{\"@id\":\"https:\\\/\\\/esportems.com.br\\\/site\\\/ct-alfe-de-corumba-sera-o-representante-do-ms-na-taca-brasil-adulto\\\/#primaryimage\"},\"image\":{\"@id\":\"https:\\\/\\\/esportems.com.br\\\/site\\\/ct-alfe-de-corumba-sera-o-representante-do-ms-na-taca-brasil-adulto\\\/#primaryimage\"},\"thumbnailUrl\":\"https:\\\/\\\/esportems.com.br\\\/site\\\/wp-content\\\/uploads\\\/2026\\\/04\\\/1-alfe-corumba.png\",\"datePublished\":\"2026-04-27T11:48:58+00:00\",\"breadcrumb\":{\"@id\":\"https:\\\/\\\/esportems.com.br\\\/site\\\/ct-alfe-de-corumba-sera-o-representante-do-ms-na-taca-brasil-adulto\\\/#breadcrumb\"},\"inLanguage\":\"pt-BR\",\"potentialAction\":[{\"@type\":\"ReadAction\",\"target\":[\"https:\\\/\\\/esportems.com.br\\\/site\\\/ct-alfe-de-corumba-sera-o-representante-do-ms-na-taca-brasil-adulto\\\/\"]}]},{\"@type\":\"ImageObject\",\"inLanguage\":\"pt-BR\",\"@id\":\"https:\\\/\\\/esportems.com.br\\\/site\\\/ct-alfe-de-corumba-sera-o-representante-do-ms-na-taca-brasil-adulto\\\/#primaryimage\",\"url\":\"https:\\\/\\\/esportems.com.br\\\/site\\\/wp-content\\\/uploads\\\/2026\\\/04\\\/1-alfe-corumba.png\",\"contentUrl\":\"https:\\\/\\\/esportems.com.br\\\/site\\\/wp-content\\\/uploads\\\/2026\\\/04\\\/1-alfe-corumba.png\",\"width\":675,\"height\":365,\"caption\":\"Time \u00e9 o atual campe\u00e3o sul-mato-grossense e vai estar em nova competi\u00e7\u00e3o nacional (foto-divulga\u00e7\u00e3o)\"},{\"@type\":\"BreadcrumbList\",\"@id\":\"https:\\\/\\\/esportems.com.br\\\/site\\\/ct-alfe-de-corumba-sera-o-representante-do-ms-na-taca-brasil-adulto\\\/#breadcrumb\",\"itemListElement\":[{\"@type\":\"ListItem\",\"position\":1,\"name\":\"In\u00edcio\",\"item\":\"https:\\\/\\\/esportems.com.br\\\/site\\\/\"},{\"@type\":\"ListItem\",\"position\":2,\"name\":\"CT Alfe de Corumb\u00e1 ser\u00e1 o representante do MS na Ta\u00e7a Brasil Adulto\"}]},{\"@type\":\"WebSite\",\"@id\":\"https:\\\/\\\/esportems.com.br\\\/site\\\/#website\",\"url\":\"https:\\\/\\\/esportems.com.br\\\/site\\\/\",\"name\":\"EsporteMS\",\"description\":\"O melhor conte\u00fado de esporte de MS\",\"publisher\":{\"@id\":\"https:\\\/\\\/esportems.com.br\\\/site\\\/#organization\"},\"potentialAction\":[{\"@type\":\"SearchAction\",\"target\":{\"@type\":\"EntryPoint\",\"urlTemplate\":\"https:\\\/\\\/esportems.com.br\\\/site\\\/?s={search_term_string}\"},\"query-input\":{\"@type\":\"PropertyValueSpecification\",\"valueRequired\":true,\"valueName\":\"search_term_string\"}}],\"inLanguage\":\"pt-BR\"},{\"@type\":\"Organization\",\"@id\":\"https:\\\/\\\/esportems.com.br\\\/site\\\/#organization\",\"name\":\"EsporteMS\",\"url\":\"https:\\\/\\\/esportems.com.br\\\/site\\\/\",\"logo\":{\"@type\":\"ImageObject\",\"inLanguage\":\"pt-BR\",\"@id\":\"https:\\\/\\\/esportems.com.br\\\/site\\\/#\\\/schema\\\/logo\\\/image\\\/\",\"url\":\"https:\\\/\\\/esportems.com.br\\\/site\\\/wp-content\\\/uploads\\\/2022\\\/12\\\/logo_esportems_250px.png\",\"contentUrl\":\"https:\\\/\\\/esportems.com.br\\\/site\\\/wp-content\\\/uploads\\\/2022\\\/12\\\/logo_esportems_250px.png\",\"width\":250,\"height\":250,\"caption\":\"EsporteMS\"},\"image\":{\"@id\":\"https:\\\/\\\/esportems.com.br\\\/site\\\/#\\\/schema\\\/logo\\\/image\\\/\"},\"sameAs\":[\"https:\\\/\\\/www.facebook.com\\\/profile.php?id=100050621362784\",\"https:\\\/\\\/x.com\\\/RadioEsporteMS\",\"https:\\\/\\\/www.instagram.com\\\/esportems2\\\/\",\"https:\\\/\\\/wa.me\\\/5567999590868\",\"https:\\\/\\\/www.youtube.com\\\/esportems\\\/\"]},{\"@type\":\"Person\",\"@id\":\"https:\\\/\\\/esportems.com.br\\\/site\\\/#\\\/schema\\\/person\\\/f451b65748a8ce82d3ca25707a512dda\",\"name\":\"Cl\u00e1udio Severo\",\"image\":{\"@type\":\"ImageObject\",\"inLanguage\":\"pt-BR\",\"@id\":\"https:\\\/\\\/secure.gravatar.com\\\/avatar\\\/94bcbd47e500b15b38519f79158a57abc1fa84f37255ad4b4be197699e1ff784?s=96&d=mm&r=g\",\"url\":\"https:\\\/\\\/secure.gravatar.com\\\/avatar\\\/94bcbd47e500b15b38519f79158a57abc1fa84f37255ad4b4be197699e1ff784?s=96&d=mm&r=g\",\"contentUrl\":\"https:\\\/\\\/secure.gravatar.com\\\/avatar\\\/94bcbd47e500b15b38519f79158a57abc1fa84f37255ad4b4be197699e1ff784?s=96&d=mm&r=g\",\"caption\":\"Cl\u00e1udio Severo\"},\"url\":\"https:\\\/\\\/esportems.com.br\\\/site\\\/author\\\/severo\\\/\"}]}<\/script>\n<!-- \/ Yoast SEO plugin. -->","yoast_head_json":{"title":"CT Alfe de Corumb\u00e1 ser\u00e1 o representante do MS na Ta\u00e7a Brasil Adulto - EsporteMS","robots":{"index":"index","follow":"follow","max-snippet":"max-snippet:-1","max-image-preview":"max-image-preview:large","max-video-preview":"max-video-preview:-1"},"canonical":"https:\/\/esportems.com.br\/site\/ct-alfe-de-corumba-sera-o-representante-do-ms-na-taca-brasil-adulto\/","og_locale":"pt_BR","og_type":"article","og_title":"CT Alfe de Corumb\u00e1 ser\u00e1 o representante do MS na Ta\u00e7a Brasil Adulto - EsporteMS","og_description":"O futsal de Mato Grosso do Sul j\u00e1 tem seu representante definido para uma das principais competi\u00e7\u00f5es do calend\u00e1rio nacional. O Centro de Treinamento Alfe, de Corumb\u00e1, ser\u00e1 o respons\u00e1vel por defender o Estado na 53\u00aa edi\u00e7\u00e3o da Ta\u00e7a Brasil de Clubes Adulto Masculino \u2013 1\u00aa Divis\u00e3o, que acontece entre os dias 14 e 20 [&hellip;]","og_url":"https:\/\/esportems.com.br\/site\/ct-alfe-de-corumba-sera-o-representante-do-ms-na-taca-brasil-adulto\/","og_site_name":"EsporteMS","article_publisher":"https:\/\/www.facebook.com\/profile.php?id=100050621362784","article_published_time":"2026-04-27T11:48:58+00:00","og_image":[{"width":675,"height":365,"url":"https:\/\/esportems.com.br\/site\/wp-content\/uploads\/2026\/04\/1-alfe-corumba.png","type":"image\/png"}],"author":"Cl\u00e1udio Severo","twitter_card":"summary_large_image","twitter_creator":"@RadioEsporteMS","twitter_site":"@RadioEsporteMS","twitter_misc":{"Escrito por":"Cl\u00e1udio Severo","Est. tempo de leitura":"3 minutos"},"schema":{"@context":"https:\/\/schema.org","@graph":[{"@type":"Article","@id":"https:\/\/esportems.com.br\/site\/ct-alfe-de-corumba-sera-o-representante-do-ms-na-taca-brasil-adulto\/#article","isPartOf":{"@id":"https:\/\/esportems.com.br\/site\/ct-alfe-de-corumba-sera-o-representante-do-ms-na-taca-brasil-adulto\/"},"author":{"name":"Cl\u00e1udio Severo","@id":"https:\/\/esportems.com.br\/site\/#\/schema\/person\/f451b65748a8ce82d3ca25707a512dda"},"headline":"CT Alfe de Corumb\u00e1 ser\u00e1 o representante do MS na Ta\u00e7a Brasil Adulto","datePublished":"2026-04-27T11:48:58+00:00","mainEntityOfPage":{"@id":"https:\/\/esportems.com.br\/site\/ct-alfe-de-corumba-sera-o-representante-do-ms-na-taca-brasil-adulto\/"},"wordCount":392,"commentCount":0,"publisher":{"@id":"https:\/\/esportems.com.br\/site\/#organization"},"image":{"@id":"https:\/\/esportems.com.br\/site\/ct-alfe-de-corumba-sera-o-representante-do-ms-na-taca-brasil-adulto\/#primaryimage"},"thumbnailUrl":"https:\/\/esportems.com.br\/site\/wp-content\/uploads\/2026\/04\/1-alfe-corumba.png","articleSection":["BOLA PESADA","Featured"],"inLanguage":"pt-BR","potentialAction":[{"@type":"CommentAction","name":"Comment","target":["https:\/\/esportems.com.br\/site\/ct-alfe-de-corumba-sera-o-representante-do-ms-na-taca-brasil-adulto\/#respond"]}]},{"@type":"WebPage","@id":"https:\/\/esportems.com.br\/site\/ct-alfe-de-corumba-sera-o-representante-do-ms-na-taca-brasil-adulto\/","url":"https:\/\/esportems.com.br\/site\/ct-alfe-de-corumba-sera-o-representante-do-ms-na-taca-brasil-adulto\/","name":"CT Alfe de Corumb\u00e1 ser\u00e1 o representante do MS na Ta\u00e7a Brasil Adulto - EsporteMS","isPartOf":{"@id":"https:\/\/esportems.com.br\/site\/#website"},"primaryImageOfPage":{"@id":"https:\/\/esportems.com.br\/site\/ct-alfe-de-corumba-sera-o-representante-do-ms-na-taca-brasil-adulto\/#primaryimage"},"image":{"@id":"https:\/\/esportems.com.br\/site\/ct-alfe-de-corumba-sera-o-representante-do-ms-na-taca-brasil-adulto\/#primaryimage"},"thumbnailUrl":"https:\/\/esportems.com.br\/site\/wp-content\/uploads\/2026\/04\/1-alfe-corumba.png","datePublished":"2026-04-27T11:48:58+00:00","breadcrumb":{"@id":"https:\/\/esportems.com.br\/site\/ct-alfe-de-corumba-sera-o-representante-do-ms-na-taca-brasil-adulto\/#breadcrumb"},"inLanguage":"pt-BR","potentialAction":[{"@type":"ReadAction","target":["https:\/\/esportems.com.br\/site\/ct-alfe-de-corumba-sera-o-representante-do-ms-na-taca-brasil-adulto\/"]}]},{"@type":"ImageObject","inLanguage":"pt-BR","@id":"https:\/\/esportems.com.br\/site\/ct-alfe-de-corumba-sera-o-representante-do-ms-na-taca-brasil-adulto\/#primaryimage","url":"https:\/\/esportems.com.br\/site\/wp-content\/uploads\/2026\/04\/1-alfe-corumba.png","contentUrl":"https:\/\/esportems.com.br\/site\/wp-content\/uploads\/2026\/04\/1-alfe-corumba.png","width":675,"height":365,"caption":"Time \u00e9 o atual campe\u00e3o sul-mato-grossense e vai estar em nova competi\u00e7\u00e3o nacional (foto-divulga\u00e7\u00e3o)"},{"@type":"BreadcrumbList","@id":"https:\/\/esportems.com.br\/site\/ct-alfe-de-corumba-sera-o-representante-do-ms-na-taca-brasil-adulto\/#breadcrumb","itemListElement":[{"@type":"ListItem","position":1,"name":"In\u00edcio","item":"https:\/\/esportems.com.br\/site\/"},{"@type":"ListItem","position":2,"name":"CT Alfe de Corumb\u00e1 ser\u00e1 o representante do MS na Ta\u00e7a Brasil Adulto"}]},{"@type":"WebSite","@id":"https:\/\/esportems.com.br\/site\/#website","url":"https:\/\/esportems.com.br\/site\/","name":"EsporteMS","description":"O melhor conte\u00fado de esporte de MS","publisher":{"@id":"https:\/\/esportems.com.br\/site\/#organization"},"potentialAction":[{"@type":"SearchAction","target":{"@type":"EntryPoint","urlTemplate":"https:\/\/esportems.com.br\/site\/?s={search_term_string}"},"query-input":{"@type":"PropertyValueSpecification","valueRequired":true,"valueName":"search_term_string"}}],"inLanguage":"pt-BR"},{"@type":"Organization","@id":"https:\/\/esportems.com.br\/site\/#organization","name":"EsporteMS","url":"https:\/\/esportems.com.br\/site\/","logo":{"@type":"ImageObject","inLanguage":"pt-BR","@id":"https:\/\/esportems.com.br\/site\/#\/schema\/logo\/image\/","url":"https:\/\/esportems.com.br\/site\/wp-content\/uploads\/2022\/12\/logo_esportems_250px.png","contentUrl":"https:\/\/esportems.com.br\/site\/wp-content\/uploads\/2022\/12\/logo_esportems_250px.png","width":250,"height":250,"caption":"EsporteMS"},"image":{"@id":"https:\/\/esportems.com.br\/site\/#\/schema\/logo\/image\/"},"sameAs":["https:\/\/www.facebook.com\/profile.php?id=100050621362784","https:\/\/x.com\/RadioEsporteMS","https:\/\/www.instagram.com\/esportems2\/","https:\/\/wa.me\/5567999590868","https:\/\/www.youtube.com\/esportems\/"]},{"@type":"Person","@id":"https:\/\/esportems.com.br\/site\/#\/schema\/person\/f451b65748a8ce82d3ca25707a512dda","name":"Cl\u00e1udio Severo","image":{"@type":"ImageObject","inLanguage":"pt-BR","@id":"https:\/\/secure.gravatar.com\/avatar\/94bcbd47e500b15b38519f79158a57abc1fa84f37255ad4b4be197699e1ff784?s=96&d=mm&r=g","url":"https:\/\/secure.gravatar.com\/avatar\/94bcbd47e500b15b38519f79158a57abc1fa84f37255ad4b4be197699e1ff784?s=96&d=mm&r=g","contentUrl":"https:\/\/secure.gravatar.com\/avatar\/94bcbd47e500b15b38519f79158a57abc1fa84f37255ad4b4be197699e1ff784?s=96&d=mm&r=g","caption":"Cl\u00e1udio Severo"},"url":"https:\/\/esportems.com.br\/site\/author\/severo\/"}]}},"amp_enabled":true,"_links":{"self":[{"href":"https:\/\/esportems.com.br\/site\/wp-json\/wp\/v2\/posts\/54295","targetHints":{"allow":["GET"]}}],"collection":[{"href":"https:\/\/esportems.com.br\/site\/wp-json\/wp\/v2\/posts"}],"about":[{"href":"https:\/\/esportems.com.br\/site\/wp-json\/wp\/v2\/types\/post"}],"author":[{"embeddable":true,"href":"https:\/\/esportems.com.br\/site\/wp-json\/wp\/v2\/users\/3"}],"replies":[{"embeddable":true,"href":"https:\/\/esportems.com.br\/site\/wp-json\/wp\/v2\/comments?post=54295"}],"version-history":[{"count":1,"href":"https:\/\/esportems.com.br\/site\/wp-json\/wp\/v2\/posts\/54295\/revisions"}],"predecessor-version":[{"id":54297,"href":"https:\/\/esportems.com.br\/site\/wp-json\/wp\/v2\/posts\/54295\/revisions\/54297"}],"wp:featuredmedia":[{"embeddable":true,"href":"https:\/\/esportems.com.br\/site\/wp-json\/wp\/v2\/media\/54296"}],"wp:attachment":[{"href":"https:\/\/esportems.com.br\/site\/wp-json\/wp\/v2\/media?parent=54295"}],"wp:term":[{"taxonomy":"category","embeddable":true,"href":"https:\/\/esportems.com.br\/site\/wp-json\/wp\/v2\/categories?post=54295"},{"taxonomy":"post_tag","embeddable":true,"href":"https:\/\/esportems.com.br\/site\/wp-json\/wp\/v2\/tags?post=54295"}],"curies":[{"name":"wp","href":"https:\/\/api.w.org\/{rel}","templated":true}]}}