{"id":54298,"date":"2026-04-26T23:38:19","date_gmt":"2026-04-27T03:38:19","guid":{"rendered":"https:\/\/esportems.com.br\/site\/?p=54298"},"modified":"2026-04-27T00:23:13","modified_gmt":"2026-04-27T04:23:13","slug":"sem-inaugurar-ct-de-desenvolvimento-do-futebol-vai-precisar-de-ajustes","status":"publish","type":"post","link":"https:\/\/esportems.com.br\/site\/sem-inaugurar-ct-de-desenvolvimento-do-futebol-vai-precisar-de-ajustes\/","title":{"rendered":"Sem inaugurar, CT de Desenvolvimento do Futebol vai precisar de ajustes"},"content":{"rendered":"<p class=\"isSelectedEnd\">Mesmo antes de sua inaugura\u00e7\u00e3o oficial, o Centro de Desenvolvimento do Futebol, localizado na Avenida Tiradentes, ap\u00f3s a UCDB, j\u00e1 apresenta sinais de que precisar\u00e1 passar por ajustes estruturais. A obra, que integra o legado da Copa do Mundo de 2014 e foi constru\u00edda com recursos integralmente oriundos da Confedera\u00e7\u00e3o Brasileira de Futebol (CBF), ainda n\u00e3o foi entregue \u00e0 comunidade esportiva, mas levanta preocupa\u00e7\u00f5es.<\/p>\n<p class=\"isSelectedEnd\">A equipe de reportagem do <span style=\"color: #ff0000;\"><strong>Portal EsporteMS<\/strong><\/span> esteve no local recentemente, por\u00e9m n\u00e3o conseguiu acesso \u00e0s depend\u00eancias internas do centro. Ainda assim, do lado de fora, foi poss\u00edvel identificar ind\u00edcios de que alguns pontos demandam manuten\u00e7\u00e3o antes mesmo do in\u00edcio das atividades. O site campograndenews tamb\u00e9m fez mat\u00e9ria sobre o assunto em mar\u00e7o, logo ap\u00f3s o presidente da Federa\u00e7\u00e3o de Futebol, Estev\u00e3o Petrallas, dar entrevista \u00e0 R\u00e1dio EsporteMS, no in\u00edcio do Estadual.&nbsp;<\/p>\n<p class=\"isSelectedEnd\">Durante a visita, apenas um representante da empresa respons\u00e1vel pela obra foi autorizado a entrar, justamente para realizar uma verifica\u00e7\u00e3o das condi\u00e7\u00f5es atuais da estrutura. A presen\u00e7a do profissional refor\u00e7a a percep\u00e7\u00e3o de que interven\u00e7\u00f5es podem ser necess\u00e1rias antes da inaugura\u00e7\u00e3o.<\/p>\n<p class=\"isSelectedEnd\">O presidente da Federa\u00e7\u00e3o de Futebol de Mato Grosso do Sul, Estev\u00e3o Petrallas, j\u00e1 havia comentado sobre a situa\u00e7\u00e3o ao Portal EsporteMS. Segundo ele, a entidade aguarda apenas a confirma\u00e7\u00e3o de agenda com o presidente Samir Xaud para definir a data oficial de inaugura\u00e7\u00e3o do espa\u00e7o.<\/p>\n<p class=\"isSelectedEnd\">Outro ponto relevante envolve a aquisi\u00e7\u00e3o da \u00e1rea onde o centro foi constru\u00eddo. O terreno foi adquirido durante a gest\u00e3o de Francisco Cez\u00e1rio \u00e0 frente da FFMS. Embora n\u00e3o haja confirma\u00e7\u00e3o oficial dos valores, informa\u00e7\u00f5es de bastidores apontam que o montante pago teria sido de aproximadamente R$ 800 mil, cifra considerada dentro do padr\u00e3o praticado para aquela regi\u00e3o da Capital.<\/p>\n<p><img loading=\"lazy\" decoding=\"async\" class=\"aligncenter size-full wp-image-54299\" src=\"https:\/\/esportems.com.br\/site\/wp-content\/uploads\/2026\/04\/Captura-de-tela-2026-04-26-232446.png\" alt=\"\" width=\"966\" height=\"680\" srcset=\"https:\/\/esportems.com.br\/site\/wp-content\/uploads\/2026\/04\/Captura-de-tela-2026-04-26-232446.png 966w, https:\/\/esportems.com.br\/site\/wp-content\/uploads\/2026\/04\/Captura-de-tela-2026-04-26-232446-300x211.png 300w, https:\/\/esportems.com.br\/site\/wp-content\/uploads\/2026\/04\/Captura-de-tela-2026-04-26-232446-768x541.png 768w, https:\/\/esportems.com.br\/site\/wp-content\/uploads\/2026\/04\/Captura-de-tela-2026-04-26-232446-696x490.png 696w, https:\/\/esportems.com.br\/site\/wp-content\/uploads\/2026\/04\/Captura-de-tela-2026-04-26-232446-597x420.png 597w, https:\/\/esportems.com.br\/site\/wp-content\/uploads\/2026\/04\/Captura-de-tela-2026-04-26-232446-100x70.png 100w\" sizes=\"auto, (max-width: 966px) 100vw, 966px\" \/><strong>Detalhes do Centro de Desenvolvimento (Sa\u00edda para Rochedinho)<\/strong><\/p>\n<p class=\"isSelectedEnd\"><strong>Status (Mar\u00e7o\/2026):<\/strong> Obra com estrutura erguida, gramado e pintura finalizados, entrando na fase final de acabamento.<br \/>\n<strong>Localiza\u00e7\u00e3o:<\/strong> MS-010, prolongamento da Avenida Tamandar\u00e9, ap\u00f3s o campus da UCDB (Universidade Cat\u00f3lica Dom Bosco).<br \/>\n<strong>Estrutura:<\/strong> Inclui campo de grama natural com medidas oficiais, vesti\u00e1rios, arquibancadas, pr\u00e9dio administrativo e estacionamento.<br \/>\n<strong>Finalidade:<\/strong> Base operacional para escolinhas, treinamentos e competi\u00e7\u00f5es da Federa\u00e7\u00e3o de Futebol de Mato Grosso do Sul (FFMS), al\u00e9m da realiza\u00e7\u00e3o de cursos de capacita\u00e7\u00e3o.<\/p>\n<p class=\"isSelectedEnd\">O Centro de Desenvolvimento do Futebol foi projetado para ser um importante polo de forma\u00e7\u00e3o e incentivo ao esporte no estado. No entanto, a necessidade de manuten\u00e7\u00e3o antes mesmo da abertura acende um alerta sobre a qualidade final da obra e os cuidados necess\u00e1rios para garantir seu pleno funcionamento.<\/p>\n<p>A expectativa agora gira em torno dos pr\u00f3ximos passos: a realiza\u00e7\u00e3o dos ajustes identificados e a defini\u00e7\u00e3o de uma data concreta para que o espa\u00e7o, enfim, possa cumprir seu papel no desenvolvimento do futebol sul-mato-grossense.<\/p>\n","protected":false},"excerpt":{"rendered":"<p>Mesmo antes de sua inaugura\u00e7\u00e3o oficial, o Centro de Desenvolvimento do Futebol, localizado na Avenida Tiradentes, ap\u00f3s a UCDB, j\u00e1 apresenta sinais de que precisar\u00e1 passar por ajustes estruturais. A obra, que integra o legado da Copa do Mundo de 2014 e foi constru\u00edda com recursos integralmente oriundos da Confedera\u00e7\u00e3o Brasileira de Futebol (CBF), ainda [&hellip;]<\/p>\n","protected":false},"author":3,"featured_media":54300,"comment_status":"open","ping_status":"open","sticky":false,"template":"","format":"standard","meta":{"ngg_post_thumbnail":0,"tdm_status":"","tdm_grid_status":"","footnotes":""},"categories":[426,2],"tags":[],"class_list":{"0":"post-54298","1":"post","2":"type-post","3":"status-publish","4":"format-standard","5":"has-post-thumbnail","7":"category-copa-do-mundo","8":"category-featured"},"yoast_head":"<!-- This site is optimized with the Yoast SEO plugin v27.4 - https:\/\/yoast.com\/product\/yoast-seo-wordpress\/ -->\n<title>Sem inaugurar, CT de Desenvolvimento do Futebol vai precisar de ajustes - EsporteMS<\/title>\n<meta name=\"robots\" content=\"index, follow, max-snippet:-1, max-image-preview:large, max-video-preview:-1\" \/>\n<link rel=\"canonical\" href=\"https:\/\/esportems.com.br\/site\/sem-inaugurar-ct-de-desenvolvimento-do-futebol-vai-precisar-de-ajustes\/\" \/>\n<meta property=\"og:locale\" content=\"pt_BR\" \/>\n<meta property=\"og:type\" content=\"article\" \/>\n<meta property=\"og:title\" content=\"Sem inaugurar, CT de Desenvolvimento do Futebol vai precisar de ajustes - EsporteMS\" \/>\n<meta property=\"og:description\" content=\"Mesmo antes de sua inaugura\u00e7\u00e3o oficial, o Centro de Desenvolvimento do Futebol, localizado na Avenida Tiradentes, ap\u00f3s a UCDB, j\u00e1 apresenta sinais de que precisar\u00e1 passar por ajustes estruturais. A obra, que integra o legado da Copa do Mundo de 2014 e foi constru\u00edda com recursos integralmente oriundos da Confedera\u00e7\u00e3o Brasileira de Futebol (CBF), ainda [&hellip;]\" \/>\n<meta property=\"og:url\" content=\"https:\/\/esportems.com.br\/site\/sem-inaugurar-ct-de-desenvolvimento-do-futebol-vai-precisar-de-ajustes\/\" \/>\n<meta property=\"og:site_name\" content=\"EsporteMS\" \/>\n<meta property=\"article:publisher\" content=\"https:\/\/www.facebook.com\/profile.php?id=100050621362784\" \/>\n<meta property=\"article:published_time\" content=\"2026-04-27T03:38:19+00:00\" \/>\n<meta property=\"article:modified_time\" content=\"2026-04-27T04:23:13+00:00\" \/>\n<meta property=\"og:image\" content=\"https:\/\/esportems.com.br\/site\/wp-content\/uploads\/2026\/04\/1-centro.jpg\" \/>\n\t<meta property=\"og:image:width\" content=\"1000\" \/>\n\t<meta property=\"og:image:height\" content=\"462\" \/>\n\t<meta property=\"og:image:type\" content=\"image\/jpeg\" \/>\n<meta name=\"author\" content=\"Cl\u00e1udio Severo\" \/>\n<meta name=\"twitter:card\" content=\"summary_large_image\" \/>\n<meta name=\"twitter:creator\" content=\"@RadioEsporteMS\" \/>\n<meta name=\"twitter:site\" content=\"@RadioEsporteMS\" \/>\n<meta name=\"twitter:label1\" content=\"Escrito por\" \/>\n\t<meta name=\"twitter:data1\" content=\"Cl\u00e1udio Severo\" \/>\n\t<meta name=\"twitter:label2\" content=\"Est. tempo de leitura\" \/>\n\t<meta name=\"twitter:data2\" content=\"3 minutos\" \/>\n<script type=\"application\/ld+json\" class=\"yoast-schema-graph\">{\"@context\":\"https:\\\/\\\/schema.org\",\"@graph\":[{\"@type\":\"Article\",\"@id\":\"https:\\\/\\\/esportems.com.br\\\/site\\\/sem-inaugurar-ct-de-desenvolvimento-do-futebol-vai-precisar-de-ajustes\\\/#article\",\"isPartOf\":{\"@id\":\"https:\\\/\\\/esportems.com.br\\\/site\\\/sem-inaugurar-ct-de-desenvolvimento-do-futebol-vai-precisar-de-ajustes\\\/\"},\"author\":{\"name\":\"Cl\u00e1udio Severo\",\"@id\":\"https:\\\/\\\/esportems.com.br\\\/site\\\/#\\\/schema\\\/person\\\/f451b65748a8ce82d3ca25707a512dda\"},\"headline\":\"Sem inaugurar, CT de Desenvolvimento do Futebol vai precisar de ajustes\",\"datePublished\":\"2026-04-27T03:38:19+00:00\",\"dateModified\":\"2026-04-27T04:23:13+00:00\",\"mainEntityOfPage\":{\"@id\":\"https:\\\/\\\/esportems.com.br\\\/site\\\/sem-inaugurar-ct-de-desenvolvimento-do-futebol-vai-precisar-de-ajustes\\\/\"},\"wordCount\":517,\"commentCount\":0,\"publisher\":{\"@id\":\"https:\\\/\\\/esportems.com.br\\\/site\\\/#organization\"},\"image\":{\"@id\":\"https:\\\/\\\/esportems.com.br\\\/site\\\/sem-inaugurar-ct-de-desenvolvimento-do-futebol-vai-precisar-de-ajustes\\\/#primaryimage\"},\"thumbnailUrl\":\"https:\\\/\\\/esportems.com.br\\\/site\\\/wp-content\\\/uploads\\\/2026\\\/04\\\/1-centro.jpg\",\"articleSection\":[\"COPA DO MUNDO\",\"Featured\"],\"inLanguage\":\"pt-BR\",\"potentialAction\":[{\"@type\":\"CommentAction\",\"name\":\"Comment\",\"target\":[\"https:\\\/\\\/esportems.com.br\\\/site\\\/sem-inaugurar-ct-de-desenvolvimento-do-futebol-vai-precisar-de-ajustes\\\/#respond\"]}]},{\"@type\":\"WebPage\",\"@id\":\"https:\\\/\\\/esportems.com.br\\\/site\\\/sem-inaugurar-ct-de-desenvolvimento-do-futebol-vai-precisar-de-ajustes\\\/\",\"url\":\"https:\\\/\\\/esportems.com.br\\\/site\\\/sem-inaugurar-ct-de-desenvolvimento-do-futebol-vai-precisar-de-ajustes\\\/\",\"name\":\"Sem inaugurar, CT de Desenvolvimento do Futebol vai precisar de ajustes - EsporteMS\",\"isPartOf\":{\"@id\":\"https:\\\/\\\/esportems.com.br\\\/site\\\/#website\"},\"primaryImageOfPage\":{\"@id\":\"https:\\\/\\\/esportems.com.br\\\/site\\\/sem-inaugurar-ct-de-desenvolvimento-do-futebol-vai-precisar-de-ajustes\\\/#primaryimage\"},\"image\":{\"@id\":\"https:\\\/\\\/esportems.com.br\\\/site\\\/sem-inaugurar-ct-de-desenvolvimento-do-futebol-vai-precisar-de-ajustes\\\/#primaryimage\"},\"thumbnailUrl\":\"https:\\\/\\\/esportems.com.br\\\/site\\\/wp-content\\\/uploads\\\/2026\\\/04\\\/1-centro.jpg\",\"datePublished\":\"2026-04-27T03:38:19+00:00\",\"dateModified\":\"2026-04-27T04:23:13+00:00\",\"breadcrumb\":{\"@id\":\"https:\\\/\\\/esportems.com.br\\\/site\\\/sem-inaugurar-ct-de-desenvolvimento-do-futebol-vai-precisar-de-ajustes\\\/#breadcrumb\"},\"inLanguage\":\"pt-BR\",\"potentialAction\":[{\"@type\":\"ReadAction\",\"target\":[\"https:\\\/\\\/esportems.com.br\\\/site\\\/sem-inaugurar-ct-de-desenvolvimento-do-futebol-vai-precisar-de-ajustes\\\/\"]}]},{\"@type\":\"ImageObject\",\"inLanguage\":\"pt-BR\",\"@id\":\"https:\\\/\\\/esportems.com.br\\\/site\\\/sem-inaugurar-ct-de-desenvolvimento-do-futebol-vai-precisar-de-ajustes\\\/#primaryimage\",\"url\":\"https:\\\/\\\/esportems.com.br\\\/site\\\/wp-content\\\/uploads\\\/2026\\\/04\\\/1-centro.jpg\",\"contentUrl\":\"https:\\\/\\\/esportems.com.br\\\/site\\\/wp-content\\\/uploads\\\/2026\\\/04\\\/1-centro.jpg\",\"width\":1000,\"height\":462,\"caption\":\"Local come\u00e7a a ficar com poblemas na manuten\u00e7\u00e3o (foto-EMS)\"},{\"@type\":\"BreadcrumbList\",\"@id\":\"https:\\\/\\\/esportems.com.br\\\/site\\\/sem-inaugurar-ct-de-desenvolvimento-do-futebol-vai-precisar-de-ajustes\\\/#breadcrumb\",\"itemListElement\":[{\"@type\":\"ListItem\",\"position\":1,\"name\":\"In\u00edcio\",\"item\":\"https:\\\/\\\/esportems.com.br\\\/site\\\/\"},{\"@type\":\"ListItem\",\"position\":2,\"name\":\"Sem inaugurar, CT de Desenvolvimento do Futebol vai precisar de ajustes\"}]},{\"@type\":\"WebSite\",\"@id\":\"https:\\\/\\\/esportems.com.br\\\/site\\\/#website\",\"url\":\"https:\\\/\\\/esportems.com.br\\\/site\\\/\",\"name\":\"EsporteMS\",\"description\":\"O melhor conte\u00fado de esporte de MS\",\"publisher\":{\"@id\":\"https:\\\/\\\/esportems.com.br\\\/site\\\/#organization\"},\"potentialAction\":[{\"@type\":\"SearchAction\",\"target\":{\"@type\":\"EntryPoint\",\"urlTemplate\":\"https:\\\/\\\/esportems.com.br\\\/site\\\/?s={search_term_string}\"},\"query-input\":{\"@type\":\"PropertyValueSpecification\",\"valueRequired\":true,\"valueName\":\"search_term_string\"}}],\"inLanguage\":\"pt-BR\"},{\"@type\":\"Organization\",\"@id\":\"https:\\\/\\\/esportems.com.br\\\/site\\\/#organization\",\"name\":\"EsporteMS\",\"url\":\"https:\\\/\\\/esportems.com.br\\\/site\\\/\",\"logo\":{\"@type\":\"ImageObject\",\"inLanguage\":\"pt-BR\",\"@id\":\"https:\\\/\\\/esportems.com.br\\\/site\\\/#\\\/schema\\\/logo\\\/image\\\/\",\"url\":\"https:\\\/\\\/esportems.com.br\\\/site\\\/wp-content\\\/uploads\\\/2022\\\/12\\\/logo_esportems_250px.png\",\"contentUrl\":\"https:\\\/\\\/esportems.com.br\\\/site\\\/wp-content\\\/uploads\\\/2022\\\/12\\\/logo_esportems_250px.png\",\"width\":250,\"height\":250,\"caption\":\"EsporteMS\"},\"image\":{\"@id\":\"https:\\\/\\\/esportems.com.br\\\/site\\\/#\\\/schema\\\/logo\\\/image\\\/\"},\"sameAs\":[\"https:\\\/\\\/www.facebook.com\\\/profile.php?id=100050621362784\",\"https:\\\/\\\/x.com\\\/RadioEsporteMS\",\"https:\\\/\\\/www.instagram.com\\\/esportems2\\\/\",\"https:\\\/\\\/wa.me\\\/5567999590868\",\"https:\\\/\\\/www.youtube.com\\\/esportems\\\/\"]},{\"@type\":\"Person\",\"@id\":\"https:\\\/\\\/esportems.com.br\\\/site\\\/#\\\/schema\\\/person\\\/f451b65748a8ce82d3ca25707a512dda\",\"name\":\"Cl\u00e1udio Severo\",\"image\":{\"@type\":\"ImageObject\",\"inLanguage\":\"pt-BR\",\"@id\":\"https:\\\/\\\/secure.gravatar.com\\\/avatar\\\/94bcbd47e500b15b38519f79158a57abc1fa84f37255ad4b4be197699e1ff784?s=96&d=mm&r=g\",\"url\":\"https:\\\/\\\/secure.gravatar.com\\\/avatar\\\/94bcbd47e500b15b38519f79158a57abc1fa84f37255ad4b4be197699e1ff784?s=96&d=mm&r=g\",\"contentUrl\":\"https:\\\/\\\/secure.gravatar.com\\\/avatar\\\/94bcbd47e500b15b38519f79158a57abc1fa84f37255ad4b4be197699e1ff784?s=96&d=mm&r=g\",\"caption\":\"Cl\u00e1udio Severo\"},\"url\":\"https:\\\/\\\/esportems.com.br\\\/site\\\/author\\\/severo\\\/\"}]}<\/script>\n<!-- \/ Yoast SEO plugin. -->","yoast_head_json":{"title":"Sem inaugurar, CT de Desenvolvimento do Futebol vai precisar de ajustes - EsporteMS","robots":{"index":"index","follow":"follow","max-snippet":"max-snippet:-1","max-image-preview":"max-image-preview:large","max-video-preview":"max-video-preview:-1"},"canonical":"https:\/\/esportems.com.br\/site\/sem-inaugurar-ct-de-desenvolvimento-do-futebol-vai-precisar-de-ajustes\/","og_locale":"pt_BR","og_type":"article","og_title":"Sem inaugurar, CT de Desenvolvimento do Futebol vai precisar de ajustes - EsporteMS","og_description":"Mesmo antes de sua inaugura\u00e7\u00e3o oficial, o Centro de Desenvolvimento do Futebol, localizado na Avenida Tiradentes, ap\u00f3s a UCDB, j\u00e1 apresenta sinais de que precisar\u00e1 passar por ajustes estruturais. A obra, que integra o legado da Copa do Mundo de 2014 e foi constru\u00edda com recursos integralmente oriundos da Confedera\u00e7\u00e3o Brasileira de Futebol (CBF), ainda [&hellip;]","og_url":"https:\/\/esportems.com.br\/site\/sem-inaugurar-ct-de-desenvolvimento-do-futebol-vai-precisar-de-ajustes\/","og_site_name":"EsporteMS","article_publisher":"https:\/\/www.facebook.com\/profile.php?id=100050621362784","article_published_time":"2026-04-27T03:38:19+00:00","article_modified_time":"2026-04-27T04:23:13+00:00","og_image":[{"width":1000,"height":462,"url":"https:\/\/esportems.com.br\/site\/wp-content\/uploads\/2026\/04\/1-centro.jpg","type":"image\/jpeg"}],"author":"Cl\u00e1udio Severo","twitter_card":"summary_large_image","twitter_creator":"@RadioEsporteMS","twitter_site":"@RadioEsporteMS","twitter_misc":{"Escrito por":"Cl\u00e1udio Severo","Est. tempo de leitura":"3 minutos"},"schema":{"@context":"https:\/\/schema.org","@graph":[{"@type":"Article","@id":"https:\/\/esportems.com.br\/site\/sem-inaugurar-ct-de-desenvolvimento-do-futebol-vai-precisar-de-ajustes\/#article","isPartOf":{"@id":"https:\/\/esportems.com.br\/site\/sem-inaugurar-ct-de-desenvolvimento-do-futebol-vai-precisar-de-ajustes\/"},"author":{"name":"Cl\u00e1udio Severo","@id":"https:\/\/esportems.com.br\/site\/#\/schema\/person\/f451b65748a8ce82d3ca25707a512dda"},"headline":"Sem inaugurar, CT de Desenvolvimento do Futebol vai precisar de ajustes","datePublished":"2026-04-27T03:38:19+00:00","dateModified":"2026-04-27T04:23:13+00:00","mainEntityOfPage":{"@id":"https:\/\/esportems.com.br\/site\/sem-inaugurar-ct-de-desenvolvimento-do-futebol-vai-precisar-de-ajustes\/"},"wordCount":517,"commentCount":0,"publisher":{"@id":"https:\/\/esportems.com.br\/site\/#organization"},"image":{"@id":"https:\/\/esportems.com.br\/site\/sem-inaugurar-ct-de-desenvolvimento-do-futebol-vai-precisar-de-ajustes\/#primaryimage"},"thumbnailUrl":"https:\/\/esportems.com.br\/site\/wp-content\/uploads\/2026\/04\/1-centro.jpg","articleSection":["COPA DO MUNDO","Featured"],"inLanguage":"pt-BR","potentialAction":[{"@type":"CommentAction","name":"Comment","target":["https:\/\/esportems.com.br\/site\/sem-inaugurar-ct-de-desenvolvimento-do-futebol-vai-precisar-de-ajustes\/#respond"]}]},{"@type":"WebPage","@id":"https:\/\/esportems.com.br\/site\/sem-inaugurar-ct-de-desenvolvimento-do-futebol-vai-precisar-de-ajustes\/","url":"https:\/\/esportems.com.br\/site\/sem-inaugurar-ct-de-desenvolvimento-do-futebol-vai-precisar-de-ajustes\/","name":"Sem inaugurar, CT de Desenvolvimento do Futebol vai precisar de ajustes - EsporteMS","isPartOf":{"@id":"https:\/\/esportems.com.br\/site\/#website"},"primaryImageOfPage":{"@id":"https:\/\/esportems.com.br\/site\/sem-inaugurar-ct-de-desenvolvimento-do-futebol-vai-precisar-de-ajustes\/#primaryimage"},"image":{"@id":"https:\/\/esportems.com.br\/site\/sem-inaugurar-ct-de-desenvolvimento-do-futebol-vai-precisar-de-ajustes\/#primaryimage"},"thumbnailUrl":"https:\/\/esportems.com.br\/site\/wp-content\/uploads\/2026\/04\/1-centro.jpg","datePublished":"2026-04-27T03:38:19+00:00","dateModified":"2026-04-27T04:23:13+00:00","breadcrumb":{"@id":"https:\/\/esportems.com.br\/site\/sem-inaugurar-ct-de-desenvolvimento-do-futebol-vai-precisar-de-ajustes\/#breadcrumb"},"inLanguage":"pt-BR","potentialAction":[{"@type":"ReadAction","target":["https:\/\/esportems.com.br\/site\/sem-inaugurar-ct-de-desenvolvimento-do-futebol-vai-precisar-de-ajustes\/"]}]},{"@type":"ImageObject","inLanguage":"pt-BR","@id":"https:\/\/esportems.com.br\/site\/sem-inaugurar-ct-de-desenvolvimento-do-futebol-vai-precisar-de-ajustes\/#primaryimage","url":"https:\/\/esportems.com.br\/site\/wp-content\/uploads\/2026\/04\/1-centro.jpg","contentUrl":"https:\/\/esportems.com.br\/site\/wp-content\/uploads\/2026\/04\/1-centro.jpg","width":1000,"height":462,"caption":"Local come\u00e7a a ficar com poblemas na manuten\u00e7\u00e3o (foto-EMS)"},{"@type":"BreadcrumbList","@id":"https:\/\/esportems.com.br\/site\/sem-inaugurar-ct-de-desenvolvimento-do-futebol-vai-precisar-de-ajustes\/#breadcrumb","itemListElement":[{"@type":"ListItem","position":1,"name":"In\u00edcio","item":"https:\/\/esportems.com.br\/site\/"},{"@type":"ListItem","position":2,"name":"Sem inaugurar, CT de Desenvolvimento do Futebol vai precisar de ajustes"}]},{"@type":"WebSite","@id":"https:\/\/esportems.com.br\/site\/#website","url":"https:\/\/esportems.com.br\/site\/","name":"EsporteMS","description":"O melhor conte\u00fado de esporte de MS","publisher":{"@id":"https:\/\/esportems.com.br\/site\/#organization"},"potentialAction":[{"@type":"SearchAction","target":{"@type":"EntryPoint","urlTemplate":"https:\/\/esportems.com.br\/site\/?s={search_term_string}"},"query-input":{"@type":"PropertyValueSpecification","valueRequired":true,"valueName":"search_term_string"}}],"inLanguage":"pt-BR"},{"@type":"Organization","@id":"https:\/\/esportems.com.br\/site\/#organization","name":"EsporteMS","url":"https:\/\/esportems.com.br\/site\/","logo":{"@type":"ImageObject","inLanguage":"pt-BR","@id":"https:\/\/esportems.com.br\/site\/#\/schema\/logo\/image\/","url":"https:\/\/esportems.com.br\/site\/wp-content\/uploads\/2022\/12\/logo_esportems_250px.png","contentUrl":"https:\/\/esportems.com.br\/site\/wp-content\/uploads\/2022\/12\/logo_esportems_250px.png","width":250,"height":250,"caption":"EsporteMS"},"image":{"@id":"https:\/\/esportems.com.br\/site\/#\/schema\/logo\/image\/"},"sameAs":["https:\/\/www.facebook.com\/profile.php?id=100050621362784","https:\/\/x.com\/RadioEsporteMS","https:\/\/www.instagram.com\/esportems2\/","https:\/\/wa.me\/5567999590868","https:\/\/www.youtube.com\/esportems\/"]},{"@type":"Person","@id":"https:\/\/esportems.com.br\/site\/#\/schema\/person\/f451b65748a8ce82d3ca25707a512dda","name":"Cl\u00e1udio Severo","image":{"@type":"ImageObject","inLanguage":"pt-BR","@id":"https:\/\/secure.gravatar.com\/avatar\/94bcbd47e500b15b38519f79158a57abc1fa84f37255ad4b4be197699e1ff784?s=96&d=mm&r=g","url":"https:\/\/secure.gravatar.com\/avatar\/94bcbd47e500b15b38519f79158a57abc1fa84f37255ad4b4be197699e1ff784?s=96&d=mm&r=g","contentUrl":"https:\/\/secure.gravatar.com\/avatar\/94bcbd47e500b15b38519f79158a57abc1fa84f37255ad4b4be197699e1ff784?s=96&d=mm&r=g","caption":"Cl\u00e1udio Severo"},"url":"https:\/\/esportems.com.br\/site\/author\/severo\/"}]}},"amp_enabled":true,"_links":{"self":[{"href":"https:\/\/esportems.com.br\/site\/wp-json\/wp\/v2\/posts\/54298","targetHints":{"allow":["GET"]}}],"collection":[{"href":"https:\/\/esportems.com.br\/site\/wp-json\/wp\/v2\/posts"}],"about":[{"href":"https:\/\/esportems.com.br\/site\/wp-json\/wp\/v2\/types\/post"}],"author":[{"embeddable":true,"href":"https:\/\/esportems.com.br\/site\/wp-json\/wp\/v2\/users\/3"}],"replies":[{"embeddable":true,"href":"https:\/\/esportems.com.br\/site\/wp-json\/wp\/v2\/comments?post=54298"}],"version-history":[{"count":3,"href":"https:\/\/esportems.com.br\/site\/wp-json\/wp\/v2\/posts\/54298\/revisions"}],"predecessor-version":[{"id":54303,"href":"https:\/\/esportems.com.br\/site\/wp-json\/wp\/v2\/posts\/54298\/revisions\/54303"}],"wp:featuredmedia":[{"embeddable":true,"href":"https:\/\/esportems.com.br\/site\/wp-json\/wp\/v2\/media\/54300"}],"wp:attachment":[{"href":"https:\/\/esportems.com.br\/site\/wp-json\/wp\/v2\/media?parent=54298"}],"wp:term":[{"taxonomy":"category","embeddable":true,"href":"https:\/\/esportems.com.br\/site\/wp-json\/wp\/v2\/categories?post=54298"},{"taxonomy":"post_tag","embeddable":true,"href":"https:\/\/esportems.com.br\/site\/wp-json\/wp\/v2\/tags?post=54298"}],"curies":[{"name":"wp","href":"https:\/\/api.w.org\/{rel}","templated":true}]}}