{"id":54312,"date":"2026-04-27T15:57:18","date_gmt":"2026-04-27T19:57:18","guid":{"rendered":"https:\/\/esportems.com.br\/site\/?p=54312"},"modified":"2026-04-27T15:57:18","modified_gmt":"2026-04-27T19:57:18","slug":"corrida-e-passeio-atracoes-em-aquidauana-no-dia-do-trabalhador","status":"publish","type":"post","link":"https:\/\/esportems.com.br\/site\/corrida-e-passeio-atracoes-em-aquidauana-no-dia-do-trabalhador\/","title":{"rendered":"Corrida e passeio atra\u00e7\u00f5es em Aquidauana no dia do Trabalhador"},"content":{"rendered":"<p>Em comemora\u00e7\u00e3o ao Dia do Trabalhador, o munic\u00edpio de Aquidauana promove, no dia 1\u00ba de maio de 2026, a tradicional Corrida do Trabalhador, evento que re\u00fane esporte, lazer e integra\u00e7\u00e3o comunit\u00e1ria.<\/p>\n<p>A programa\u00e7\u00e3o inclui corrida de rua, passeio cicl\u00edstico e partidas de v\u00f4lei na Col\u00f4nia de F\u00e9rias, com o objetivo de incentivar a pr\u00e1tica esportiva e proporcionar um momento de conviv\u00eancia entre fam\u00edlias e amigos. A concentra\u00e7\u00e3o dos participantes est\u00e1 marcada para \u00e0s 7h, na Avenida Pantaneta, com destino \u00e0 Col\u00f4nia de F\u00e9rias de Aquidauana, onde ocorrer\u00e3o as demais atividades.<br \/>\n<img loading=\"lazy\" decoding=\"async\" class=\"aligncenter size-full wp-image-54313\" src=\"https:\/\/esportems.com.br\/site\/wp-content\/uploads\/2026\/04\/Captura-de-tela-2026-04-27-155458.png\" alt=\"\" width=\"597\" height=\"729\" srcset=\"https:\/\/esportems.com.br\/site\/wp-content\/uploads\/2026\/04\/Captura-de-tela-2026-04-27-155458.png 597w, https:\/\/esportems.com.br\/site\/wp-content\/uploads\/2026\/04\/Captura-de-tela-2026-04-27-155458-246x300.png 246w, https:\/\/esportems.com.br\/site\/wp-content\/uploads\/2026\/04\/Captura-de-tela-2026-04-27-155458-344x420.png 344w\" sizes=\"auto, (max-width: 597px) 100vw, 597px\" \/>Organizado pela ACEA \u2013 Col\u00f4nia de F\u00e9rias de Aquidauana, com apoio da Prefeitura Municipal de Aquidauana e da SEMEL \u2013 Secretaria Municipal de Esporte e Lazer, o evento busca fortalecer o calend\u00e1rio esportivo da cidade e estimular h\u00e1bitos saud\u00e1veis na popula\u00e7\u00e3o.<\/p>\n<p>As inscri\u00e7\u00f5es foram prorrogadas at\u00e9 o dia 28 de abril, ampliando a oportunidade para que mais pessoas participem da iniciativa. A expectativa \u00e9 de reunir um grande n\u00famero de participantes, consolidando a Corrida do Trabalhador como uma das principais atividades esportivas do munic\u00edpio.<\/p>\n<p>Al\u00e9m das competi\u00e7\u00f5es, a proposta \u00e9 transformar a data em um momento de celebra\u00e7\u00e3o coletiva, refor\u00e7ando o esp\u00edrito de uni\u00e3o e valoriza\u00e7\u00e3o do trabalhador por meio do esporte.<\/p>\n<p>Inscri\u00e7\u00f5es at\u00e9 dia 28\/04 pelo link:&nbsp;<a href=\"https:\/\/forms.gle\/exsY4LpHwcrFLC3j8\">https:\/\/forms.gle\/exsY4LpHwcrFLC3j8<\/a><\/p>\n","protected":false},"excerpt":{"rendered":"<p>Em comemora\u00e7\u00e3o ao Dia do Trabalhador, o munic\u00edpio de Aquidauana promove, no dia 1\u00ba de maio de 2026, a tradicional Corrida do Trabalhador, evento que re\u00fane esporte, lazer e integra\u00e7\u00e3o comunit\u00e1ria. A programa\u00e7\u00e3o inclui corrida de rua, passeio cicl\u00edstico e partidas de v\u00f4lei na Col\u00f4nia de F\u00e9rias, com o objetivo de incentivar a pr\u00e1tica esportiva [&hellip;]<\/p>\n","protected":false},"author":3,"featured_media":45104,"comment_status":"open","ping_status":"open","sticky":false,"template":"","format":"standard","meta":{"ngg_post_thumbnail":0,"tdm_status":"","tdm_grid_status":"","footnotes":""},"categories":[411,2],"tags":[],"class_list":{"0":"post-54312","1":"post","2":"type-post","3":"status-publish","4":"format-standard","5":"has-post-thumbnail","7":"category-corrida","8":"category-featured"},"yoast_head":"<!-- This site is optimized with the Yoast SEO plugin v27.4 - https:\/\/yoast.com\/product\/yoast-seo-wordpress\/ -->\n<title>Corrida e passeio atra\u00e7\u00f5es em Aquidauana no dia do Trabalhador - EsporteMS<\/title>\n<meta name=\"robots\" content=\"index, follow, max-snippet:-1, max-image-preview:large, max-video-preview:-1\" \/>\n<link rel=\"canonical\" href=\"https:\/\/esportems.com.br\/site\/corrida-e-passeio-atracoes-em-aquidauana-no-dia-do-trabalhador\/\" \/>\n<meta property=\"og:locale\" content=\"pt_BR\" \/>\n<meta property=\"og:type\" content=\"article\" \/>\n<meta property=\"og:title\" content=\"Corrida e passeio atra\u00e7\u00f5es em Aquidauana no dia do Trabalhador - EsporteMS\" \/>\n<meta property=\"og:description\" content=\"Em comemora\u00e7\u00e3o ao Dia do Trabalhador, o munic\u00edpio de Aquidauana promove, no dia 1\u00ba de maio de 2026, a tradicional Corrida do Trabalhador, evento que re\u00fane esporte, lazer e integra\u00e7\u00e3o comunit\u00e1ria. A programa\u00e7\u00e3o inclui corrida de rua, passeio cicl\u00edstico e partidas de v\u00f4lei na Col\u00f4nia de F\u00e9rias, com o objetivo de incentivar a pr\u00e1tica esportiva [&hellip;]\" \/>\n<meta property=\"og:url\" content=\"https:\/\/esportems.com.br\/site\/corrida-e-passeio-atracoes-em-aquidauana-no-dia-do-trabalhador\/\" \/>\n<meta property=\"og:site_name\" content=\"EsporteMS\" \/>\n<meta property=\"article:publisher\" content=\"https:\/\/www.facebook.com\/profile.php?id=100050621362784\" \/>\n<meta property=\"article:published_time\" content=\"2026-04-27T19:57:18+00:00\" \/>\n<meta property=\"og:image\" content=\"https:\/\/esportems.com.br\/site\/wp-content\/uploads\/2024\/09\/1-corrida-e1726943946745.jpg\" \/>\n\t<meta property=\"og:image:width\" content=\"1000\" \/>\n\t<meta property=\"og:image:height\" content=\"667\" \/>\n\t<meta property=\"og:image:type\" content=\"image\/jpeg\" \/>\n<meta name=\"author\" content=\"Cl\u00e1udio Severo\" \/>\n<meta name=\"twitter:card\" content=\"summary_large_image\" \/>\n<meta name=\"twitter:creator\" content=\"@RadioEsporteMS\" \/>\n<meta name=\"twitter:site\" content=\"@RadioEsporteMS\" \/>\n<meta name=\"twitter:label1\" content=\"Escrito por\" \/>\n\t<meta name=\"twitter:data1\" content=\"Cl\u00e1udio Severo\" \/>\n\t<meta name=\"twitter:label2\" content=\"Est. tempo de leitura\" \/>\n\t<meta name=\"twitter:data2\" content=\"2 minutos\" \/>\n<script type=\"application\/ld+json\" class=\"yoast-schema-graph\">{\"@context\":\"https:\\\/\\\/schema.org\",\"@graph\":[{\"@type\":\"Article\",\"@id\":\"https:\\\/\\\/esportems.com.br\\\/site\\\/corrida-e-passeio-atracoes-em-aquidauana-no-dia-do-trabalhador\\\/#article\",\"isPartOf\":{\"@id\":\"https:\\\/\\\/esportems.com.br\\\/site\\\/corrida-e-passeio-atracoes-em-aquidauana-no-dia-do-trabalhador\\\/\"},\"author\":{\"name\":\"Cl\u00e1udio Severo\",\"@id\":\"https:\\\/\\\/esportems.com.br\\\/site\\\/#\\\/schema\\\/person\\\/f451b65748a8ce82d3ca25707a512dda\"},\"headline\":\"Corrida e passeio atra\u00e7\u00f5es em Aquidauana no dia do Trabalhador\",\"datePublished\":\"2026-04-27T19:57:18+00:00\",\"mainEntityOfPage\":{\"@id\":\"https:\\\/\\\/esportems.com.br\\\/site\\\/corrida-e-passeio-atracoes-em-aquidauana-no-dia-do-trabalhador\\\/\"},\"wordCount\":251,\"commentCount\":0,\"publisher\":{\"@id\":\"https:\\\/\\\/esportems.com.br\\\/site\\\/#organization\"},\"image\":{\"@id\":\"https:\\\/\\\/esportems.com.br\\\/site\\\/corrida-e-passeio-atracoes-em-aquidauana-no-dia-do-trabalhador\\\/#primaryimage\"},\"thumbnailUrl\":\"https:\\\/\\\/esportems.com.br\\\/site\\\/wp-content\\\/uploads\\\/2024\\\/09\\\/1-corrida-e1726943946745.jpg\",\"articleSection\":[\"CORRIDA\",\"Featured\"],\"inLanguage\":\"pt-BR\",\"potentialAction\":[{\"@type\":\"CommentAction\",\"name\":\"Comment\",\"target\":[\"https:\\\/\\\/esportems.com.br\\\/site\\\/corrida-e-passeio-atracoes-em-aquidauana-no-dia-do-trabalhador\\\/#respond\"]}]},{\"@type\":\"WebPage\",\"@id\":\"https:\\\/\\\/esportems.com.br\\\/site\\\/corrida-e-passeio-atracoes-em-aquidauana-no-dia-do-trabalhador\\\/\",\"url\":\"https:\\\/\\\/esportems.com.br\\\/site\\\/corrida-e-passeio-atracoes-em-aquidauana-no-dia-do-trabalhador\\\/\",\"name\":\"Corrida e passeio atra\u00e7\u00f5es em Aquidauana no dia do Trabalhador - EsporteMS\",\"isPartOf\":{\"@id\":\"https:\\\/\\\/esportems.com.br\\\/site\\\/#website\"},\"primaryImageOfPage\":{\"@id\":\"https:\\\/\\\/esportems.com.br\\\/site\\\/corrida-e-passeio-atracoes-em-aquidauana-no-dia-do-trabalhador\\\/#primaryimage\"},\"image\":{\"@id\":\"https:\\\/\\\/esportems.com.br\\\/site\\\/corrida-e-passeio-atracoes-em-aquidauana-no-dia-do-trabalhador\\\/#primaryimage\"},\"thumbnailUrl\":\"https:\\\/\\\/esportems.com.br\\\/site\\\/wp-content\\\/uploads\\\/2024\\\/09\\\/1-corrida-e1726943946745.jpg\",\"datePublished\":\"2026-04-27T19:57:18+00:00\",\"breadcrumb\":{\"@id\":\"https:\\\/\\\/esportems.com.br\\\/site\\\/corrida-e-passeio-atracoes-em-aquidauana-no-dia-do-trabalhador\\\/#breadcrumb\"},\"inLanguage\":\"pt-BR\",\"potentialAction\":[{\"@type\":\"ReadAction\",\"target\":[\"https:\\\/\\\/esportems.com.br\\\/site\\\/corrida-e-passeio-atracoes-em-aquidauana-no-dia-do-trabalhador\\\/\"]}]},{\"@type\":\"ImageObject\",\"inLanguage\":\"pt-BR\",\"@id\":\"https:\\\/\\\/esportems.com.br\\\/site\\\/corrida-e-passeio-atracoes-em-aquidauana-no-dia-do-trabalhador\\\/#primaryimage\",\"url\":\"https:\\\/\\\/esportems.com.br\\\/site\\\/wp-content\\\/uploads\\\/2024\\\/09\\\/1-corrida-e1726943946745.jpg\",\"contentUrl\":\"https:\\\/\\\/esportems.com.br\\\/site\\\/wp-content\\\/uploads\\\/2024\\\/09\\\/1-corrida-e1726943946745.jpg\",\"width\":1000,\"height\":667,\"caption\":\"Prova ser\u00e1 disputada nas ruas de Jardim neste domingo (foto-acs)\"},{\"@type\":\"BreadcrumbList\",\"@id\":\"https:\\\/\\\/esportems.com.br\\\/site\\\/corrida-e-passeio-atracoes-em-aquidauana-no-dia-do-trabalhador\\\/#breadcrumb\",\"itemListElement\":[{\"@type\":\"ListItem\",\"position\":1,\"name\":\"In\u00edcio\",\"item\":\"https:\\\/\\\/esportems.com.br\\\/site\\\/\"},{\"@type\":\"ListItem\",\"position\":2,\"name\":\"Corrida e passeio atra\u00e7\u00f5es em Aquidauana no dia do Trabalhador\"}]},{\"@type\":\"WebSite\",\"@id\":\"https:\\\/\\\/esportems.com.br\\\/site\\\/#website\",\"url\":\"https:\\\/\\\/esportems.com.br\\\/site\\\/\",\"name\":\"EsporteMS\",\"description\":\"O melhor conte\u00fado de esporte de MS\",\"publisher\":{\"@id\":\"https:\\\/\\\/esportems.com.br\\\/site\\\/#organization\"},\"potentialAction\":[{\"@type\":\"SearchAction\",\"target\":{\"@type\":\"EntryPoint\",\"urlTemplate\":\"https:\\\/\\\/esportems.com.br\\\/site\\\/?s={search_term_string}\"},\"query-input\":{\"@type\":\"PropertyValueSpecification\",\"valueRequired\":true,\"valueName\":\"search_term_string\"}}],\"inLanguage\":\"pt-BR\"},{\"@type\":\"Organization\",\"@id\":\"https:\\\/\\\/esportems.com.br\\\/site\\\/#organization\",\"name\":\"EsporteMS\",\"url\":\"https:\\\/\\\/esportems.com.br\\\/site\\\/\",\"logo\":{\"@type\":\"ImageObject\",\"inLanguage\":\"pt-BR\",\"@id\":\"https:\\\/\\\/esportems.com.br\\\/site\\\/#\\\/schema\\\/logo\\\/image\\\/\",\"url\":\"https:\\\/\\\/esportems.com.br\\\/site\\\/wp-content\\\/uploads\\\/2022\\\/12\\\/logo_esportems_250px.png\",\"contentUrl\":\"https:\\\/\\\/esportems.com.br\\\/site\\\/wp-content\\\/uploads\\\/2022\\\/12\\\/logo_esportems_250px.png\",\"width\":250,\"height\":250,\"caption\":\"EsporteMS\"},\"image\":{\"@id\":\"https:\\\/\\\/esportems.com.br\\\/site\\\/#\\\/schema\\\/logo\\\/image\\\/\"},\"sameAs\":[\"https:\\\/\\\/www.facebook.com\\\/profile.php?id=100050621362784\",\"https:\\\/\\\/x.com\\\/RadioEsporteMS\",\"https:\\\/\\\/www.instagram.com\\\/esportems2\\\/\",\"https:\\\/\\\/wa.me\\\/5567999590868\",\"https:\\\/\\\/www.youtube.com\\\/esportems\\\/\"]},{\"@type\":\"Person\",\"@id\":\"https:\\\/\\\/esportems.com.br\\\/site\\\/#\\\/schema\\\/person\\\/f451b65748a8ce82d3ca25707a512dda\",\"name\":\"Cl\u00e1udio Severo\",\"image\":{\"@type\":\"ImageObject\",\"inLanguage\":\"pt-BR\",\"@id\":\"https:\\\/\\\/secure.gravatar.com\\\/avatar\\\/94bcbd47e500b15b38519f79158a57abc1fa84f37255ad4b4be197699e1ff784?s=96&d=mm&r=g\",\"url\":\"https:\\\/\\\/secure.gravatar.com\\\/avatar\\\/94bcbd47e500b15b38519f79158a57abc1fa84f37255ad4b4be197699e1ff784?s=96&d=mm&r=g\",\"contentUrl\":\"https:\\\/\\\/secure.gravatar.com\\\/avatar\\\/94bcbd47e500b15b38519f79158a57abc1fa84f37255ad4b4be197699e1ff784?s=96&d=mm&r=g\",\"caption\":\"Cl\u00e1udio Severo\"},\"url\":\"https:\\\/\\\/esportems.com.br\\\/site\\\/author\\\/severo\\\/\"}]}<\/script>\n<!-- \/ Yoast SEO plugin. -->","yoast_head_json":{"title":"Corrida e passeio atra\u00e7\u00f5es em Aquidauana no dia do Trabalhador - EsporteMS","robots":{"index":"index","follow":"follow","max-snippet":"max-snippet:-1","max-image-preview":"max-image-preview:large","max-video-preview":"max-video-preview:-1"},"canonical":"https:\/\/esportems.com.br\/site\/corrida-e-passeio-atracoes-em-aquidauana-no-dia-do-trabalhador\/","og_locale":"pt_BR","og_type":"article","og_title":"Corrida e passeio atra\u00e7\u00f5es em Aquidauana no dia do Trabalhador - EsporteMS","og_description":"Em comemora\u00e7\u00e3o ao Dia do Trabalhador, o munic\u00edpio de Aquidauana promove, no dia 1\u00ba de maio de 2026, a tradicional Corrida do Trabalhador, evento que re\u00fane esporte, lazer e integra\u00e7\u00e3o comunit\u00e1ria. A programa\u00e7\u00e3o inclui corrida de rua, passeio cicl\u00edstico e partidas de v\u00f4lei na Col\u00f4nia de F\u00e9rias, com o objetivo de incentivar a pr\u00e1tica esportiva [&hellip;]","og_url":"https:\/\/esportems.com.br\/site\/corrida-e-passeio-atracoes-em-aquidauana-no-dia-do-trabalhador\/","og_site_name":"EsporteMS","article_publisher":"https:\/\/www.facebook.com\/profile.php?id=100050621362784","article_published_time":"2026-04-27T19:57:18+00:00","og_image":[{"width":1000,"height":667,"url":"https:\/\/esportems.com.br\/site\/wp-content\/uploads\/2024\/09\/1-corrida-e1726943946745.jpg","type":"image\/jpeg"}],"author":"Cl\u00e1udio Severo","twitter_card":"summary_large_image","twitter_creator":"@RadioEsporteMS","twitter_site":"@RadioEsporteMS","twitter_misc":{"Escrito por":"Cl\u00e1udio Severo","Est. tempo de leitura":"2 minutos"},"schema":{"@context":"https:\/\/schema.org","@graph":[{"@type":"Article","@id":"https:\/\/esportems.com.br\/site\/corrida-e-passeio-atracoes-em-aquidauana-no-dia-do-trabalhador\/#article","isPartOf":{"@id":"https:\/\/esportems.com.br\/site\/corrida-e-passeio-atracoes-em-aquidauana-no-dia-do-trabalhador\/"},"author":{"name":"Cl\u00e1udio Severo","@id":"https:\/\/esportems.com.br\/site\/#\/schema\/person\/f451b65748a8ce82d3ca25707a512dda"},"headline":"Corrida e passeio atra\u00e7\u00f5es em Aquidauana no dia do Trabalhador","datePublished":"2026-04-27T19:57:18+00:00","mainEntityOfPage":{"@id":"https:\/\/esportems.com.br\/site\/corrida-e-passeio-atracoes-em-aquidauana-no-dia-do-trabalhador\/"},"wordCount":251,"commentCount":0,"publisher":{"@id":"https:\/\/esportems.com.br\/site\/#organization"},"image":{"@id":"https:\/\/esportems.com.br\/site\/corrida-e-passeio-atracoes-em-aquidauana-no-dia-do-trabalhador\/#primaryimage"},"thumbnailUrl":"https:\/\/esportems.com.br\/site\/wp-content\/uploads\/2024\/09\/1-corrida-e1726943946745.jpg","articleSection":["CORRIDA","Featured"],"inLanguage":"pt-BR","potentialAction":[{"@type":"CommentAction","name":"Comment","target":["https:\/\/esportems.com.br\/site\/corrida-e-passeio-atracoes-em-aquidauana-no-dia-do-trabalhador\/#respond"]}]},{"@type":"WebPage","@id":"https:\/\/esportems.com.br\/site\/corrida-e-passeio-atracoes-em-aquidauana-no-dia-do-trabalhador\/","url":"https:\/\/esportems.com.br\/site\/corrida-e-passeio-atracoes-em-aquidauana-no-dia-do-trabalhador\/","name":"Corrida e passeio atra\u00e7\u00f5es em Aquidauana no dia do Trabalhador - EsporteMS","isPartOf":{"@id":"https:\/\/esportems.com.br\/site\/#website"},"primaryImageOfPage":{"@id":"https:\/\/esportems.com.br\/site\/corrida-e-passeio-atracoes-em-aquidauana-no-dia-do-trabalhador\/#primaryimage"},"image":{"@id":"https:\/\/esportems.com.br\/site\/corrida-e-passeio-atracoes-em-aquidauana-no-dia-do-trabalhador\/#primaryimage"},"thumbnailUrl":"https:\/\/esportems.com.br\/site\/wp-content\/uploads\/2024\/09\/1-corrida-e1726943946745.jpg","datePublished":"2026-04-27T19:57:18+00:00","breadcrumb":{"@id":"https:\/\/esportems.com.br\/site\/corrida-e-passeio-atracoes-em-aquidauana-no-dia-do-trabalhador\/#breadcrumb"},"inLanguage":"pt-BR","potentialAction":[{"@type":"ReadAction","target":["https:\/\/esportems.com.br\/site\/corrida-e-passeio-atracoes-em-aquidauana-no-dia-do-trabalhador\/"]}]},{"@type":"ImageObject","inLanguage":"pt-BR","@id":"https:\/\/esportems.com.br\/site\/corrida-e-passeio-atracoes-em-aquidauana-no-dia-do-trabalhador\/#primaryimage","url":"https:\/\/esportems.com.br\/site\/wp-content\/uploads\/2024\/09\/1-corrida-e1726943946745.jpg","contentUrl":"https:\/\/esportems.com.br\/site\/wp-content\/uploads\/2024\/09\/1-corrida-e1726943946745.jpg","width":1000,"height":667,"caption":"Prova ser\u00e1 disputada nas ruas de Jardim neste domingo (foto-acs)"},{"@type":"BreadcrumbList","@id":"https:\/\/esportems.com.br\/site\/corrida-e-passeio-atracoes-em-aquidauana-no-dia-do-trabalhador\/#breadcrumb","itemListElement":[{"@type":"ListItem","position":1,"name":"In\u00edcio","item":"https:\/\/esportems.com.br\/site\/"},{"@type":"ListItem","position":2,"name":"Corrida e passeio atra\u00e7\u00f5es em Aquidauana no dia do Trabalhador"}]},{"@type":"WebSite","@id":"https:\/\/esportems.com.br\/site\/#website","url":"https:\/\/esportems.com.br\/site\/","name":"EsporteMS","description":"O melhor conte\u00fado de esporte de MS","publisher":{"@id":"https:\/\/esportems.com.br\/site\/#organization"},"potentialAction":[{"@type":"SearchAction","target":{"@type":"EntryPoint","urlTemplate":"https:\/\/esportems.com.br\/site\/?s={search_term_string}"},"query-input":{"@type":"PropertyValueSpecification","valueRequired":true,"valueName":"search_term_string"}}],"inLanguage":"pt-BR"},{"@type":"Organization","@id":"https:\/\/esportems.com.br\/site\/#organization","name":"EsporteMS","url":"https:\/\/esportems.com.br\/site\/","logo":{"@type":"ImageObject","inLanguage":"pt-BR","@id":"https:\/\/esportems.com.br\/site\/#\/schema\/logo\/image\/","url":"https:\/\/esportems.com.br\/site\/wp-content\/uploads\/2022\/12\/logo_esportems_250px.png","contentUrl":"https:\/\/esportems.com.br\/site\/wp-content\/uploads\/2022\/12\/logo_esportems_250px.png","width":250,"height":250,"caption":"EsporteMS"},"image":{"@id":"https:\/\/esportems.com.br\/site\/#\/schema\/logo\/image\/"},"sameAs":["https:\/\/www.facebook.com\/profile.php?id=100050621362784","https:\/\/x.com\/RadioEsporteMS","https:\/\/www.instagram.com\/esportems2\/","https:\/\/wa.me\/5567999590868","https:\/\/www.youtube.com\/esportems\/"]},{"@type":"Person","@id":"https:\/\/esportems.com.br\/site\/#\/schema\/person\/f451b65748a8ce82d3ca25707a512dda","name":"Cl\u00e1udio Severo","image":{"@type":"ImageObject","inLanguage":"pt-BR","@id":"https:\/\/secure.gravatar.com\/avatar\/94bcbd47e500b15b38519f79158a57abc1fa84f37255ad4b4be197699e1ff784?s=96&d=mm&r=g","url":"https:\/\/secure.gravatar.com\/avatar\/94bcbd47e500b15b38519f79158a57abc1fa84f37255ad4b4be197699e1ff784?s=96&d=mm&r=g","contentUrl":"https:\/\/secure.gravatar.com\/avatar\/94bcbd47e500b15b38519f79158a57abc1fa84f37255ad4b4be197699e1ff784?s=96&d=mm&r=g","caption":"Cl\u00e1udio Severo"},"url":"https:\/\/esportems.com.br\/site\/author\/severo\/"}]}},"amp_enabled":true,"_links":{"self":[{"href":"https:\/\/esportems.com.br\/site\/wp-json\/wp\/v2\/posts\/54312","targetHints":{"allow":["GET"]}}],"collection":[{"href":"https:\/\/esportems.com.br\/site\/wp-json\/wp\/v2\/posts"}],"about":[{"href":"https:\/\/esportems.com.br\/site\/wp-json\/wp\/v2\/types\/post"}],"author":[{"embeddable":true,"href":"https:\/\/esportems.com.br\/site\/wp-json\/wp\/v2\/users\/3"}],"replies":[{"embeddable":true,"href":"https:\/\/esportems.com.br\/site\/wp-json\/wp\/v2\/comments?post=54312"}],"version-history":[{"count":1,"href":"https:\/\/esportems.com.br\/site\/wp-json\/wp\/v2\/posts\/54312\/revisions"}],"predecessor-version":[{"id":54314,"href":"https:\/\/esportems.com.br\/site\/wp-json\/wp\/v2\/posts\/54312\/revisions\/54314"}],"wp:featuredmedia":[{"embeddable":true,"href":"https:\/\/esportems.com.br\/site\/wp-json\/wp\/v2\/media\/45104"}],"wp:attachment":[{"href":"https:\/\/esportems.com.br\/site\/wp-json\/wp\/v2\/media?parent=54312"}],"wp:term":[{"taxonomy":"category","embeddable":true,"href":"https:\/\/esportems.com.br\/site\/wp-json\/wp\/v2\/categories?post=54312"},{"taxonomy":"post_tag","embeddable":true,"href":"https:\/\/esportems.com.br\/site\/wp-json\/wp\/v2\/tags?post=54312"}],"curies":[{"name":"wp","href":"https:\/\/api.w.org\/{rel}","templated":true}]}}