{"id":54316,"date":"2026-04-27T22:06:41","date_gmt":"2026-04-28T02:06:41","guid":{"rendered":"https:\/\/esportems.com.br\/site\/?p=54316"},"modified":"2026-04-27T22:06:41","modified_gmt":"2026-04-28T02:06:41","slug":"sub-17-do-campo-grande-volei-participa-do-brasileirao-em-osasco","status":"publish","type":"post","link":"https:\/\/esportems.com.br\/site\/sub-17-do-campo-grande-volei-participa-do-brasileirao-em-osasco\/","title":{"rendered":"Sub-17 do Campo Grande V\u00f4lei participa do Brasileir\u00e3o em Osasco"},"content":{"rendered":"<p data-start=\"176\" data-end=\"459\">A equipe feminina sub-17 do Campo Grande V\u00f4lei inicia nesta semana sua caminhada no <span style=\"color: #ff0000;\"><strong>Campeonato Brasileiro da categoria<\/strong><\/span>. A competi\u00e7\u00e3o re\u00fane algumas das principais equipes de base do pa\u00eds e ser\u00e1 realizada na tradicional Cidade do V\u00f4lei, em Osasco (SP), antigo complexo do ADC Bradesco.<\/p>\n<p data-start=\"461\" data-end=\"666\">A estreia da equipe sul-mato-grossense acontece nesta ter\u00e7a-feira, quando enfrenta o representante do Rio Grande do Norte. A partida marca o primeiro desafio do time na busca por uma boa campanha nacional.<\/p>\n<p data-start=\"668\" data-end=\"891\">Com um elenco jovem e promissor, o <span style=\"color: #ff0000;\"><strong>Campo Grande V\u00f4lei<\/strong><\/span> chega ao torneio com a expectativa de adquirir experi\u00eancia em competi\u00e7\u00f5es de alto n\u00edvel e representar bem o estado diante de advers\u00e1rios de diferentes regi\u00f5es do Brasil.<\/p>\n<p data-start=\"893\" data-end=\"1110\">Os jogos est\u00e3o sendo realizados na estrutura localizada na Rua Tom\u00e1s Ant\u00f4nio Gonzaga, 251, em Osasco, um dos principais centros de forma\u00e7\u00e3o do voleibol brasileiro, conhecido por revelar grandes talentos da modalidade.<\/p>\n<p data-start=\"1112\" data-end=\"1327\">A participa\u00e7\u00e3o no Campeonato Brasileiro Sub-17 \u00e9 vista como um passo importante no desenvolvimento das atletas, que ter\u00e3o a oportunidade de enfrentar equipes tradicionais e mostrar seu potencial em cen\u00e1rio nacional.<br \/>\n<img loading=\"lazy\" decoding=\"async\" class=\"aligncenter size-full wp-image-54317\" src=\"https:\/\/esportems.com.br\/site\/wp-content\/uploads\/2026\/04\/Captura-de-tela-2026-04-27-220210.png\" alt=\"\" width=\"939\" height=\"139\" srcset=\"https:\/\/esportems.com.br\/site\/wp-content\/uploads\/2026\/04\/Captura-de-tela-2026-04-27-220210.png 939w, https:\/\/esportems.com.br\/site\/wp-content\/uploads\/2026\/04\/Captura-de-tela-2026-04-27-220210-300x44.png 300w, https:\/\/esportems.com.br\/site\/wp-content\/uploads\/2026\/04\/Captura-de-tela-2026-04-27-220210-768x114.png 768w, https:\/\/esportems.com.br\/site\/wp-content\/uploads\/2026\/04\/Captura-de-tela-2026-04-27-220210-696x103.png 696w\" sizes=\"auto, (max-width: 939px) 100vw, 939px\" \/><img loading=\"lazy\" decoding=\"async\" class=\"aligncenter size-full wp-image-54318\" src=\"https:\/\/esportems.com.br\/site\/wp-content\/uploads\/2026\/04\/Captura-de-tela-2026-04-27-220233.png\" alt=\"\" width=\"729\" height=\"119\" srcset=\"https:\/\/esportems.com.br\/site\/wp-content\/uploads\/2026\/04\/Captura-de-tela-2026-04-27-220233.png 729w, https:\/\/esportems.com.br\/site\/wp-content\/uploads\/2026\/04\/Captura-de-tela-2026-04-27-220233-300x49.png 300w, https:\/\/esportems.com.br\/site\/wp-content\/uploads\/2026\/04\/Captura-de-tela-2026-04-27-220233-696x114.png 696w\" sizes=\"auto, (max-width: 729px) 100vw, 729px\" \/><\/p>\n","protected":false},"excerpt":{"rendered":"<p>A equipe feminina sub-17 do Campo Grande V\u00f4lei inicia nesta semana sua caminhada no Campeonato Brasileiro da categoria. A competi\u00e7\u00e3o re\u00fane algumas das principais equipes de base do pa\u00eds e ser\u00e1 realizada na tradicional Cidade do V\u00f4lei, em Osasco (SP), antigo complexo do ADC Bradesco. A estreia da equipe sul-mato-grossense acontece nesta ter\u00e7a-feira, quando enfrenta [&hellip;]<\/p>\n","protected":false},"author":3,"featured_media":54319,"comment_status":"open","ping_status":"open","sticky":false,"template":"","format":"standard","meta":{"ngg_post_thumbnail":0,"tdm_status":"","tdm_grid_status":"","footnotes":""},"categories":[2,186],"tags":[],"class_list":{"0":"post-54316","1":"post","2":"type-post","3":"status-publish","4":"format-standard","5":"has-post-thumbnail","7":"category-featured","8":"category-voleibol"},"yoast_head":"<!-- This site is optimized with the Yoast SEO plugin v27.4 - https:\/\/yoast.com\/product\/yoast-seo-wordpress\/ -->\n<title>Sub-17 do Campo Grande V\u00f4lei participa do Brasileir\u00e3o em Osasco - EsporteMS<\/title>\n<meta name=\"robots\" content=\"index, follow, max-snippet:-1, max-image-preview:large, max-video-preview:-1\" \/>\n<link rel=\"canonical\" href=\"https:\/\/esportems.com.br\/site\/sub-17-do-campo-grande-volei-participa-do-brasileirao-em-osasco\/\" \/>\n<meta property=\"og:locale\" content=\"pt_BR\" \/>\n<meta property=\"og:type\" content=\"article\" \/>\n<meta property=\"og:title\" content=\"Sub-17 do Campo Grande V\u00f4lei participa do Brasileir\u00e3o em Osasco - EsporteMS\" \/>\n<meta property=\"og:description\" content=\"A equipe feminina sub-17 do Campo Grande V\u00f4lei inicia nesta semana sua caminhada no Campeonato Brasileiro da categoria. A competi\u00e7\u00e3o re\u00fane algumas das principais equipes de base do pa\u00eds e ser\u00e1 realizada na tradicional Cidade do V\u00f4lei, em Osasco (SP), antigo complexo do ADC Bradesco. A estreia da equipe sul-mato-grossense acontece nesta ter\u00e7a-feira, quando enfrenta [&hellip;]\" \/>\n<meta property=\"og:url\" content=\"https:\/\/esportems.com.br\/site\/sub-17-do-campo-grande-volei-participa-do-brasileirao-em-osasco\/\" \/>\n<meta property=\"og:site_name\" content=\"EsporteMS\" \/>\n<meta property=\"article:publisher\" content=\"https:\/\/www.facebook.com\/profile.php?id=100050621362784\" \/>\n<meta property=\"article:published_time\" content=\"2026-04-28T02:06:41+00:00\" \/>\n<meta property=\"og:image\" content=\"https:\/\/esportems.com.br\/site\/wp-content\/uploads\/2026\/04\/1-volei.jpeg\" \/>\n\t<meta property=\"og:image:width\" content=\"1280\" \/>\n\t<meta property=\"og:image:height\" content=\"960\" \/>\n\t<meta property=\"og:image:type\" content=\"image\/jpeg\" \/>\n<meta name=\"author\" content=\"Cl\u00e1udio Severo\" \/>\n<meta name=\"twitter:card\" content=\"summary_large_image\" \/>\n<meta name=\"twitter:creator\" content=\"@RadioEsporteMS\" \/>\n<meta name=\"twitter:site\" content=\"@RadioEsporteMS\" \/>\n<meta name=\"twitter:label1\" content=\"Escrito por\" \/>\n\t<meta name=\"twitter:data1\" content=\"Cl\u00e1udio Severo\" \/>\n\t<meta name=\"twitter:label2\" content=\"Est. tempo de leitura\" \/>\n\t<meta name=\"twitter:data2\" content=\"2 minutos\" \/>\n<script type=\"application\/ld+json\" class=\"yoast-schema-graph\">{\"@context\":\"https:\\\/\\\/schema.org\",\"@graph\":[{\"@type\":\"Article\",\"@id\":\"https:\\\/\\\/esportems.com.br\\\/site\\\/sub-17-do-campo-grande-volei-participa-do-brasileirao-em-osasco\\\/#article\",\"isPartOf\":{\"@id\":\"https:\\\/\\\/esportems.com.br\\\/site\\\/sub-17-do-campo-grande-volei-participa-do-brasileirao-em-osasco\\\/\"},\"author\":{\"name\":\"Cl\u00e1udio Severo\",\"@id\":\"https:\\\/\\\/esportems.com.br\\\/site\\\/#\\\/schema\\\/person\\\/f451b65748a8ce82d3ca25707a512dda\"},\"headline\":\"Sub-17 do Campo Grande V\u00f4lei participa do Brasileir\u00e3o em Osasco\",\"datePublished\":\"2026-04-28T02:06:41+00:00\",\"mainEntityOfPage\":{\"@id\":\"https:\\\/\\\/esportems.com.br\\\/site\\\/sub-17-do-campo-grande-volei-participa-do-brasileirao-em-osasco\\\/\"},\"wordCount\":206,\"commentCount\":0,\"publisher\":{\"@id\":\"https:\\\/\\\/esportems.com.br\\\/site\\\/#organization\"},\"image\":{\"@id\":\"https:\\\/\\\/esportems.com.br\\\/site\\\/sub-17-do-campo-grande-volei-participa-do-brasileirao-em-osasco\\\/#primaryimage\"},\"thumbnailUrl\":\"https:\\\/\\\/esportems.com.br\\\/site\\\/wp-content\\\/uploads\\\/2026\\\/04\\\/1-volei.jpeg\",\"articleSection\":[\"Featured\",\"VOLEIBOL\"],\"inLanguage\":\"pt-BR\",\"potentialAction\":[{\"@type\":\"CommentAction\",\"name\":\"Comment\",\"target\":[\"https:\\\/\\\/esportems.com.br\\\/site\\\/sub-17-do-campo-grande-volei-participa-do-brasileirao-em-osasco\\\/#respond\"]}]},{\"@type\":\"WebPage\",\"@id\":\"https:\\\/\\\/esportems.com.br\\\/site\\\/sub-17-do-campo-grande-volei-participa-do-brasileirao-em-osasco\\\/\",\"url\":\"https:\\\/\\\/esportems.com.br\\\/site\\\/sub-17-do-campo-grande-volei-participa-do-brasileirao-em-osasco\\\/\",\"name\":\"Sub-17 do Campo Grande V\u00f4lei participa do Brasileir\u00e3o em Osasco - EsporteMS\",\"isPartOf\":{\"@id\":\"https:\\\/\\\/esportems.com.br\\\/site\\\/#website\"},\"primaryImageOfPage\":{\"@id\":\"https:\\\/\\\/esportems.com.br\\\/site\\\/sub-17-do-campo-grande-volei-participa-do-brasileirao-em-osasco\\\/#primaryimage\"},\"image\":{\"@id\":\"https:\\\/\\\/esportems.com.br\\\/site\\\/sub-17-do-campo-grande-volei-participa-do-brasileirao-em-osasco\\\/#primaryimage\"},\"thumbnailUrl\":\"https:\\\/\\\/esportems.com.br\\\/site\\\/wp-content\\\/uploads\\\/2026\\\/04\\\/1-volei.jpeg\",\"datePublished\":\"2026-04-28T02:06:41+00:00\",\"breadcrumb\":{\"@id\":\"https:\\\/\\\/esportems.com.br\\\/site\\\/sub-17-do-campo-grande-volei-participa-do-brasileirao-em-osasco\\\/#breadcrumb\"},\"inLanguage\":\"pt-BR\",\"potentialAction\":[{\"@type\":\"ReadAction\",\"target\":[\"https:\\\/\\\/esportems.com.br\\\/site\\\/sub-17-do-campo-grande-volei-participa-do-brasileirao-em-osasco\\\/\"]}]},{\"@type\":\"ImageObject\",\"inLanguage\":\"pt-BR\",\"@id\":\"https:\\\/\\\/esportems.com.br\\\/site\\\/sub-17-do-campo-grande-volei-participa-do-brasileirao-em-osasco\\\/#primaryimage\",\"url\":\"https:\\\/\\\/esportems.com.br\\\/site\\\/wp-content\\\/uploads\\\/2026\\\/04\\\/1-volei.jpeg\",\"contentUrl\":\"https:\\\/\\\/esportems.com.br\\\/site\\\/wp-content\\\/uploads\\\/2026\\\/04\\\/1-volei.jpeg\",\"width\":1280,\"height\":960},{\"@type\":\"BreadcrumbList\",\"@id\":\"https:\\\/\\\/esportems.com.br\\\/site\\\/sub-17-do-campo-grande-volei-participa-do-brasileirao-em-osasco\\\/#breadcrumb\",\"itemListElement\":[{\"@type\":\"ListItem\",\"position\":1,\"name\":\"In\u00edcio\",\"item\":\"https:\\\/\\\/esportems.com.br\\\/site\\\/\"},{\"@type\":\"ListItem\",\"position\":2,\"name\":\"Sub-17 do Campo Grande V\u00f4lei participa do Brasileir\u00e3o em Osasco\"}]},{\"@type\":\"WebSite\",\"@id\":\"https:\\\/\\\/esportems.com.br\\\/site\\\/#website\",\"url\":\"https:\\\/\\\/esportems.com.br\\\/site\\\/\",\"name\":\"EsporteMS\",\"description\":\"O melhor conte\u00fado de esporte de MS\",\"publisher\":{\"@id\":\"https:\\\/\\\/esportems.com.br\\\/site\\\/#organization\"},\"potentialAction\":[{\"@type\":\"SearchAction\",\"target\":{\"@type\":\"EntryPoint\",\"urlTemplate\":\"https:\\\/\\\/esportems.com.br\\\/site\\\/?s={search_term_string}\"},\"query-input\":{\"@type\":\"PropertyValueSpecification\",\"valueRequired\":true,\"valueName\":\"search_term_string\"}}],\"inLanguage\":\"pt-BR\"},{\"@type\":\"Organization\",\"@id\":\"https:\\\/\\\/esportems.com.br\\\/site\\\/#organization\",\"name\":\"EsporteMS\",\"url\":\"https:\\\/\\\/esportems.com.br\\\/site\\\/\",\"logo\":{\"@type\":\"ImageObject\",\"inLanguage\":\"pt-BR\",\"@id\":\"https:\\\/\\\/esportems.com.br\\\/site\\\/#\\\/schema\\\/logo\\\/image\\\/\",\"url\":\"https:\\\/\\\/esportems.com.br\\\/site\\\/wp-content\\\/uploads\\\/2022\\\/12\\\/logo_esportems_250px.png\",\"contentUrl\":\"https:\\\/\\\/esportems.com.br\\\/site\\\/wp-content\\\/uploads\\\/2022\\\/12\\\/logo_esportems_250px.png\",\"width\":250,\"height\":250,\"caption\":\"EsporteMS\"},\"image\":{\"@id\":\"https:\\\/\\\/esportems.com.br\\\/site\\\/#\\\/schema\\\/logo\\\/image\\\/\"},\"sameAs\":[\"https:\\\/\\\/www.facebook.com\\\/profile.php?id=100050621362784\",\"https:\\\/\\\/x.com\\\/RadioEsporteMS\",\"https:\\\/\\\/www.instagram.com\\\/esportems2\\\/\",\"https:\\\/\\\/wa.me\\\/5567999590868\",\"https:\\\/\\\/www.youtube.com\\\/esportems\\\/\"]},{\"@type\":\"Person\",\"@id\":\"https:\\\/\\\/esportems.com.br\\\/site\\\/#\\\/schema\\\/person\\\/f451b65748a8ce82d3ca25707a512dda\",\"name\":\"Cl\u00e1udio Severo\",\"image\":{\"@type\":\"ImageObject\",\"inLanguage\":\"pt-BR\",\"@id\":\"https:\\\/\\\/secure.gravatar.com\\\/avatar\\\/94bcbd47e500b15b38519f79158a57abc1fa84f37255ad4b4be197699e1ff784?s=96&d=mm&r=g\",\"url\":\"https:\\\/\\\/secure.gravatar.com\\\/avatar\\\/94bcbd47e500b15b38519f79158a57abc1fa84f37255ad4b4be197699e1ff784?s=96&d=mm&r=g\",\"contentUrl\":\"https:\\\/\\\/secure.gravatar.com\\\/avatar\\\/94bcbd47e500b15b38519f79158a57abc1fa84f37255ad4b4be197699e1ff784?s=96&d=mm&r=g\",\"caption\":\"Cl\u00e1udio Severo\"},\"url\":\"https:\\\/\\\/esportems.com.br\\\/site\\\/author\\\/severo\\\/\"}]}<\/script>\n<!-- \/ Yoast SEO plugin. -->","yoast_head_json":{"title":"Sub-17 do Campo Grande V\u00f4lei participa do Brasileir\u00e3o em Osasco - EsporteMS","robots":{"index":"index","follow":"follow","max-snippet":"max-snippet:-1","max-image-preview":"max-image-preview:large","max-video-preview":"max-video-preview:-1"},"canonical":"https:\/\/esportems.com.br\/site\/sub-17-do-campo-grande-volei-participa-do-brasileirao-em-osasco\/","og_locale":"pt_BR","og_type":"article","og_title":"Sub-17 do Campo Grande V\u00f4lei participa do Brasileir\u00e3o em Osasco - EsporteMS","og_description":"A equipe feminina sub-17 do Campo Grande V\u00f4lei inicia nesta semana sua caminhada no Campeonato Brasileiro da categoria. A competi\u00e7\u00e3o re\u00fane algumas das principais equipes de base do pa\u00eds e ser\u00e1 realizada na tradicional Cidade do V\u00f4lei, em Osasco (SP), antigo complexo do ADC Bradesco. A estreia da equipe sul-mato-grossense acontece nesta ter\u00e7a-feira, quando enfrenta [&hellip;]","og_url":"https:\/\/esportems.com.br\/site\/sub-17-do-campo-grande-volei-participa-do-brasileirao-em-osasco\/","og_site_name":"EsporteMS","article_publisher":"https:\/\/www.facebook.com\/profile.php?id=100050621362784","article_published_time":"2026-04-28T02:06:41+00:00","og_image":[{"width":1280,"height":960,"url":"https:\/\/esportems.com.br\/site\/wp-content\/uploads\/2026\/04\/1-volei.jpeg","type":"image\/jpeg"}],"author":"Cl\u00e1udio Severo","twitter_card":"summary_large_image","twitter_creator":"@RadioEsporteMS","twitter_site":"@RadioEsporteMS","twitter_misc":{"Escrito por":"Cl\u00e1udio Severo","Est. tempo de leitura":"2 minutos"},"schema":{"@context":"https:\/\/schema.org","@graph":[{"@type":"Article","@id":"https:\/\/esportems.com.br\/site\/sub-17-do-campo-grande-volei-participa-do-brasileirao-em-osasco\/#article","isPartOf":{"@id":"https:\/\/esportems.com.br\/site\/sub-17-do-campo-grande-volei-participa-do-brasileirao-em-osasco\/"},"author":{"name":"Cl\u00e1udio Severo","@id":"https:\/\/esportems.com.br\/site\/#\/schema\/person\/f451b65748a8ce82d3ca25707a512dda"},"headline":"Sub-17 do Campo Grande V\u00f4lei participa do Brasileir\u00e3o em Osasco","datePublished":"2026-04-28T02:06:41+00:00","mainEntityOfPage":{"@id":"https:\/\/esportems.com.br\/site\/sub-17-do-campo-grande-volei-participa-do-brasileirao-em-osasco\/"},"wordCount":206,"commentCount":0,"publisher":{"@id":"https:\/\/esportems.com.br\/site\/#organization"},"image":{"@id":"https:\/\/esportems.com.br\/site\/sub-17-do-campo-grande-volei-participa-do-brasileirao-em-osasco\/#primaryimage"},"thumbnailUrl":"https:\/\/esportems.com.br\/site\/wp-content\/uploads\/2026\/04\/1-volei.jpeg","articleSection":["Featured","VOLEIBOL"],"inLanguage":"pt-BR","potentialAction":[{"@type":"CommentAction","name":"Comment","target":["https:\/\/esportems.com.br\/site\/sub-17-do-campo-grande-volei-participa-do-brasileirao-em-osasco\/#respond"]}]},{"@type":"WebPage","@id":"https:\/\/esportems.com.br\/site\/sub-17-do-campo-grande-volei-participa-do-brasileirao-em-osasco\/","url":"https:\/\/esportems.com.br\/site\/sub-17-do-campo-grande-volei-participa-do-brasileirao-em-osasco\/","name":"Sub-17 do Campo Grande V\u00f4lei participa do Brasileir\u00e3o em Osasco - EsporteMS","isPartOf":{"@id":"https:\/\/esportems.com.br\/site\/#website"},"primaryImageOfPage":{"@id":"https:\/\/esportems.com.br\/site\/sub-17-do-campo-grande-volei-participa-do-brasileirao-em-osasco\/#primaryimage"},"image":{"@id":"https:\/\/esportems.com.br\/site\/sub-17-do-campo-grande-volei-participa-do-brasileirao-em-osasco\/#primaryimage"},"thumbnailUrl":"https:\/\/esportems.com.br\/site\/wp-content\/uploads\/2026\/04\/1-volei.jpeg","datePublished":"2026-04-28T02:06:41+00:00","breadcrumb":{"@id":"https:\/\/esportems.com.br\/site\/sub-17-do-campo-grande-volei-participa-do-brasileirao-em-osasco\/#breadcrumb"},"inLanguage":"pt-BR","potentialAction":[{"@type":"ReadAction","target":["https:\/\/esportems.com.br\/site\/sub-17-do-campo-grande-volei-participa-do-brasileirao-em-osasco\/"]}]},{"@type":"ImageObject","inLanguage":"pt-BR","@id":"https:\/\/esportems.com.br\/site\/sub-17-do-campo-grande-volei-participa-do-brasileirao-em-osasco\/#primaryimage","url":"https:\/\/esportems.com.br\/site\/wp-content\/uploads\/2026\/04\/1-volei.jpeg","contentUrl":"https:\/\/esportems.com.br\/site\/wp-content\/uploads\/2026\/04\/1-volei.jpeg","width":1280,"height":960},{"@type":"BreadcrumbList","@id":"https:\/\/esportems.com.br\/site\/sub-17-do-campo-grande-volei-participa-do-brasileirao-em-osasco\/#breadcrumb","itemListElement":[{"@type":"ListItem","position":1,"name":"In\u00edcio","item":"https:\/\/esportems.com.br\/site\/"},{"@type":"ListItem","position":2,"name":"Sub-17 do Campo Grande V\u00f4lei participa do Brasileir\u00e3o em Osasco"}]},{"@type":"WebSite","@id":"https:\/\/esportems.com.br\/site\/#website","url":"https:\/\/esportems.com.br\/site\/","name":"EsporteMS","description":"O melhor conte\u00fado de esporte de MS","publisher":{"@id":"https:\/\/esportems.com.br\/site\/#organization"},"potentialAction":[{"@type":"SearchAction","target":{"@type":"EntryPoint","urlTemplate":"https:\/\/esportems.com.br\/site\/?s={search_term_string}"},"query-input":{"@type":"PropertyValueSpecification","valueRequired":true,"valueName":"search_term_string"}}],"inLanguage":"pt-BR"},{"@type":"Organization","@id":"https:\/\/esportems.com.br\/site\/#organization","name":"EsporteMS","url":"https:\/\/esportems.com.br\/site\/","logo":{"@type":"ImageObject","inLanguage":"pt-BR","@id":"https:\/\/esportems.com.br\/site\/#\/schema\/logo\/image\/","url":"https:\/\/esportems.com.br\/site\/wp-content\/uploads\/2022\/12\/logo_esportems_250px.png","contentUrl":"https:\/\/esportems.com.br\/site\/wp-content\/uploads\/2022\/12\/logo_esportems_250px.png","width":250,"height":250,"caption":"EsporteMS"},"image":{"@id":"https:\/\/esportems.com.br\/site\/#\/schema\/logo\/image\/"},"sameAs":["https:\/\/www.facebook.com\/profile.php?id=100050621362784","https:\/\/x.com\/RadioEsporteMS","https:\/\/www.instagram.com\/esportems2\/","https:\/\/wa.me\/5567999590868","https:\/\/www.youtube.com\/esportems\/"]},{"@type":"Person","@id":"https:\/\/esportems.com.br\/site\/#\/schema\/person\/f451b65748a8ce82d3ca25707a512dda","name":"Cl\u00e1udio Severo","image":{"@type":"ImageObject","inLanguage":"pt-BR","@id":"https:\/\/secure.gravatar.com\/avatar\/94bcbd47e500b15b38519f79158a57abc1fa84f37255ad4b4be197699e1ff784?s=96&d=mm&r=g","url":"https:\/\/secure.gravatar.com\/avatar\/94bcbd47e500b15b38519f79158a57abc1fa84f37255ad4b4be197699e1ff784?s=96&d=mm&r=g","contentUrl":"https:\/\/secure.gravatar.com\/avatar\/94bcbd47e500b15b38519f79158a57abc1fa84f37255ad4b4be197699e1ff784?s=96&d=mm&r=g","caption":"Cl\u00e1udio Severo"},"url":"https:\/\/esportems.com.br\/site\/author\/severo\/"}]}},"amp_enabled":true,"_links":{"self":[{"href":"https:\/\/esportems.com.br\/site\/wp-json\/wp\/v2\/posts\/54316","targetHints":{"allow":["GET"]}}],"collection":[{"href":"https:\/\/esportems.com.br\/site\/wp-json\/wp\/v2\/posts"}],"about":[{"href":"https:\/\/esportems.com.br\/site\/wp-json\/wp\/v2\/types\/post"}],"author":[{"embeddable":true,"href":"https:\/\/esportems.com.br\/site\/wp-json\/wp\/v2\/users\/3"}],"replies":[{"embeddable":true,"href":"https:\/\/esportems.com.br\/site\/wp-json\/wp\/v2\/comments?post=54316"}],"version-history":[{"count":1,"href":"https:\/\/esportems.com.br\/site\/wp-json\/wp\/v2\/posts\/54316\/revisions"}],"predecessor-version":[{"id":54320,"href":"https:\/\/esportems.com.br\/site\/wp-json\/wp\/v2\/posts\/54316\/revisions\/54320"}],"wp:featuredmedia":[{"embeddable":true,"href":"https:\/\/esportems.com.br\/site\/wp-json\/wp\/v2\/media\/54319"}],"wp:attachment":[{"href":"https:\/\/esportems.com.br\/site\/wp-json\/wp\/v2\/media?parent=54316"}],"wp:term":[{"taxonomy":"category","embeddable":true,"href":"https:\/\/esportems.com.br\/site\/wp-json\/wp\/v2\/categories?post=54316"},{"taxonomy":"post_tag","embeddable":true,"href":"https:\/\/esportems.com.br\/site\/wp-json\/wp\/v2\/tags?post=54316"}],"curies":[{"name":"wp","href":"https:\/\/api.w.org\/{rel}","templated":true}]}}