{"id":54321,"date":"2026-04-27T22:36:54","date_gmt":"2026-04-28T02:36:54","guid":{"rendered":"https:\/\/esportems.com.br\/site\/?p=54321"},"modified":"2026-04-27T22:36:54","modified_gmt":"2026-04-28T02:36:54","slug":"gt-da-base-teve-primeira-reuniao-com-participacao-em-massa","status":"publish","type":"post","link":"https:\/\/esportems.com.br\/site\/gt-da-base-teve-primeira-reuniao-com-participacao-em-massa\/","title":{"rendered":"GT da Base teve primeira reuni\u00e3o com participa\u00e7\u00e3o em massa"},"content":{"rendered":"<p>A CBF realizou nesta segunda-feira (27) a primeira reuni\u00e3o com o Grupo de Trabalho da Base Brasileira, evento que lotou o audit\u00f3rio da entidade, no Rio de Janeiro, com a presen\u00e7a de dirigentes de clubes, CBF e federa\u00e7\u00f5es. O t\u00e9cnico Carlo Ancelotti prestigiou o encontro, ao lado do presidente da CBF, Samir Xaud.<\/p>\n<p>O pontap\u00e9 inicial do GT foi marcado por debates e propostas de melhorias nas categorias de base do Futebol do Brasil. Considerada estrat\u00e9gica para o futuro, a medida se soma aos esfor\u00e7os da entidade em modernizar de forma urgente o futebol brasileiro, ap\u00f3s a reformula\u00e7\u00e3o dos calend\u00e1rios masculino e feminino, do lan\u00e7amento do modelo de Fair Play Financeiro e da profissionaliza\u00e7\u00e3o da arbitragem.<\/p>\n<p>\u201cO futebol de base \u00e9 mais um pilar important\u00edssimo da nossa gest\u00e3o. \u00c9 de l\u00e1 que saem os nossos craques. A CBF vem formando grupos de trabalho espec\u00edficos para cada setor e agora chegou a vez da base. Fico muito feliz de ter nomeado nosso presidente Felipe Silva para estar coordenando esse Grupo de Trabalho, juntamente com o H\u00e9lder Melillo. Com essa medida, a CBF valoriza a import\u00e2ncia de todo o ecossistema do futebol de base brasileiro. O dia de hoje contempla esse novo modelo de gest\u00e3o com a certeza de que deixaremos um legado muito positivo para a base brasileira\u201d, disse o presidente Samir Xaud, na abertura da reuni\u00e3o.<\/p>\n<figure id=\"attachment_54322\" aria-describedby=\"caption-attachment-54322\" style=\"width: 873px\" class=\"wp-caption aligncenter\"><img loading=\"lazy\" decoding=\"async\" class=\"size-full wp-image-54322\" src=\"https:\/\/esportems.com.br\/site\/wp-content\/uploads\/2026\/04\/Captura-de-tela-2026-04-27-223216.png\" alt=\"\" width=\"873\" height=\"583\" srcset=\"https:\/\/esportems.com.br\/site\/wp-content\/uploads\/2026\/04\/Captura-de-tela-2026-04-27-223216.png 873w, https:\/\/esportems.com.br\/site\/wp-content\/uploads\/2026\/04\/Captura-de-tela-2026-04-27-223216-300x200.png 300w, https:\/\/esportems.com.br\/site\/wp-content\/uploads\/2026\/04\/Captura-de-tela-2026-04-27-223216-768x513.png 768w, https:\/\/esportems.com.br\/site\/wp-content\/uploads\/2026\/04\/Captura-de-tela-2026-04-27-223216-696x465.png 696w, https:\/\/esportems.com.br\/site\/wp-content\/uploads\/2026\/04\/Captura-de-tela-2026-04-27-223216-629x420.png 629w\" sizes=\"auto, (max-width: 873px) 100vw, 873px\" \/><figcaption id=\"caption-attachment-54322\" class=\"wp-caption-text\">Samir Xaud, Ancelotti e Cris Gambar\u00e9 participaram da abertura do GT da Base<br \/>Cr\u00e9ditos: Nelson Terme \/ CBF<\/figcaption><\/figure>\n<p>Tamb\u00e9m muito aplaudido, o t\u00e9cnico da Sele\u00e7\u00e3o Brasileira, Carlo Ancelotti, destacou a nova iniciativa da CBF.<\/p>\n<p>\u201cTrata-se de um projeto muito importante para a forma\u00e7\u00e3o do jovem brasileiro. A hist\u00f3ria do futebol mostra que este pa\u00eds sempre teve grandes futebolistas, jogadores com talento, com muita criatividade. \u00c9 um pa\u00eds de tradi\u00e7\u00e3o esportiva e futebol\u00edstica. Mas o talento n\u00e3o se pode formar. Este projeto nasce n\u00e3o para formar talento, mas para educar o talento. Investir na forma\u00e7\u00e3o \u00e9 investir no futebol brasileiro. Queremos criar n\u00e3o perna forte, mas mente forte\u201d, disse Ancelotti.<\/p>\n<p>O objetivo do GT \u00e9, a partir de encontros como o desta segunda-feira, elaborar propostas para o aprimoramento do modelo de forma\u00e7\u00e3o de jogadores e jogadoras em todas as regi\u00f5es do pa\u00eds, alinhando-o a diretrizes internacionais, com sugest\u00f5es legislativas e institucionais voltadas \u00e0 prote\u00e7\u00e3o da forma\u00e7\u00e3o dos atletas, \u00e0 sustentabilidade dos clubes formadores e \u00e0 integridade do processo formativo.<\/p>\n<p><img decoding=\"async\" src=\"https:\/\/stcbfsiteprdimgbrs.blob.core.windows.net\/img-site\/cdn\/DSC_03522_3a7ba23dc3.JPG\"><strong>Cris Gambar\u00e9 na reuni\u00e3o do GT da Base<\/strong><em>Cr\u00e9ditos: Nelson Terme \/ CBF<\/em><\/p>\n<p>O Grupo de Trabalho na Base tem como diretriz agir do mesmo modo para fomentar o futebol feminino brasileiro. Para a coordenadora t\u00e9cnica das Sele\u00e7\u00f5es Femininas da CBF, Cris Gambar\u00e9, o GT tem tudo para fomentar a modalidade por todo o Pa\u00eds.<\/p>\n<p>\u201c\u00c9 um grande orgulho estar participando desse primeiro encontro. Vejo o quanto \u00e9 importante, aqui, os clubes estarem enviando seus representantes para fazer parte dessa configura\u00e7\u00e3o, o quanto \u00e9 importante n\u00f3s fazermos todo o alinhamento da constru\u00e7\u00e3o das categorias de base para que realmente consigamos futuramente ter essas atletas em alta performance, da forma como n\u00f3s sempre gostamos de ter, de ver o futebol brasileiro bem jogado, bem estruturado. Estamos diante de uma grande oportunidade. Que os clubes possam agora se orientar e implantar as categorias de base a n\u00edvel nacional, que os estados fomentem as suas competi\u00e7\u00f5es e que possamos fazer sempre mais para que essa categoria cres\u00e7a, em constante evolu\u00e7\u00e3o\u201d, disse Cris Gambar\u00e9.<\/p>\n","protected":false},"excerpt":{"rendered":"<p>A CBF realizou nesta segunda-feira (27) a primeira reuni\u00e3o com o Grupo de Trabalho da Base Brasileira, evento que lotou o audit\u00f3rio da entidade, no Rio de Janeiro, com a presen\u00e7a de dirigentes de clubes, CBF e federa\u00e7\u00f5es. O t\u00e9cnico Carlo Ancelotti prestigiou o encontro, ao lado do presidente da CBF, Samir Xaud. O pontap\u00e9 [&hellip;]<\/p>\n","protected":false},"author":3,"featured_media":54323,"comment_status":"open","ping_status":"open","sticky":false,"template":"","format":"standard","meta":{"ngg_post_thumbnail":0,"tdm_status":"","tdm_grid_status":"","footnotes":""},"categories":[435,2],"tags":[],"class_list":{"0":"post-54321","1":"post","2":"type-post","3":"status-publish","4":"format-standard","5":"has-post-thumbnail","7":"category-compromisso","8":"category-featured"},"yoast_head":"<!-- This site is optimized with the Yoast SEO plugin v27.4 - https:\/\/yoast.com\/product\/yoast-seo-wordpress\/ -->\n<title>GT da Base teve primeira reuni\u00e3o com participa\u00e7\u00e3o em massa - EsporteMS<\/title>\n<meta name=\"robots\" content=\"index, follow, max-snippet:-1, max-image-preview:large, max-video-preview:-1\" \/>\n<link rel=\"canonical\" href=\"https:\/\/esportems.com.br\/site\/gt-da-base-teve-primeira-reuniao-com-participacao-em-massa\/\" \/>\n<meta property=\"og:locale\" content=\"pt_BR\" \/>\n<meta property=\"og:type\" content=\"article\" \/>\n<meta property=\"og:title\" content=\"GT da Base teve primeira reuni\u00e3o com participa\u00e7\u00e3o em massa - EsporteMS\" \/>\n<meta property=\"og:description\" content=\"A CBF realizou nesta segunda-feira (27) a primeira reuni\u00e3o com o Grupo de Trabalho da Base Brasileira, evento que lotou o audit\u00f3rio da entidade, no Rio de Janeiro, com a presen\u00e7a de dirigentes de clubes, CBF e federa\u00e7\u00f5es. O t\u00e9cnico Carlo Ancelotti prestigiou o encontro, ao lado do presidente da CBF, Samir Xaud. O pontap\u00e9 [&hellip;]\" \/>\n<meta property=\"og:url\" content=\"https:\/\/esportems.com.br\/site\/gt-da-base-teve-primeira-reuniao-com-participacao-em-massa\/\" \/>\n<meta property=\"og:site_name\" content=\"EsporteMS\" \/>\n<meta property=\"article:publisher\" content=\"https:\/\/www.facebook.com\/profile.php?id=100050621362784\" \/>\n<meta property=\"article:published_time\" content=\"2026-04-28T02:36:54+00:00\" \/>\n<meta property=\"og:image\" content=\"https:\/\/esportems.com.br\/site\/wp-content\/uploads\/2026\/04\/Captura-de-tela-2026-04-27-223613.png\" \/>\n\t<meta property=\"og:image:width\" content=\"823\" \/>\n\t<meta property=\"og:image:height\" content=\"554\" \/>\n\t<meta property=\"og:image:type\" content=\"image\/png\" \/>\n<meta name=\"author\" content=\"Cl\u00e1udio Severo\" \/>\n<meta name=\"twitter:card\" content=\"summary_large_image\" \/>\n<meta name=\"twitter:creator\" content=\"@RadioEsporteMS\" \/>\n<meta name=\"twitter:site\" content=\"@RadioEsporteMS\" \/>\n<meta name=\"twitter:label1\" content=\"Escrito por\" \/>\n\t<meta name=\"twitter:data1\" content=\"Cl\u00e1udio Severo\" \/>\n\t<meta name=\"twitter:label2\" content=\"Est. tempo de leitura\" \/>\n\t<meta name=\"twitter:data2\" content=\"4 minutos\" \/>\n<script type=\"application\/ld+json\" class=\"yoast-schema-graph\">{\"@context\":\"https:\\\/\\\/schema.org\",\"@graph\":[{\"@type\":\"Article\",\"@id\":\"https:\\\/\\\/esportems.com.br\\\/site\\\/gt-da-base-teve-primeira-reuniao-com-participacao-em-massa\\\/#article\",\"isPartOf\":{\"@id\":\"https:\\\/\\\/esportems.com.br\\\/site\\\/gt-da-base-teve-primeira-reuniao-com-participacao-em-massa\\\/\"},\"author\":{\"name\":\"Cl\u00e1udio Severo\",\"@id\":\"https:\\\/\\\/esportems.com.br\\\/site\\\/#\\\/schema\\\/person\\\/f451b65748a8ce82d3ca25707a512dda\"},\"headline\":\"GT da Base teve primeira reuni\u00e3o com participa\u00e7\u00e3o em massa\",\"datePublished\":\"2026-04-28T02:36:54+00:00\",\"mainEntityOfPage\":{\"@id\":\"https:\\\/\\\/esportems.com.br\\\/site\\\/gt-da-base-teve-primeira-reuniao-com-participacao-em-massa\\\/\"},\"wordCount\":620,\"commentCount\":0,\"publisher\":{\"@id\":\"https:\\\/\\\/esportems.com.br\\\/site\\\/#organization\"},\"image\":{\"@id\":\"https:\\\/\\\/esportems.com.br\\\/site\\\/gt-da-base-teve-primeira-reuniao-com-participacao-em-massa\\\/#primaryimage\"},\"thumbnailUrl\":\"https:\\\/\\\/esportems.com.br\\\/site\\\/wp-content\\\/uploads\\\/2026\\\/04\\\/Captura-de-tela-2026-04-27-223613.png\",\"articleSection\":[\"COMPROMISSO\",\"Featured\"],\"inLanguage\":\"pt-BR\",\"potentialAction\":[{\"@type\":\"CommentAction\",\"name\":\"Comment\",\"target\":[\"https:\\\/\\\/esportems.com.br\\\/site\\\/gt-da-base-teve-primeira-reuniao-com-participacao-em-massa\\\/#respond\"]}]},{\"@type\":\"WebPage\",\"@id\":\"https:\\\/\\\/esportems.com.br\\\/site\\\/gt-da-base-teve-primeira-reuniao-com-participacao-em-massa\\\/\",\"url\":\"https:\\\/\\\/esportems.com.br\\\/site\\\/gt-da-base-teve-primeira-reuniao-com-participacao-em-massa\\\/\",\"name\":\"GT da Base teve primeira reuni\u00e3o com participa\u00e7\u00e3o em massa - EsporteMS\",\"isPartOf\":{\"@id\":\"https:\\\/\\\/esportems.com.br\\\/site\\\/#website\"},\"primaryImageOfPage\":{\"@id\":\"https:\\\/\\\/esportems.com.br\\\/site\\\/gt-da-base-teve-primeira-reuniao-com-participacao-em-massa\\\/#primaryimage\"},\"image\":{\"@id\":\"https:\\\/\\\/esportems.com.br\\\/site\\\/gt-da-base-teve-primeira-reuniao-com-participacao-em-massa\\\/#primaryimage\"},\"thumbnailUrl\":\"https:\\\/\\\/esportems.com.br\\\/site\\\/wp-content\\\/uploads\\\/2026\\\/04\\\/Captura-de-tela-2026-04-27-223613.png\",\"datePublished\":\"2026-04-28T02:36:54+00:00\",\"breadcrumb\":{\"@id\":\"https:\\\/\\\/esportems.com.br\\\/site\\\/gt-da-base-teve-primeira-reuniao-com-participacao-em-massa\\\/#breadcrumb\"},\"inLanguage\":\"pt-BR\",\"potentialAction\":[{\"@type\":\"ReadAction\",\"target\":[\"https:\\\/\\\/esportems.com.br\\\/site\\\/gt-da-base-teve-primeira-reuniao-com-participacao-em-massa\\\/\"]}]},{\"@type\":\"ImageObject\",\"inLanguage\":\"pt-BR\",\"@id\":\"https:\\\/\\\/esportems.com.br\\\/site\\\/gt-da-base-teve-primeira-reuniao-com-participacao-em-massa\\\/#primaryimage\",\"url\":\"https:\\\/\\\/esportems.com.br\\\/site\\\/wp-content\\\/uploads\\\/2026\\\/04\\\/Captura-de-tela-2026-04-27-223613.png\",\"contentUrl\":\"https:\\\/\\\/esportems.com.br\\\/site\\\/wp-content\\\/uploads\\\/2026\\\/04\\\/Captura-de-tela-2026-04-27-223613.png\",\"width\":823,\"height\":554,\"caption\":\"Ricardo Gluck e Edmilson, campe\u00e3o do mundo em 2002 Cr\u00e9ditos: Nelson Terme \\\/ CBF\"},{\"@type\":\"BreadcrumbList\",\"@id\":\"https:\\\/\\\/esportems.com.br\\\/site\\\/gt-da-base-teve-primeira-reuniao-com-participacao-em-massa\\\/#breadcrumb\",\"itemListElement\":[{\"@type\":\"ListItem\",\"position\":1,\"name\":\"In\u00edcio\",\"item\":\"https:\\\/\\\/esportems.com.br\\\/site\\\/\"},{\"@type\":\"ListItem\",\"position\":2,\"name\":\"GT da Base teve primeira reuni\u00e3o com participa\u00e7\u00e3o em massa\"}]},{\"@type\":\"WebSite\",\"@id\":\"https:\\\/\\\/esportems.com.br\\\/site\\\/#website\",\"url\":\"https:\\\/\\\/esportems.com.br\\\/site\\\/\",\"name\":\"EsporteMS\",\"description\":\"O melhor conte\u00fado de esporte de MS\",\"publisher\":{\"@id\":\"https:\\\/\\\/esportems.com.br\\\/site\\\/#organization\"},\"potentialAction\":[{\"@type\":\"SearchAction\",\"target\":{\"@type\":\"EntryPoint\",\"urlTemplate\":\"https:\\\/\\\/esportems.com.br\\\/site\\\/?s={search_term_string}\"},\"query-input\":{\"@type\":\"PropertyValueSpecification\",\"valueRequired\":true,\"valueName\":\"search_term_string\"}}],\"inLanguage\":\"pt-BR\"},{\"@type\":\"Organization\",\"@id\":\"https:\\\/\\\/esportems.com.br\\\/site\\\/#organization\",\"name\":\"EsporteMS\",\"url\":\"https:\\\/\\\/esportems.com.br\\\/site\\\/\",\"logo\":{\"@type\":\"ImageObject\",\"inLanguage\":\"pt-BR\",\"@id\":\"https:\\\/\\\/esportems.com.br\\\/site\\\/#\\\/schema\\\/logo\\\/image\\\/\",\"url\":\"https:\\\/\\\/esportems.com.br\\\/site\\\/wp-content\\\/uploads\\\/2022\\\/12\\\/logo_esportems_250px.png\",\"contentUrl\":\"https:\\\/\\\/esportems.com.br\\\/site\\\/wp-content\\\/uploads\\\/2022\\\/12\\\/logo_esportems_250px.png\",\"width\":250,\"height\":250,\"caption\":\"EsporteMS\"},\"image\":{\"@id\":\"https:\\\/\\\/esportems.com.br\\\/site\\\/#\\\/schema\\\/logo\\\/image\\\/\"},\"sameAs\":[\"https:\\\/\\\/www.facebook.com\\\/profile.php?id=100050621362784\",\"https:\\\/\\\/x.com\\\/RadioEsporteMS\",\"https:\\\/\\\/www.instagram.com\\\/esportems2\\\/\",\"https:\\\/\\\/wa.me\\\/5567999590868\",\"https:\\\/\\\/www.youtube.com\\\/esportems\\\/\"]},{\"@type\":\"Person\",\"@id\":\"https:\\\/\\\/esportems.com.br\\\/site\\\/#\\\/schema\\\/person\\\/f451b65748a8ce82d3ca25707a512dda\",\"name\":\"Cl\u00e1udio Severo\",\"image\":{\"@type\":\"ImageObject\",\"inLanguage\":\"pt-BR\",\"@id\":\"https:\\\/\\\/secure.gravatar.com\\\/avatar\\\/94bcbd47e500b15b38519f79158a57abc1fa84f37255ad4b4be197699e1ff784?s=96&d=mm&r=g\",\"url\":\"https:\\\/\\\/secure.gravatar.com\\\/avatar\\\/94bcbd47e500b15b38519f79158a57abc1fa84f37255ad4b4be197699e1ff784?s=96&d=mm&r=g\",\"contentUrl\":\"https:\\\/\\\/secure.gravatar.com\\\/avatar\\\/94bcbd47e500b15b38519f79158a57abc1fa84f37255ad4b4be197699e1ff784?s=96&d=mm&r=g\",\"caption\":\"Cl\u00e1udio Severo\"},\"url\":\"https:\\\/\\\/esportems.com.br\\\/site\\\/author\\\/severo\\\/\"}]}<\/script>\n<!-- \/ Yoast SEO plugin. -->","yoast_head_json":{"title":"GT da Base teve primeira reuni\u00e3o com participa\u00e7\u00e3o em massa - EsporteMS","robots":{"index":"index","follow":"follow","max-snippet":"max-snippet:-1","max-image-preview":"max-image-preview:large","max-video-preview":"max-video-preview:-1"},"canonical":"https:\/\/esportems.com.br\/site\/gt-da-base-teve-primeira-reuniao-com-participacao-em-massa\/","og_locale":"pt_BR","og_type":"article","og_title":"GT da Base teve primeira reuni\u00e3o com participa\u00e7\u00e3o em massa - EsporteMS","og_description":"A CBF realizou nesta segunda-feira (27) a primeira reuni\u00e3o com o Grupo de Trabalho da Base Brasileira, evento que lotou o audit\u00f3rio da entidade, no Rio de Janeiro, com a presen\u00e7a de dirigentes de clubes, CBF e federa\u00e7\u00f5es. O t\u00e9cnico Carlo Ancelotti prestigiou o encontro, ao lado do presidente da CBF, Samir Xaud. O pontap\u00e9 [&hellip;]","og_url":"https:\/\/esportems.com.br\/site\/gt-da-base-teve-primeira-reuniao-com-participacao-em-massa\/","og_site_name":"EsporteMS","article_publisher":"https:\/\/www.facebook.com\/profile.php?id=100050621362784","article_published_time":"2026-04-28T02:36:54+00:00","og_image":[{"width":823,"height":554,"url":"https:\/\/esportems.com.br\/site\/wp-content\/uploads\/2026\/04\/Captura-de-tela-2026-04-27-223613.png","type":"image\/png"}],"author":"Cl\u00e1udio Severo","twitter_card":"summary_large_image","twitter_creator":"@RadioEsporteMS","twitter_site":"@RadioEsporteMS","twitter_misc":{"Escrito por":"Cl\u00e1udio Severo","Est. tempo de leitura":"4 minutos"},"schema":{"@context":"https:\/\/schema.org","@graph":[{"@type":"Article","@id":"https:\/\/esportems.com.br\/site\/gt-da-base-teve-primeira-reuniao-com-participacao-em-massa\/#article","isPartOf":{"@id":"https:\/\/esportems.com.br\/site\/gt-da-base-teve-primeira-reuniao-com-participacao-em-massa\/"},"author":{"name":"Cl\u00e1udio Severo","@id":"https:\/\/esportems.com.br\/site\/#\/schema\/person\/f451b65748a8ce82d3ca25707a512dda"},"headline":"GT da Base teve primeira reuni\u00e3o com participa\u00e7\u00e3o em massa","datePublished":"2026-04-28T02:36:54+00:00","mainEntityOfPage":{"@id":"https:\/\/esportems.com.br\/site\/gt-da-base-teve-primeira-reuniao-com-participacao-em-massa\/"},"wordCount":620,"commentCount":0,"publisher":{"@id":"https:\/\/esportems.com.br\/site\/#organization"},"image":{"@id":"https:\/\/esportems.com.br\/site\/gt-da-base-teve-primeira-reuniao-com-participacao-em-massa\/#primaryimage"},"thumbnailUrl":"https:\/\/esportems.com.br\/site\/wp-content\/uploads\/2026\/04\/Captura-de-tela-2026-04-27-223613.png","articleSection":["COMPROMISSO","Featured"],"inLanguage":"pt-BR","potentialAction":[{"@type":"CommentAction","name":"Comment","target":["https:\/\/esportems.com.br\/site\/gt-da-base-teve-primeira-reuniao-com-participacao-em-massa\/#respond"]}]},{"@type":"WebPage","@id":"https:\/\/esportems.com.br\/site\/gt-da-base-teve-primeira-reuniao-com-participacao-em-massa\/","url":"https:\/\/esportems.com.br\/site\/gt-da-base-teve-primeira-reuniao-com-participacao-em-massa\/","name":"GT da Base teve primeira reuni\u00e3o com participa\u00e7\u00e3o em massa - EsporteMS","isPartOf":{"@id":"https:\/\/esportems.com.br\/site\/#website"},"primaryImageOfPage":{"@id":"https:\/\/esportems.com.br\/site\/gt-da-base-teve-primeira-reuniao-com-participacao-em-massa\/#primaryimage"},"image":{"@id":"https:\/\/esportems.com.br\/site\/gt-da-base-teve-primeira-reuniao-com-participacao-em-massa\/#primaryimage"},"thumbnailUrl":"https:\/\/esportems.com.br\/site\/wp-content\/uploads\/2026\/04\/Captura-de-tela-2026-04-27-223613.png","datePublished":"2026-04-28T02:36:54+00:00","breadcrumb":{"@id":"https:\/\/esportems.com.br\/site\/gt-da-base-teve-primeira-reuniao-com-participacao-em-massa\/#breadcrumb"},"inLanguage":"pt-BR","potentialAction":[{"@type":"ReadAction","target":["https:\/\/esportems.com.br\/site\/gt-da-base-teve-primeira-reuniao-com-participacao-em-massa\/"]}]},{"@type":"ImageObject","inLanguage":"pt-BR","@id":"https:\/\/esportems.com.br\/site\/gt-da-base-teve-primeira-reuniao-com-participacao-em-massa\/#primaryimage","url":"https:\/\/esportems.com.br\/site\/wp-content\/uploads\/2026\/04\/Captura-de-tela-2026-04-27-223613.png","contentUrl":"https:\/\/esportems.com.br\/site\/wp-content\/uploads\/2026\/04\/Captura-de-tela-2026-04-27-223613.png","width":823,"height":554,"caption":"Ricardo Gluck e Edmilson, campe\u00e3o do mundo em 2002 Cr\u00e9ditos: Nelson Terme \/ CBF"},{"@type":"BreadcrumbList","@id":"https:\/\/esportems.com.br\/site\/gt-da-base-teve-primeira-reuniao-com-participacao-em-massa\/#breadcrumb","itemListElement":[{"@type":"ListItem","position":1,"name":"In\u00edcio","item":"https:\/\/esportems.com.br\/site\/"},{"@type":"ListItem","position":2,"name":"GT da Base teve primeira reuni\u00e3o com participa\u00e7\u00e3o em massa"}]},{"@type":"WebSite","@id":"https:\/\/esportems.com.br\/site\/#website","url":"https:\/\/esportems.com.br\/site\/","name":"EsporteMS","description":"O melhor conte\u00fado de esporte de MS","publisher":{"@id":"https:\/\/esportems.com.br\/site\/#organization"},"potentialAction":[{"@type":"SearchAction","target":{"@type":"EntryPoint","urlTemplate":"https:\/\/esportems.com.br\/site\/?s={search_term_string}"},"query-input":{"@type":"PropertyValueSpecification","valueRequired":true,"valueName":"search_term_string"}}],"inLanguage":"pt-BR"},{"@type":"Organization","@id":"https:\/\/esportems.com.br\/site\/#organization","name":"EsporteMS","url":"https:\/\/esportems.com.br\/site\/","logo":{"@type":"ImageObject","inLanguage":"pt-BR","@id":"https:\/\/esportems.com.br\/site\/#\/schema\/logo\/image\/","url":"https:\/\/esportems.com.br\/site\/wp-content\/uploads\/2022\/12\/logo_esportems_250px.png","contentUrl":"https:\/\/esportems.com.br\/site\/wp-content\/uploads\/2022\/12\/logo_esportems_250px.png","width":250,"height":250,"caption":"EsporteMS"},"image":{"@id":"https:\/\/esportems.com.br\/site\/#\/schema\/logo\/image\/"},"sameAs":["https:\/\/www.facebook.com\/profile.php?id=100050621362784","https:\/\/x.com\/RadioEsporteMS","https:\/\/www.instagram.com\/esportems2\/","https:\/\/wa.me\/5567999590868","https:\/\/www.youtube.com\/esportems\/"]},{"@type":"Person","@id":"https:\/\/esportems.com.br\/site\/#\/schema\/person\/f451b65748a8ce82d3ca25707a512dda","name":"Cl\u00e1udio Severo","image":{"@type":"ImageObject","inLanguage":"pt-BR","@id":"https:\/\/secure.gravatar.com\/avatar\/94bcbd47e500b15b38519f79158a57abc1fa84f37255ad4b4be197699e1ff784?s=96&d=mm&r=g","url":"https:\/\/secure.gravatar.com\/avatar\/94bcbd47e500b15b38519f79158a57abc1fa84f37255ad4b4be197699e1ff784?s=96&d=mm&r=g","contentUrl":"https:\/\/secure.gravatar.com\/avatar\/94bcbd47e500b15b38519f79158a57abc1fa84f37255ad4b4be197699e1ff784?s=96&d=mm&r=g","caption":"Cl\u00e1udio Severo"},"url":"https:\/\/esportems.com.br\/site\/author\/severo\/"}]}},"amp_enabled":true,"_links":{"self":[{"href":"https:\/\/esportems.com.br\/site\/wp-json\/wp\/v2\/posts\/54321","targetHints":{"allow":["GET"]}}],"collection":[{"href":"https:\/\/esportems.com.br\/site\/wp-json\/wp\/v2\/posts"}],"about":[{"href":"https:\/\/esportems.com.br\/site\/wp-json\/wp\/v2\/types\/post"}],"author":[{"embeddable":true,"href":"https:\/\/esportems.com.br\/site\/wp-json\/wp\/v2\/users\/3"}],"replies":[{"embeddable":true,"href":"https:\/\/esportems.com.br\/site\/wp-json\/wp\/v2\/comments?post=54321"}],"version-history":[{"count":1,"href":"https:\/\/esportems.com.br\/site\/wp-json\/wp\/v2\/posts\/54321\/revisions"}],"predecessor-version":[{"id":54324,"href":"https:\/\/esportems.com.br\/site\/wp-json\/wp\/v2\/posts\/54321\/revisions\/54324"}],"wp:featuredmedia":[{"embeddable":true,"href":"https:\/\/esportems.com.br\/site\/wp-json\/wp\/v2\/media\/54323"}],"wp:attachment":[{"href":"https:\/\/esportems.com.br\/site\/wp-json\/wp\/v2\/media?parent=54321"}],"wp:term":[{"taxonomy":"category","embeddable":true,"href":"https:\/\/esportems.com.br\/site\/wp-json\/wp\/v2\/categories?post=54321"},{"taxonomy":"post_tag","embeddable":true,"href":"https:\/\/esportems.com.br\/site\/wp-json\/wp\/v2\/tags?post=54321"}],"curies":[{"name":"wp","href":"https:\/\/api.w.org\/{rel}","templated":true}]}}