{"id":54330,"date":"2026-04-27T23:24:27","date_gmt":"2026-04-28T03:24:27","guid":{"rendered":"https:\/\/esportems.com.br\/site\/?p=54330"},"modified":"2026-04-27T23:25:20","modified_gmt":"2026-04-28T03:25:20","slug":"documentario-resgata-legado-de-mestre-pioneiro-do-taekwondo","status":"publish","type":"post","link":"https:\/\/esportems.com.br\/site\/documentario-resgata-legado-de-mestre-pioneiro-do-taekwondo\/","title":{"rendered":"Document\u00e1rio resgata legado de mestre pioneiro do taekwondo"},"content":{"rendered":"<p>O document\u00e1rio \u201cLuta de Verdade\u201d foi lan\u00e7ado em Corumb\u00e1. A obra retrata a trajet\u00f3ria do gr\u00e3o-mestre Amadeu Dias de Moura, refer\u00eancia no desenvolvimento do taekwondo no Brasil, especialmente nos estados de Mato Grosso e Mato Grosso do Sul, e pioneiro da modalidade no munic\u00edpio. O evento, realizado na noite de sexta-feira, 24 de abril, no Centro de Conven\u00e7\u00f5es, contou com homenagens a pessoas que fizeram parte da trajet\u00f3ria do gr\u00e3o-mestre.<\/p>\n<p>A obra apresentou n\u00e3o apenas conquistas esportivas, mas tamb\u00e9m epis\u00f3dios marcados por disciplina, coragem e dedica\u00e7\u00e3o \u00e0 forma\u00e7\u00e3o de jovens. Ao longo da exibi\u00e7\u00e3o, o p\u00fablico acompanhou relatos sobre o impacto social do trabalho do mestre, associado \u00e0 promo\u00e7\u00e3o de valores como perseveran\u00e7a e cidadania.&nbsp;<\/p>\n<p>Filha do homenageado, Jaqueline Ferri destacou o significado do document\u00e1rio para a fam\u00edlia. \u201c\u00c9 um orgulho muito grande. Estamos resgatando essa hist\u00f3ria para que todos conhe\u00e7am a import\u00e2ncia de um trabalho dedicado ao esporte, feito por amor\u201d, afirmou. A produ\u00e7\u00e3o levou cerca de um ano para ser conclu\u00edda. \u201cCome\u00e7amos exatamente em abril do ano passado, garimpando pessoas para o evento\u201d, disse.<\/p>\n<p>Jaqueline tamb\u00e9m informou que o projeto ter\u00e1 continuidade. \u201cVamos incluir essas pessoas que n\u00e3o entraram nesta primeira parte. Pela internet, conheci um rapaz que treinou com meu pai na d\u00e9cada de 70\u201d, afirmou.<br \/>\n<img loading=\"lazy\" decoding=\"async\" class=\"alignright wp-image-54331 \" src=\"https:\/\/esportems.com.br\/site\/wp-content\/uploads\/2026\/04\/Captura-de-tela-2026-04-27-231714-211x300.png\" alt=\"\" width=\"301\" height=\"428\" srcset=\"https:\/\/esportems.com.br\/site\/wp-content\/uploads\/2026\/04\/Captura-de-tela-2026-04-27-231714-211x300.png 211w, https:\/\/esportems.com.br\/site\/wp-content\/uploads\/2026\/04\/Captura-de-tela-2026-04-27-231714-296x420.png 296w, https:\/\/esportems.com.br\/site\/wp-content\/uploads\/2026\/04\/Captura-de-tela-2026-04-27-231714.png 450w\" sizes=\"auto, (max-width: 301px) 100vw, 301px\" \/><\/p>\n<p>Aos 89 anos, o gr\u00e3o-mestre acompanhou o lan\u00e7amento. \u201cHoje \u00e9 um dia emocionante para n\u00f3s e para ele\u201d, relatou a filha, ao destacar a presen\u00e7a do p\u00fablico no evento.<\/p>\n<p>A diretora-presidente da Funda\u00e7\u00e3o de Esportes de Corumb\u00e1 (Funec), Michele Ferri, ressaltou o impacto social do trabalho do mestre. \u201c\u00c9 importante para mostrar quem foi o mestre Amadeu e quantas crian\u00e7as e jovens ele ajudou por meio do esporte\u201d, afirmou.<\/p>\n<p>Segundo ela, o document\u00e1rio contribuiu para preservar a mem\u00f3ria do trabalho desenvolvido ao longo de d\u00e9cadas. \u201cAs pessoas precisam ser homenageadas em vida. Nem sempre isso \u00e9 poss\u00edvel, mas \u00e9 importante quando acontece\u201d, afirmou.<\/p>\n<p>Produzido de forma independente, o projeto foi financiado com recursos pr\u00f3prios da fam\u00edlia, conforme relatou Jaqueline Ferri. A iniciativa, idealizada desde 2016, foi retomada e conclu\u00edda ap\u00f3s dificuldades iniciais.<\/p>\n","protected":false},"excerpt":{"rendered":"<p>O document\u00e1rio \u201cLuta de Verdade\u201d foi lan\u00e7ado em Corumb\u00e1. A obra retrata a trajet\u00f3ria do gr\u00e3o-mestre Amadeu Dias de Moura, refer\u00eancia no desenvolvimento do taekwondo no Brasil, especialmente nos estados de Mato Grosso e Mato Grosso do Sul, e pioneiro da modalidade no munic\u00edpio. O evento, realizado na noite de sexta-feira, 24 de abril, no [&hellip;]<\/p>\n","protected":false},"author":3,"featured_media":54332,"comment_status":"open","ping_status":"open","sticky":false,"template":"","format":"standard","meta":{"ngg_post_thumbnail":0,"tdm_status":"","tdm_grid_status":"","footnotes":""},"categories":[314],"tags":[],"class_list":{"0":"post-54330","1":"post","2":"type-post","3":"status-publish","4":"format-standard","5":"has-post-thumbnail","7":"category-titulo"},"yoast_head":"<!-- This site is optimized with the Yoast SEO plugin v27.4 - https:\/\/yoast.com\/product\/yoast-seo-wordpress\/ -->\n<title>Document\u00e1rio resgata legado de mestre pioneiro do taekwondo - EsporteMS<\/title>\n<meta name=\"robots\" content=\"index, follow, max-snippet:-1, max-image-preview:large, max-video-preview:-1\" \/>\n<link rel=\"canonical\" href=\"https:\/\/esportems.com.br\/site\/documentario-resgata-legado-de-mestre-pioneiro-do-taekwondo\/\" \/>\n<meta property=\"og:locale\" content=\"pt_BR\" \/>\n<meta property=\"og:type\" content=\"article\" \/>\n<meta property=\"og:title\" content=\"Document\u00e1rio resgata legado de mestre pioneiro do taekwondo - EsporteMS\" \/>\n<meta property=\"og:description\" content=\"O document\u00e1rio \u201cLuta de Verdade\u201d foi lan\u00e7ado em Corumb\u00e1. A obra retrata a trajet\u00f3ria do gr\u00e3o-mestre Amadeu Dias de Moura, refer\u00eancia no desenvolvimento do taekwondo no Brasil, especialmente nos estados de Mato Grosso e Mato Grosso do Sul, e pioneiro da modalidade no munic\u00edpio. O evento, realizado na noite de sexta-feira, 24 de abril, no [&hellip;]\" \/>\n<meta property=\"og:url\" content=\"https:\/\/esportems.com.br\/site\/documentario-resgata-legado-de-mestre-pioneiro-do-taekwondo\/\" \/>\n<meta property=\"og:site_name\" content=\"EsporteMS\" \/>\n<meta property=\"article:publisher\" content=\"https:\/\/www.facebook.com\/profile.php?id=100050621362784\" \/>\n<meta property=\"article:published_time\" content=\"2026-04-28T03:24:27+00:00\" \/>\n<meta property=\"article:modified_time\" content=\"2026-04-28T03:25:20+00:00\" \/>\n<meta property=\"og:image\" content=\"https:\/\/esportems.com.br\/site\/wp-content\/uploads\/2026\/04\/Captura-de-tela-2026-04-27-232131.png\" \/>\n\t<meta property=\"og:image:width\" content=\"998\" \/>\n\t<meta property=\"og:image:height\" content=\"601\" \/>\n\t<meta property=\"og:image:type\" content=\"image\/png\" \/>\n<meta name=\"author\" content=\"Cl\u00e1udio Severo\" \/>\n<meta name=\"twitter:card\" content=\"summary_large_image\" \/>\n<meta name=\"twitter:creator\" content=\"@RadioEsporteMS\" \/>\n<meta name=\"twitter:site\" content=\"@RadioEsporteMS\" \/>\n<meta name=\"twitter:label1\" content=\"Escrito por\" \/>\n\t<meta name=\"twitter:data1\" content=\"Cl\u00e1udio Severo\" \/>\n\t<meta name=\"twitter:label2\" content=\"Est. tempo de leitura\" \/>\n\t<meta name=\"twitter:data2\" content=\"3 minutos\" \/>\n<script type=\"application\/ld+json\" class=\"yoast-schema-graph\">{\"@context\":\"https:\\\/\\\/schema.org\",\"@graph\":[{\"@type\":\"Article\",\"@id\":\"https:\\\/\\\/esportems.com.br\\\/site\\\/documentario-resgata-legado-de-mestre-pioneiro-do-taekwondo\\\/#article\",\"isPartOf\":{\"@id\":\"https:\\\/\\\/esportems.com.br\\\/site\\\/documentario-resgata-legado-de-mestre-pioneiro-do-taekwondo\\\/\"},\"author\":{\"name\":\"Cl\u00e1udio Severo\",\"@id\":\"https:\\\/\\\/esportems.com.br\\\/site\\\/#\\\/schema\\\/person\\\/f451b65748a8ce82d3ca25707a512dda\"},\"headline\":\"Document\u00e1rio resgata legado de mestre pioneiro do taekwondo\",\"datePublished\":\"2026-04-28T03:24:27+00:00\",\"dateModified\":\"2026-04-28T03:25:20+00:00\",\"mainEntityOfPage\":{\"@id\":\"https:\\\/\\\/esportems.com.br\\\/site\\\/documentario-resgata-legado-de-mestre-pioneiro-do-taekwondo\\\/\"},\"wordCount\":384,\"commentCount\":0,\"publisher\":{\"@id\":\"https:\\\/\\\/esportems.com.br\\\/site\\\/#organization\"},\"image\":{\"@id\":\"https:\\\/\\\/esportems.com.br\\\/site\\\/documentario-resgata-legado-de-mestre-pioneiro-do-taekwondo\\\/#primaryimage\"},\"thumbnailUrl\":\"https:\\\/\\\/esportems.com.br\\\/site\\\/wp-content\\\/uploads\\\/2026\\\/04\\\/Captura-de-tela-2026-04-27-232131.png\",\"articleSection\":[\"T\u00cdTULO\"],\"inLanguage\":\"pt-BR\",\"potentialAction\":[{\"@type\":\"CommentAction\",\"name\":\"Comment\",\"target\":[\"https:\\\/\\\/esportems.com.br\\\/site\\\/documentario-resgata-legado-de-mestre-pioneiro-do-taekwondo\\\/#respond\"]}]},{\"@type\":\"WebPage\",\"@id\":\"https:\\\/\\\/esportems.com.br\\\/site\\\/documentario-resgata-legado-de-mestre-pioneiro-do-taekwondo\\\/\",\"url\":\"https:\\\/\\\/esportems.com.br\\\/site\\\/documentario-resgata-legado-de-mestre-pioneiro-do-taekwondo\\\/\",\"name\":\"Document\u00e1rio resgata legado de mestre pioneiro do taekwondo - EsporteMS\",\"isPartOf\":{\"@id\":\"https:\\\/\\\/esportems.com.br\\\/site\\\/#website\"},\"primaryImageOfPage\":{\"@id\":\"https:\\\/\\\/esportems.com.br\\\/site\\\/documentario-resgata-legado-de-mestre-pioneiro-do-taekwondo\\\/#primaryimage\"},\"image\":{\"@id\":\"https:\\\/\\\/esportems.com.br\\\/site\\\/documentario-resgata-legado-de-mestre-pioneiro-do-taekwondo\\\/#primaryimage\"},\"thumbnailUrl\":\"https:\\\/\\\/esportems.com.br\\\/site\\\/wp-content\\\/uploads\\\/2026\\\/04\\\/Captura-de-tela-2026-04-27-232131.png\",\"datePublished\":\"2026-04-28T03:24:27+00:00\",\"dateModified\":\"2026-04-28T03:25:20+00:00\",\"breadcrumb\":{\"@id\":\"https:\\\/\\\/esportems.com.br\\\/site\\\/documentario-resgata-legado-de-mestre-pioneiro-do-taekwondo\\\/#breadcrumb\"},\"inLanguage\":\"pt-BR\",\"potentialAction\":[{\"@type\":\"ReadAction\",\"target\":[\"https:\\\/\\\/esportems.com.br\\\/site\\\/documentario-resgata-legado-de-mestre-pioneiro-do-taekwondo\\\/\"]}]},{\"@type\":\"ImageObject\",\"inLanguage\":\"pt-BR\",\"@id\":\"https:\\\/\\\/esportems.com.br\\\/site\\\/documentario-resgata-legado-de-mestre-pioneiro-do-taekwondo\\\/#primaryimage\",\"url\":\"https:\\\/\\\/esportems.com.br\\\/site\\\/wp-content\\\/uploads\\\/2026\\\/04\\\/Captura-de-tela-2026-04-27-232131.png\",\"contentUrl\":\"https:\\\/\\\/esportems.com.br\\\/site\\\/wp-content\\\/uploads\\\/2026\\\/04\\\/Captura-de-tela-2026-04-27-232131.png\",\"width\":998,\"height\":601},{\"@type\":\"BreadcrumbList\",\"@id\":\"https:\\\/\\\/esportems.com.br\\\/site\\\/documentario-resgata-legado-de-mestre-pioneiro-do-taekwondo\\\/#breadcrumb\",\"itemListElement\":[{\"@type\":\"ListItem\",\"position\":1,\"name\":\"In\u00edcio\",\"item\":\"https:\\\/\\\/esportems.com.br\\\/site\\\/\"},{\"@type\":\"ListItem\",\"position\":2,\"name\":\"Document\u00e1rio resgata legado de mestre pioneiro do taekwondo\"}]},{\"@type\":\"WebSite\",\"@id\":\"https:\\\/\\\/esportems.com.br\\\/site\\\/#website\",\"url\":\"https:\\\/\\\/esportems.com.br\\\/site\\\/\",\"name\":\"EsporteMS\",\"description\":\"O melhor conte\u00fado de esporte de MS\",\"publisher\":{\"@id\":\"https:\\\/\\\/esportems.com.br\\\/site\\\/#organization\"},\"potentialAction\":[{\"@type\":\"SearchAction\",\"target\":{\"@type\":\"EntryPoint\",\"urlTemplate\":\"https:\\\/\\\/esportems.com.br\\\/site\\\/?s={search_term_string}\"},\"query-input\":{\"@type\":\"PropertyValueSpecification\",\"valueRequired\":true,\"valueName\":\"search_term_string\"}}],\"inLanguage\":\"pt-BR\"},{\"@type\":\"Organization\",\"@id\":\"https:\\\/\\\/esportems.com.br\\\/site\\\/#organization\",\"name\":\"EsporteMS\",\"url\":\"https:\\\/\\\/esportems.com.br\\\/site\\\/\",\"logo\":{\"@type\":\"ImageObject\",\"inLanguage\":\"pt-BR\",\"@id\":\"https:\\\/\\\/esportems.com.br\\\/site\\\/#\\\/schema\\\/logo\\\/image\\\/\",\"url\":\"https:\\\/\\\/esportems.com.br\\\/site\\\/wp-content\\\/uploads\\\/2022\\\/12\\\/logo_esportems_250px.png\",\"contentUrl\":\"https:\\\/\\\/esportems.com.br\\\/site\\\/wp-content\\\/uploads\\\/2022\\\/12\\\/logo_esportems_250px.png\",\"width\":250,\"height\":250,\"caption\":\"EsporteMS\"},\"image\":{\"@id\":\"https:\\\/\\\/esportems.com.br\\\/site\\\/#\\\/schema\\\/logo\\\/image\\\/\"},\"sameAs\":[\"https:\\\/\\\/www.facebook.com\\\/profile.php?id=100050621362784\",\"https:\\\/\\\/x.com\\\/RadioEsporteMS\",\"https:\\\/\\\/www.instagram.com\\\/esportems2\\\/\",\"https:\\\/\\\/wa.me\\\/5567999590868\",\"https:\\\/\\\/www.youtube.com\\\/esportems\\\/\"]},{\"@type\":\"Person\",\"@id\":\"https:\\\/\\\/esportems.com.br\\\/site\\\/#\\\/schema\\\/person\\\/f451b65748a8ce82d3ca25707a512dda\",\"name\":\"Cl\u00e1udio Severo\",\"image\":{\"@type\":\"ImageObject\",\"inLanguage\":\"pt-BR\",\"@id\":\"https:\\\/\\\/secure.gravatar.com\\\/avatar\\\/94bcbd47e500b15b38519f79158a57abc1fa84f37255ad4b4be197699e1ff784?s=96&d=mm&r=g\",\"url\":\"https:\\\/\\\/secure.gravatar.com\\\/avatar\\\/94bcbd47e500b15b38519f79158a57abc1fa84f37255ad4b4be197699e1ff784?s=96&d=mm&r=g\",\"contentUrl\":\"https:\\\/\\\/secure.gravatar.com\\\/avatar\\\/94bcbd47e500b15b38519f79158a57abc1fa84f37255ad4b4be197699e1ff784?s=96&d=mm&r=g\",\"caption\":\"Cl\u00e1udio Severo\"},\"url\":\"https:\\\/\\\/esportems.com.br\\\/site\\\/author\\\/severo\\\/\"}]}<\/script>\n<!-- \/ Yoast SEO plugin. -->","yoast_head_json":{"title":"Document\u00e1rio resgata legado de mestre pioneiro do taekwondo - EsporteMS","robots":{"index":"index","follow":"follow","max-snippet":"max-snippet:-1","max-image-preview":"max-image-preview:large","max-video-preview":"max-video-preview:-1"},"canonical":"https:\/\/esportems.com.br\/site\/documentario-resgata-legado-de-mestre-pioneiro-do-taekwondo\/","og_locale":"pt_BR","og_type":"article","og_title":"Document\u00e1rio resgata legado de mestre pioneiro do taekwondo - EsporteMS","og_description":"O document\u00e1rio \u201cLuta de Verdade\u201d foi lan\u00e7ado em Corumb\u00e1. A obra retrata a trajet\u00f3ria do gr\u00e3o-mestre Amadeu Dias de Moura, refer\u00eancia no desenvolvimento do taekwondo no Brasil, especialmente nos estados de Mato Grosso e Mato Grosso do Sul, e pioneiro da modalidade no munic\u00edpio. O evento, realizado na noite de sexta-feira, 24 de abril, no [&hellip;]","og_url":"https:\/\/esportems.com.br\/site\/documentario-resgata-legado-de-mestre-pioneiro-do-taekwondo\/","og_site_name":"EsporteMS","article_publisher":"https:\/\/www.facebook.com\/profile.php?id=100050621362784","article_published_time":"2026-04-28T03:24:27+00:00","article_modified_time":"2026-04-28T03:25:20+00:00","og_image":[{"width":998,"height":601,"url":"https:\/\/esportems.com.br\/site\/wp-content\/uploads\/2026\/04\/Captura-de-tela-2026-04-27-232131.png","type":"image\/png"}],"author":"Cl\u00e1udio Severo","twitter_card":"summary_large_image","twitter_creator":"@RadioEsporteMS","twitter_site":"@RadioEsporteMS","twitter_misc":{"Escrito por":"Cl\u00e1udio Severo","Est. tempo de leitura":"3 minutos"},"schema":{"@context":"https:\/\/schema.org","@graph":[{"@type":"Article","@id":"https:\/\/esportems.com.br\/site\/documentario-resgata-legado-de-mestre-pioneiro-do-taekwondo\/#article","isPartOf":{"@id":"https:\/\/esportems.com.br\/site\/documentario-resgata-legado-de-mestre-pioneiro-do-taekwondo\/"},"author":{"name":"Cl\u00e1udio Severo","@id":"https:\/\/esportems.com.br\/site\/#\/schema\/person\/f451b65748a8ce82d3ca25707a512dda"},"headline":"Document\u00e1rio resgata legado de mestre pioneiro do taekwondo","datePublished":"2026-04-28T03:24:27+00:00","dateModified":"2026-04-28T03:25:20+00:00","mainEntityOfPage":{"@id":"https:\/\/esportems.com.br\/site\/documentario-resgata-legado-de-mestre-pioneiro-do-taekwondo\/"},"wordCount":384,"commentCount":0,"publisher":{"@id":"https:\/\/esportems.com.br\/site\/#organization"},"image":{"@id":"https:\/\/esportems.com.br\/site\/documentario-resgata-legado-de-mestre-pioneiro-do-taekwondo\/#primaryimage"},"thumbnailUrl":"https:\/\/esportems.com.br\/site\/wp-content\/uploads\/2026\/04\/Captura-de-tela-2026-04-27-232131.png","articleSection":["T\u00cdTULO"],"inLanguage":"pt-BR","potentialAction":[{"@type":"CommentAction","name":"Comment","target":["https:\/\/esportems.com.br\/site\/documentario-resgata-legado-de-mestre-pioneiro-do-taekwondo\/#respond"]}]},{"@type":"WebPage","@id":"https:\/\/esportems.com.br\/site\/documentario-resgata-legado-de-mestre-pioneiro-do-taekwondo\/","url":"https:\/\/esportems.com.br\/site\/documentario-resgata-legado-de-mestre-pioneiro-do-taekwondo\/","name":"Document\u00e1rio resgata legado de mestre pioneiro do taekwondo - EsporteMS","isPartOf":{"@id":"https:\/\/esportems.com.br\/site\/#website"},"primaryImageOfPage":{"@id":"https:\/\/esportems.com.br\/site\/documentario-resgata-legado-de-mestre-pioneiro-do-taekwondo\/#primaryimage"},"image":{"@id":"https:\/\/esportems.com.br\/site\/documentario-resgata-legado-de-mestre-pioneiro-do-taekwondo\/#primaryimage"},"thumbnailUrl":"https:\/\/esportems.com.br\/site\/wp-content\/uploads\/2026\/04\/Captura-de-tela-2026-04-27-232131.png","datePublished":"2026-04-28T03:24:27+00:00","dateModified":"2026-04-28T03:25:20+00:00","breadcrumb":{"@id":"https:\/\/esportems.com.br\/site\/documentario-resgata-legado-de-mestre-pioneiro-do-taekwondo\/#breadcrumb"},"inLanguage":"pt-BR","potentialAction":[{"@type":"ReadAction","target":["https:\/\/esportems.com.br\/site\/documentario-resgata-legado-de-mestre-pioneiro-do-taekwondo\/"]}]},{"@type":"ImageObject","inLanguage":"pt-BR","@id":"https:\/\/esportems.com.br\/site\/documentario-resgata-legado-de-mestre-pioneiro-do-taekwondo\/#primaryimage","url":"https:\/\/esportems.com.br\/site\/wp-content\/uploads\/2026\/04\/Captura-de-tela-2026-04-27-232131.png","contentUrl":"https:\/\/esportems.com.br\/site\/wp-content\/uploads\/2026\/04\/Captura-de-tela-2026-04-27-232131.png","width":998,"height":601},{"@type":"BreadcrumbList","@id":"https:\/\/esportems.com.br\/site\/documentario-resgata-legado-de-mestre-pioneiro-do-taekwondo\/#breadcrumb","itemListElement":[{"@type":"ListItem","position":1,"name":"In\u00edcio","item":"https:\/\/esportems.com.br\/site\/"},{"@type":"ListItem","position":2,"name":"Document\u00e1rio resgata legado de mestre pioneiro do taekwondo"}]},{"@type":"WebSite","@id":"https:\/\/esportems.com.br\/site\/#website","url":"https:\/\/esportems.com.br\/site\/","name":"EsporteMS","description":"O melhor conte\u00fado de esporte de MS","publisher":{"@id":"https:\/\/esportems.com.br\/site\/#organization"},"potentialAction":[{"@type":"SearchAction","target":{"@type":"EntryPoint","urlTemplate":"https:\/\/esportems.com.br\/site\/?s={search_term_string}"},"query-input":{"@type":"PropertyValueSpecification","valueRequired":true,"valueName":"search_term_string"}}],"inLanguage":"pt-BR"},{"@type":"Organization","@id":"https:\/\/esportems.com.br\/site\/#organization","name":"EsporteMS","url":"https:\/\/esportems.com.br\/site\/","logo":{"@type":"ImageObject","inLanguage":"pt-BR","@id":"https:\/\/esportems.com.br\/site\/#\/schema\/logo\/image\/","url":"https:\/\/esportems.com.br\/site\/wp-content\/uploads\/2022\/12\/logo_esportems_250px.png","contentUrl":"https:\/\/esportems.com.br\/site\/wp-content\/uploads\/2022\/12\/logo_esportems_250px.png","width":250,"height":250,"caption":"EsporteMS"},"image":{"@id":"https:\/\/esportems.com.br\/site\/#\/schema\/logo\/image\/"},"sameAs":["https:\/\/www.facebook.com\/profile.php?id=100050621362784","https:\/\/x.com\/RadioEsporteMS","https:\/\/www.instagram.com\/esportems2\/","https:\/\/wa.me\/5567999590868","https:\/\/www.youtube.com\/esportems\/"]},{"@type":"Person","@id":"https:\/\/esportems.com.br\/site\/#\/schema\/person\/f451b65748a8ce82d3ca25707a512dda","name":"Cl\u00e1udio Severo","image":{"@type":"ImageObject","inLanguage":"pt-BR","@id":"https:\/\/secure.gravatar.com\/avatar\/94bcbd47e500b15b38519f79158a57abc1fa84f37255ad4b4be197699e1ff784?s=96&d=mm&r=g","url":"https:\/\/secure.gravatar.com\/avatar\/94bcbd47e500b15b38519f79158a57abc1fa84f37255ad4b4be197699e1ff784?s=96&d=mm&r=g","contentUrl":"https:\/\/secure.gravatar.com\/avatar\/94bcbd47e500b15b38519f79158a57abc1fa84f37255ad4b4be197699e1ff784?s=96&d=mm&r=g","caption":"Cl\u00e1udio Severo"},"url":"https:\/\/esportems.com.br\/site\/author\/severo\/"}]}},"amp_enabled":true,"_links":{"self":[{"href":"https:\/\/esportems.com.br\/site\/wp-json\/wp\/v2\/posts\/54330","targetHints":{"allow":["GET"]}}],"collection":[{"href":"https:\/\/esportems.com.br\/site\/wp-json\/wp\/v2\/posts"}],"about":[{"href":"https:\/\/esportems.com.br\/site\/wp-json\/wp\/v2\/types\/post"}],"author":[{"embeddable":true,"href":"https:\/\/esportems.com.br\/site\/wp-json\/wp\/v2\/users\/3"}],"replies":[{"embeddable":true,"href":"https:\/\/esportems.com.br\/site\/wp-json\/wp\/v2\/comments?post=54330"}],"version-history":[{"count":2,"href":"https:\/\/esportems.com.br\/site\/wp-json\/wp\/v2\/posts\/54330\/revisions"}],"predecessor-version":[{"id":54334,"href":"https:\/\/esportems.com.br\/site\/wp-json\/wp\/v2\/posts\/54330\/revisions\/54334"}],"wp:featuredmedia":[{"embeddable":true,"href":"https:\/\/esportems.com.br\/site\/wp-json\/wp\/v2\/media\/54332"}],"wp:attachment":[{"href":"https:\/\/esportems.com.br\/site\/wp-json\/wp\/v2\/media?parent=54330"}],"wp:term":[{"taxonomy":"category","embeddable":true,"href":"https:\/\/esportems.com.br\/site\/wp-json\/wp\/v2\/categories?post=54330"},{"taxonomy":"post_tag","embeddable":true,"href":"https:\/\/esportems.com.br\/site\/wp-json\/wp\/v2\/tags?post=54330"}],"curies":[{"name":"wp","href":"https:\/\/api.w.org\/{rel}","templated":true}]}}