{"id":54337,"date":"2026-04-28T15:35:22","date_gmt":"2026-04-28T19:35:22","guid":{"rendered":"https:\/\/esportems.com.br\/site\/?p=54337"},"modified":"2026-04-28T15:49:56","modified_gmt":"2026-04-28T19:49:56","slug":"no-douradao-corrida-do-trabalhador-esta-na-programacao-esportiva-e-cultural","status":"publish","type":"post","link":"https:\/\/esportems.com.br\/site\/no-douradao-corrida-do-trabalhador-esta-na-programacao-esportiva-e-cultural\/","title":{"rendered":"No Dourad\u00e3o, Corrida do Trabalhador est\u00e1 na programa\u00e7\u00e3o esportiva e cultural"},"content":{"rendered":"<p>A Prefeitura de Dourados, por meio da Funda\u00e7\u00e3o de Esportes de Dourados (Funed), realiza neste s\u00e1bado, 2 de maio, a tradicional Corrida do Trabalhador, que neste ano contar\u00e1 com uma edi\u00e7\u00e3o especial noturna. O evento acontece a partir das 19 horas \u2013 concentra\u00e7\u00e3o \u00e0s 18h -, no p\u00e1tio do Est\u00e1dio Fr\u00e9dis Sald\u00edvar, o Dourad\u00e3o, com largada na Rua Coronel Ponciano.<\/p>\n<p>A corrida, organizada pelo Dourados Run Club, ter\u00e1 percurso de 5km, e contar\u00e1 tamb\u00e9m com caminhada, shows e feira gastron\u00f4mica, organizada pela Secretaria Municipal de Agricultura Familiar (Semaf), unindo esporte, lazer e cultura em um s\u00f3 espa\u00e7o.<\/p>\n<p>Ao todo, a corrida contar\u00e1 com cerca de 250 atletas inscritos na prova principal, al\u00e9m de outros 50 participantes distribu\u00eddos entre a caminhada e a corrida kids, fortalecendo o car\u00e1ter inclusivo e familiar do evento.<\/p>\n<p>Al\u00e9m da programa\u00e7\u00e3o esportiva, o p\u00fablico contar\u00e1 com v\u00e1rias outras atra\u00e7\u00f5es. No local haver\u00e1 apresenta\u00e7\u00e3o de pagode com o grupo Soul Samba e a presen\u00e7a do DJ Dricsss, proporcionando um ambiente descontra\u00eddo e festivo para atletas e visitantes.<\/p>\n<p>Este ano, a Corrida do Trabalhador ter\u00e1 um atrativo \u00e0 parte, ampliando op\u00e7\u00f5es aos participantes. A tradicional feira livre do Parque dos Ip\u00eas ser\u00e1 realizada excepcionalmente no p\u00e1tio do est\u00e1dio durante o evento. O espa\u00e7o reunir\u00e1 artesanato local, pra\u00e7a de alimenta\u00e7\u00e3o e diversos produtos da agricultura familiar, valorizando os produtores e empreendedores do munic\u00edpio.<\/p>\n<p>De acordo com a diretora-presidente da Funed, Sandra Giselly Amaral, a proposta \u00e9 integrar esporte e cultura, oferecendo uma experi\u00eancia completa \u00e0 popula\u00e7\u00e3o. \u201cA parceria com o Dourados Run Clube refor\u00e7a o compromisso com a qualidade t\u00e9cnica da prova, garantindo organiza\u00e7\u00e3o, seguran\u00e7a e uma boa experi\u00eancia aos participantes\u201d, destaca a diretora. Segundo ela, a expectativa \u00e9 de grande participa\u00e7\u00e3o do p\u00fablico.<\/p>\n<p>A Prefeitura de Dourados considera que eventos como este, al\u00e9m de incentivam a pr\u00e1tica esportiva, promovem qualidade de vida e fortalecem a economia local, ao mesmo tempo em que proporcionam momentos de lazer e conviv\u00eancia para toda a comunidade.<\/p>\n","protected":false},"excerpt":{"rendered":"<p>A Prefeitura de Dourados, por meio da Funda\u00e7\u00e3o de Esportes de Dourados (Funed), realiza neste s\u00e1bado, 2 de maio, a tradicional Corrida do Trabalhador, que neste ano contar\u00e1 com uma edi\u00e7\u00e3o especial noturna. O evento acontece a partir das 19 horas \u2013 concentra\u00e7\u00e3o \u00e0s 18h -, no p\u00e1tio do Est\u00e1dio Fr\u00e9dis Sald\u00edvar, o Dourad\u00e3o, com [&hellip;]<\/p>\n","protected":false},"author":3,"featured_media":54338,"comment_status":"open","ping_status":"open","sticky":false,"template":"","format":"standard","meta":{"ngg_post_thumbnail":0,"tdm_status":"","tdm_grid_status":"","footnotes":""},"categories":[411,2],"tags":[],"class_list":{"0":"post-54337","1":"post","2":"type-post","3":"status-publish","4":"format-standard","5":"has-post-thumbnail","7":"category-corrida","8":"category-featured"},"yoast_head":"<!-- This site is optimized with the Yoast SEO plugin v27.5 - https:\/\/yoast.com\/product\/yoast-seo-wordpress\/ -->\n<title>No Dourad\u00e3o, Corrida do Trabalhador est\u00e1 na programa\u00e7\u00e3o esportiva e cultural - EsporteMS<\/title>\n<meta name=\"robots\" content=\"index, follow, max-snippet:-1, max-image-preview:large, max-video-preview:-1\" \/>\n<link rel=\"canonical\" href=\"https:\/\/esportems.com.br\/site\/no-douradao-corrida-do-trabalhador-esta-na-programacao-esportiva-e-cultural\/\" \/>\n<meta property=\"og:locale\" content=\"pt_BR\" \/>\n<meta property=\"og:type\" content=\"article\" \/>\n<meta property=\"og:title\" content=\"No Dourad\u00e3o, Corrida do Trabalhador est\u00e1 na programa\u00e7\u00e3o esportiva e cultural - EsporteMS\" \/>\n<meta property=\"og:description\" content=\"A Prefeitura de Dourados, por meio da Funda\u00e7\u00e3o de Esportes de Dourados (Funed), realiza neste s\u00e1bado, 2 de maio, a tradicional Corrida do Trabalhador, que neste ano contar\u00e1 com uma edi\u00e7\u00e3o especial noturna. O evento acontece a partir das 19 horas \u2013 concentra\u00e7\u00e3o \u00e0s 18h -, no p\u00e1tio do Est\u00e1dio Fr\u00e9dis Sald\u00edvar, o Dourad\u00e3o, com [&hellip;]\" \/>\n<meta property=\"og:url\" content=\"https:\/\/esportems.com.br\/site\/no-douradao-corrida-do-trabalhador-esta-na-programacao-esportiva-e-cultural\/\" \/>\n<meta property=\"og:site_name\" content=\"EsporteMS\" \/>\n<meta property=\"article:publisher\" content=\"https:\/\/www.facebook.com\/profile.php?id=100050621362784\" \/>\n<meta property=\"article:published_time\" content=\"2026-04-28T19:35:22+00:00\" \/>\n<meta property=\"article:modified_time\" content=\"2026-04-28T19:49:56+00:00\" \/>\n<meta property=\"og:image\" content=\"https:\/\/esportems.com.br\/site\/wp-content\/uploads\/2026\/04\/1-corrida-1.png\" \/>\n\t<meta property=\"og:image:width\" content=\"1134\" \/>\n\t<meta property=\"og:image:height\" content=\"765\" \/>\n\t<meta property=\"og:image:type\" content=\"image\/png\" \/>\n<meta name=\"author\" content=\"Cl\u00e1udio Severo\" \/>\n<meta name=\"twitter:card\" content=\"summary_large_image\" \/>\n<meta name=\"twitter:creator\" content=\"@RadioEsporteMS\" \/>\n<meta name=\"twitter:site\" content=\"@RadioEsporteMS\" \/>\n<meta name=\"twitter:label1\" content=\"Escrito por\" \/>\n\t<meta name=\"twitter:data1\" content=\"Cl\u00e1udio Severo\" \/>\n\t<meta name=\"twitter:label2\" content=\"Est. tempo de leitura\" \/>\n\t<meta name=\"twitter:data2\" content=\"2 minutos\" \/>\n<script type=\"application\/ld+json\" class=\"yoast-schema-graph\">{\"@context\":\"https:\\\/\\\/schema.org\",\"@graph\":[{\"@type\":\"Article\",\"@id\":\"https:\\\/\\\/esportems.com.br\\\/site\\\/no-douradao-corrida-do-trabalhador-esta-na-programacao-esportiva-e-cultural\\\/#article\",\"isPartOf\":{\"@id\":\"https:\\\/\\\/esportems.com.br\\\/site\\\/no-douradao-corrida-do-trabalhador-esta-na-programacao-esportiva-e-cultural\\\/\"},\"author\":{\"name\":\"Cl\u00e1udio Severo\",\"@id\":\"https:\\\/\\\/esportems.com.br\\\/site\\\/#\\\/schema\\\/person\\\/f451b65748a8ce82d3ca25707a512dda\"},\"headline\":\"No Dourad\u00e3o, Corrida do Trabalhador est\u00e1 na programa\u00e7\u00e3o esportiva e cultural\",\"datePublished\":\"2026-04-28T19:35:22+00:00\",\"dateModified\":\"2026-04-28T19:49:56+00:00\",\"mainEntityOfPage\":{\"@id\":\"https:\\\/\\\/esportems.com.br\\\/site\\\/no-douradao-corrida-do-trabalhador-esta-na-programacao-esportiva-e-cultural\\\/\"},\"wordCount\":371,\"commentCount\":0,\"publisher\":{\"@id\":\"https:\\\/\\\/esportems.com.br\\\/site\\\/#organization\"},\"image\":{\"@id\":\"https:\\\/\\\/esportems.com.br\\\/site\\\/no-douradao-corrida-do-trabalhador-esta-na-programacao-esportiva-e-cultural\\\/#primaryimage\"},\"thumbnailUrl\":\"https:\\\/\\\/esportems.com.br\\\/site\\\/wp-content\\\/uploads\\\/2026\\\/04\\\/1-corrida-1.png\",\"articleSection\":[\"CORRIDA\",\"Featured\"],\"inLanguage\":\"pt-BR\",\"potentialAction\":[{\"@type\":\"CommentAction\",\"name\":\"Comment\",\"target\":[\"https:\\\/\\\/esportems.com.br\\\/site\\\/no-douradao-corrida-do-trabalhador-esta-na-programacao-esportiva-e-cultural\\\/#respond\"]}]},{\"@type\":\"WebPage\",\"@id\":\"https:\\\/\\\/esportems.com.br\\\/site\\\/no-douradao-corrida-do-trabalhador-esta-na-programacao-esportiva-e-cultural\\\/\",\"url\":\"https:\\\/\\\/esportems.com.br\\\/site\\\/no-douradao-corrida-do-trabalhador-esta-na-programacao-esportiva-e-cultural\\\/\",\"name\":\"No Dourad\u00e3o, Corrida do Trabalhador est\u00e1 na programa\u00e7\u00e3o esportiva e cultural - EsporteMS\",\"isPartOf\":{\"@id\":\"https:\\\/\\\/esportems.com.br\\\/site\\\/#website\"},\"primaryImageOfPage\":{\"@id\":\"https:\\\/\\\/esportems.com.br\\\/site\\\/no-douradao-corrida-do-trabalhador-esta-na-programacao-esportiva-e-cultural\\\/#primaryimage\"},\"image\":{\"@id\":\"https:\\\/\\\/esportems.com.br\\\/site\\\/no-douradao-corrida-do-trabalhador-esta-na-programacao-esportiva-e-cultural\\\/#primaryimage\"},\"thumbnailUrl\":\"https:\\\/\\\/esportems.com.br\\\/site\\\/wp-content\\\/uploads\\\/2026\\\/04\\\/1-corrida-1.png\",\"datePublished\":\"2026-04-28T19:35:22+00:00\",\"dateModified\":\"2026-04-28T19:49:56+00:00\",\"breadcrumb\":{\"@id\":\"https:\\\/\\\/esportems.com.br\\\/site\\\/no-douradao-corrida-do-trabalhador-esta-na-programacao-esportiva-e-cultural\\\/#breadcrumb\"},\"inLanguage\":\"pt-BR\",\"potentialAction\":[{\"@type\":\"ReadAction\",\"target\":[\"https:\\\/\\\/esportems.com.br\\\/site\\\/no-douradao-corrida-do-trabalhador-esta-na-programacao-esportiva-e-cultural\\\/\"]}]},{\"@type\":\"ImageObject\",\"inLanguage\":\"pt-BR\",\"@id\":\"https:\\\/\\\/esportems.com.br\\\/site\\\/no-douradao-corrida-do-trabalhador-esta-na-programacao-esportiva-e-cultural\\\/#primaryimage\",\"url\":\"https:\\\/\\\/esportems.com.br\\\/site\\\/wp-content\\\/uploads\\\/2026\\\/04\\\/1-corrida-1.png\",\"contentUrl\":\"https:\\\/\\\/esportems.com.br\\\/site\\\/wp-content\\\/uploads\\\/2026\\\/04\\\/1-corrida-1.png\",\"width\":1134,\"height\":765},{\"@type\":\"BreadcrumbList\",\"@id\":\"https:\\\/\\\/esportems.com.br\\\/site\\\/no-douradao-corrida-do-trabalhador-esta-na-programacao-esportiva-e-cultural\\\/#breadcrumb\",\"itemListElement\":[{\"@type\":\"ListItem\",\"position\":1,\"name\":\"In\u00edcio\",\"item\":\"https:\\\/\\\/esportems.com.br\\\/site\\\/\"},{\"@type\":\"ListItem\",\"position\":2,\"name\":\"No Dourad\u00e3o, Corrida do Trabalhador est\u00e1 na programa\u00e7\u00e3o esportiva e cultural\"}]},{\"@type\":\"WebSite\",\"@id\":\"https:\\\/\\\/esportems.com.br\\\/site\\\/#website\",\"url\":\"https:\\\/\\\/esportems.com.br\\\/site\\\/\",\"name\":\"EsporteMS\",\"description\":\"O melhor conte\u00fado de esporte de MS\",\"publisher\":{\"@id\":\"https:\\\/\\\/esportems.com.br\\\/site\\\/#organization\"},\"potentialAction\":[{\"@type\":\"SearchAction\",\"target\":{\"@type\":\"EntryPoint\",\"urlTemplate\":\"https:\\\/\\\/esportems.com.br\\\/site\\\/?s={search_term_string}\"},\"query-input\":{\"@type\":\"PropertyValueSpecification\",\"valueRequired\":true,\"valueName\":\"search_term_string\"}}],\"inLanguage\":\"pt-BR\"},{\"@type\":\"Organization\",\"@id\":\"https:\\\/\\\/esportems.com.br\\\/site\\\/#organization\",\"name\":\"EsporteMS\",\"url\":\"https:\\\/\\\/esportems.com.br\\\/site\\\/\",\"logo\":{\"@type\":\"ImageObject\",\"inLanguage\":\"pt-BR\",\"@id\":\"https:\\\/\\\/esportems.com.br\\\/site\\\/#\\\/schema\\\/logo\\\/image\\\/\",\"url\":\"https:\\\/\\\/esportems.com.br\\\/site\\\/wp-content\\\/uploads\\\/2022\\\/12\\\/logo_esportems_250px.png\",\"contentUrl\":\"https:\\\/\\\/esportems.com.br\\\/site\\\/wp-content\\\/uploads\\\/2022\\\/12\\\/logo_esportems_250px.png\",\"width\":250,\"height\":250,\"caption\":\"EsporteMS\"},\"image\":{\"@id\":\"https:\\\/\\\/esportems.com.br\\\/site\\\/#\\\/schema\\\/logo\\\/image\\\/\"},\"sameAs\":[\"https:\\\/\\\/www.facebook.com\\\/profile.php?id=100050621362784\",\"https:\\\/\\\/x.com\\\/RadioEsporteMS\",\"https:\\\/\\\/www.instagram.com\\\/esportems2\\\/\",\"https:\\\/\\\/wa.me\\\/5567999590868\",\"https:\\\/\\\/www.youtube.com\\\/esportems\\\/\"]},{\"@type\":\"Person\",\"@id\":\"https:\\\/\\\/esportems.com.br\\\/site\\\/#\\\/schema\\\/person\\\/f451b65748a8ce82d3ca25707a512dda\",\"name\":\"Cl\u00e1udio Severo\",\"image\":{\"@type\":\"ImageObject\",\"inLanguage\":\"pt-BR\",\"@id\":\"https:\\\/\\\/secure.gravatar.com\\\/avatar\\\/94bcbd47e500b15b38519f79158a57abc1fa84f37255ad4b4be197699e1ff784?s=96&d=mm&r=g\",\"url\":\"https:\\\/\\\/secure.gravatar.com\\\/avatar\\\/94bcbd47e500b15b38519f79158a57abc1fa84f37255ad4b4be197699e1ff784?s=96&d=mm&r=g\",\"contentUrl\":\"https:\\\/\\\/secure.gravatar.com\\\/avatar\\\/94bcbd47e500b15b38519f79158a57abc1fa84f37255ad4b4be197699e1ff784?s=96&d=mm&r=g\",\"caption\":\"Cl\u00e1udio Severo\"},\"url\":\"https:\\\/\\\/esportems.com.br\\\/site\\\/author\\\/severo\\\/\"}]}<\/script>\n<!-- \/ Yoast SEO plugin. -->","yoast_head_json":{"title":"No Dourad\u00e3o, Corrida do Trabalhador est\u00e1 na programa\u00e7\u00e3o esportiva e cultural - EsporteMS","robots":{"index":"index","follow":"follow","max-snippet":"max-snippet:-1","max-image-preview":"max-image-preview:large","max-video-preview":"max-video-preview:-1"},"canonical":"https:\/\/esportems.com.br\/site\/no-douradao-corrida-do-trabalhador-esta-na-programacao-esportiva-e-cultural\/","og_locale":"pt_BR","og_type":"article","og_title":"No Dourad\u00e3o, Corrida do Trabalhador est\u00e1 na programa\u00e7\u00e3o esportiva e cultural - EsporteMS","og_description":"A Prefeitura de Dourados, por meio da Funda\u00e7\u00e3o de Esportes de Dourados (Funed), realiza neste s\u00e1bado, 2 de maio, a tradicional Corrida do Trabalhador, que neste ano contar\u00e1 com uma edi\u00e7\u00e3o especial noturna. O evento acontece a partir das 19 horas \u2013 concentra\u00e7\u00e3o \u00e0s 18h -, no p\u00e1tio do Est\u00e1dio Fr\u00e9dis Sald\u00edvar, o Dourad\u00e3o, com [&hellip;]","og_url":"https:\/\/esportems.com.br\/site\/no-douradao-corrida-do-trabalhador-esta-na-programacao-esportiva-e-cultural\/","og_site_name":"EsporteMS","article_publisher":"https:\/\/www.facebook.com\/profile.php?id=100050621362784","article_published_time":"2026-04-28T19:35:22+00:00","article_modified_time":"2026-04-28T19:49:56+00:00","og_image":[{"width":1134,"height":765,"url":"https:\/\/esportems.com.br\/site\/wp-content\/uploads\/2026\/04\/1-corrida-1.png","type":"image\/png"}],"author":"Cl\u00e1udio Severo","twitter_card":"summary_large_image","twitter_creator":"@RadioEsporteMS","twitter_site":"@RadioEsporteMS","twitter_misc":{"Escrito por":"Cl\u00e1udio Severo","Est. tempo de leitura":"2 minutos"},"schema":{"@context":"https:\/\/schema.org","@graph":[{"@type":"Article","@id":"https:\/\/esportems.com.br\/site\/no-douradao-corrida-do-trabalhador-esta-na-programacao-esportiva-e-cultural\/#article","isPartOf":{"@id":"https:\/\/esportems.com.br\/site\/no-douradao-corrida-do-trabalhador-esta-na-programacao-esportiva-e-cultural\/"},"author":{"name":"Cl\u00e1udio Severo","@id":"https:\/\/esportems.com.br\/site\/#\/schema\/person\/f451b65748a8ce82d3ca25707a512dda"},"headline":"No Dourad\u00e3o, Corrida do Trabalhador est\u00e1 na programa\u00e7\u00e3o esportiva e cultural","datePublished":"2026-04-28T19:35:22+00:00","dateModified":"2026-04-28T19:49:56+00:00","mainEntityOfPage":{"@id":"https:\/\/esportems.com.br\/site\/no-douradao-corrida-do-trabalhador-esta-na-programacao-esportiva-e-cultural\/"},"wordCount":371,"commentCount":0,"publisher":{"@id":"https:\/\/esportems.com.br\/site\/#organization"},"image":{"@id":"https:\/\/esportems.com.br\/site\/no-douradao-corrida-do-trabalhador-esta-na-programacao-esportiva-e-cultural\/#primaryimage"},"thumbnailUrl":"https:\/\/esportems.com.br\/site\/wp-content\/uploads\/2026\/04\/1-corrida-1.png","articleSection":["CORRIDA","Featured"],"inLanguage":"pt-BR","potentialAction":[{"@type":"CommentAction","name":"Comment","target":["https:\/\/esportems.com.br\/site\/no-douradao-corrida-do-trabalhador-esta-na-programacao-esportiva-e-cultural\/#respond"]}]},{"@type":"WebPage","@id":"https:\/\/esportems.com.br\/site\/no-douradao-corrida-do-trabalhador-esta-na-programacao-esportiva-e-cultural\/","url":"https:\/\/esportems.com.br\/site\/no-douradao-corrida-do-trabalhador-esta-na-programacao-esportiva-e-cultural\/","name":"No Dourad\u00e3o, Corrida do Trabalhador est\u00e1 na programa\u00e7\u00e3o esportiva e cultural - EsporteMS","isPartOf":{"@id":"https:\/\/esportems.com.br\/site\/#website"},"primaryImageOfPage":{"@id":"https:\/\/esportems.com.br\/site\/no-douradao-corrida-do-trabalhador-esta-na-programacao-esportiva-e-cultural\/#primaryimage"},"image":{"@id":"https:\/\/esportems.com.br\/site\/no-douradao-corrida-do-trabalhador-esta-na-programacao-esportiva-e-cultural\/#primaryimage"},"thumbnailUrl":"https:\/\/esportems.com.br\/site\/wp-content\/uploads\/2026\/04\/1-corrida-1.png","datePublished":"2026-04-28T19:35:22+00:00","dateModified":"2026-04-28T19:49:56+00:00","breadcrumb":{"@id":"https:\/\/esportems.com.br\/site\/no-douradao-corrida-do-trabalhador-esta-na-programacao-esportiva-e-cultural\/#breadcrumb"},"inLanguage":"pt-BR","potentialAction":[{"@type":"ReadAction","target":["https:\/\/esportems.com.br\/site\/no-douradao-corrida-do-trabalhador-esta-na-programacao-esportiva-e-cultural\/"]}]},{"@type":"ImageObject","inLanguage":"pt-BR","@id":"https:\/\/esportems.com.br\/site\/no-douradao-corrida-do-trabalhador-esta-na-programacao-esportiva-e-cultural\/#primaryimage","url":"https:\/\/esportems.com.br\/site\/wp-content\/uploads\/2026\/04\/1-corrida-1.png","contentUrl":"https:\/\/esportems.com.br\/site\/wp-content\/uploads\/2026\/04\/1-corrida-1.png","width":1134,"height":765},{"@type":"BreadcrumbList","@id":"https:\/\/esportems.com.br\/site\/no-douradao-corrida-do-trabalhador-esta-na-programacao-esportiva-e-cultural\/#breadcrumb","itemListElement":[{"@type":"ListItem","position":1,"name":"In\u00edcio","item":"https:\/\/esportems.com.br\/site\/"},{"@type":"ListItem","position":2,"name":"No Dourad\u00e3o, Corrida do Trabalhador est\u00e1 na programa\u00e7\u00e3o esportiva e cultural"}]},{"@type":"WebSite","@id":"https:\/\/esportems.com.br\/site\/#website","url":"https:\/\/esportems.com.br\/site\/","name":"EsporteMS","description":"O melhor conte\u00fado de esporte de MS","publisher":{"@id":"https:\/\/esportems.com.br\/site\/#organization"},"potentialAction":[{"@type":"SearchAction","target":{"@type":"EntryPoint","urlTemplate":"https:\/\/esportems.com.br\/site\/?s={search_term_string}"},"query-input":{"@type":"PropertyValueSpecification","valueRequired":true,"valueName":"search_term_string"}}],"inLanguage":"pt-BR"},{"@type":"Organization","@id":"https:\/\/esportems.com.br\/site\/#organization","name":"EsporteMS","url":"https:\/\/esportems.com.br\/site\/","logo":{"@type":"ImageObject","inLanguage":"pt-BR","@id":"https:\/\/esportems.com.br\/site\/#\/schema\/logo\/image\/","url":"https:\/\/esportems.com.br\/site\/wp-content\/uploads\/2022\/12\/logo_esportems_250px.png","contentUrl":"https:\/\/esportems.com.br\/site\/wp-content\/uploads\/2022\/12\/logo_esportems_250px.png","width":250,"height":250,"caption":"EsporteMS"},"image":{"@id":"https:\/\/esportems.com.br\/site\/#\/schema\/logo\/image\/"},"sameAs":["https:\/\/www.facebook.com\/profile.php?id=100050621362784","https:\/\/x.com\/RadioEsporteMS","https:\/\/www.instagram.com\/esportems2\/","https:\/\/wa.me\/5567999590868","https:\/\/www.youtube.com\/esportems\/"]},{"@type":"Person","@id":"https:\/\/esportems.com.br\/site\/#\/schema\/person\/f451b65748a8ce82d3ca25707a512dda","name":"Cl\u00e1udio Severo","image":{"@type":"ImageObject","inLanguage":"pt-BR","@id":"https:\/\/secure.gravatar.com\/avatar\/94bcbd47e500b15b38519f79158a57abc1fa84f37255ad4b4be197699e1ff784?s=96&d=mm&r=g","url":"https:\/\/secure.gravatar.com\/avatar\/94bcbd47e500b15b38519f79158a57abc1fa84f37255ad4b4be197699e1ff784?s=96&d=mm&r=g","contentUrl":"https:\/\/secure.gravatar.com\/avatar\/94bcbd47e500b15b38519f79158a57abc1fa84f37255ad4b4be197699e1ff784?s=96&d=mm&r=g","caption":"Cl\u00e1udio Severo"},"url":"https:\/\/esportems.com.br\/site\/author\/severo\/"}]}},"amp_enabled":true,"_links":{"self":[{"href":"https:\/\/esportems.com.br\/site\/wp-json\/wp\/v2\/posts\/54337","targetHints":{"allow":["GET"]}}],"collection":[{"href":"https:\/\/esportems.com.br\/site\/wp-json\/wp\/v2\/posts"}],"about":[{"href":"https:\/\/esportems.com.br\/site\/wp-json\/wp\/v2\/types\/post"}],"author":[{"embeddable":true,"href":"https:\/\/esportems.com.br\/site\/wp-json\/wp\/v2\/users\/3"}],"replies":[{"embeddable":true,"href":"https:\/\/esportems.com.br\/site\/wp-json\/wp\/v2\/comments?post=54337"}],"version-history":[{"count":1,"href":"https:\/\/esportems.com.br\/site\/wp-json\/wp\/v2\/posts\/54337\/revisions"}],"predecessor-version":[{"id":54339,"href":"https:\/\/esportems.com.br\/site\/wp-json\/wp\/v2\/posts\/54337\/revisions\/54339"}],"wp:featuredmedia":[{"embeddable":true,"href":"https:\/\/esportems.com.br\/site\/wp-json\/wp\/v2\/media\/54338"}],"wp:attachment":[{"href":"https:\/\/esportems.com.br\/site\/wp-json\/wp\/v2\/media?parent=54337"}],"wp:term":[{"taxonomy":"category","embeddable":true,"href":"https:\/\/esportems.com.br\/site\/wp-json\/wp\/v2\/categories?post=54337"},{"taxonomy":"post_tag","embeddable":true,"href":"https:\/\/esportems.com.br\/site\/wp-json\/wp\/v2\/tags?post=54337"}],"curies":[{"name":"wp","href":"https:\/\/api.w.org\/{rel}","templated":true}]}}