{"id":54340,"date":"2026-04-28T20:46:31","date_gmt":"2026-04-29T00:46:31","guid":{"rendered":"https:\/\/esportems.com.br\/site\/?p=54340"},"modified":"2026-04-28T20:46:31","modified_gmt":"2026-04-29T00:46:31","slug":"aral-moreira-no-feminino-e-caarapo-no-masculino-sao-os-campeoes","status":"publish","type":"post","link":"https:\/\/esportems.com.br\/site\/aral-moreira-no-feminino-e-caarapo-no-masculino-sao-os-campeoes\/","title":{"rendered":"Aral Moreira no feminino e Caarap\u00f3 no masculino s\u00e3o os campe\u00f5es"},"content":{"rendered":"<p>Comandada pelo t\u00e9cnico, professor Tiago Yassoyama, Aral Moreira, que havia conquistado pela primeira vez o t\u00edtulo da tradicional competi\u00e7\u00e3o regional em 2025, chegou ao bicampeonato ao vencer, nesse domingo, dia 26 de abril, no Gin\u00e1sio Poliesportivo Fl\u00e1vio Derzi, em Paranhos, a forte equipe de Navira\u00ed, que tem no comando o experiente t\u00e9cnico, multicampe\u00e3o do Conesul, O professor Norberto Puertas, pelo placar de tr\u00eas sets a zero.<\/p>\n<p><small>DIVULGA\u00c7\u00c3O<\/small><\/p>\n<div class=\"categories_grid\">\n<div class=\"entry__img-holder p-0\"><img decoding=\"async\" class=\"lazy img-fluid entered loading\" src=\"https:\/\/www.sulnews.com.br\/arquivos\/noticias\/10193\/aral-moreira-no-feminino-e-caarapo-no-masculino-sao-os-campeoes-da-copa-conesul_2.jpg\" alt=\"Aral Moreira no feminino e Caarap\u00f3 no masculino s\u00e3o os campe\u00f5es da Copa Conesul\" data-ll-status=\"loading\"><\/div>\n<\/div>\n<p>Na categoria masculina Caarap\u00f3 chegou ao t\u00edtulo da Copa Conesul de V\u00f4lei 2026 ao vencer na final o time da casa, Paranhos, tamb\u00e9m pelo placar de tr\u00eas sets a zero.<\/p>\n<p>Na categoria feminina a terceira coloca\u00e7\u00e3o da Copa Conesul de V\u00f4lei deste ano ficou com a equipe de Caarap\u00f3 e no masculino a \u201cmedalha de bronze\u201d ficou com Amambai que derrotou Navira\u00ed por tr\u00eas sets a dois no tye-break.<\/p>\n<p>Jogadoras e jogadores destaques<\/p>\n<p>Durante as finais realizadas nesse domingo, dia 26 de abril, a Sejel (Secretaria da Juventude, Esporte e Lazer), da Prefeitura de Paranhos premiou, ap\u00f3s escolha da equipe de arbitragem que atuou durante o campeonato, as jogadoras e jogadores destaques da Copa Conesul de V\u00f4lei 2026 em suas respectivas posi\u00e7\u00f5es.<\/p>\n<p>Na categoria feminina a equipe campe\u00e3 teve tr\u00eas atletas entre as cinco destaques da competi\u00e7\u00e3o e no masculino Caarap\u00f3 tamb\u00e9m teve tr\u00eas atletas indicados como destaques da Copa Conesul de V\u00f4lei 2026.<\/p>\n<p><small><b><i>Ana Carolina Corradi, da equipe de Navira\u00ed, foi escolhida a melhor central da Copa Conesul de V\u00f4lei 2026 9FOTO &#8211; DIVULGA\u00c7\u00c3O)<\/i><\/b><\/small><\/p>\n<div class=\"categories_grid\">\n<div class=\"entry__img-holder p-0\"><img decoding=\"async\" class=\"lazy img-fluid entered loading\" src=\"https:\/\/www.sulnews.com.br\/arquivos\/noticias\/10193\/aral-moreira-no-feminino-e-caarapo-no-masculino-sao-os-campeoes-da-copa-conesul.jpg\" alt=\"Aral Moreira no feminino e Caarap\u00f3 no masculino s\u00e3o os campe\u00f5es da Copa Conesul\" data-ll-status=\"loading\"><\/div>\n<\/div>\n<p>Destaques feminino &#8211;&nbsp;Na categoria feminina, por Aral Moreira, J\u00falia Raniro foi escolhida a melhor ponteira, Denize foi escolhida a melhor levantadora e a jogadora Vivian foi eleita a melhor oposta do campeonato. Aline, de Caarap\u00f3 foi escolhida a melhor l\u00edbero e a Ana Carolina Corradi, de 17 anos, da equipe de Navira\u00ed, foi escolhida a melhor central da Copa Conesul de V\u00f4lei 2026.<\/p>\n<p>Destaques masculino &#8211;&nbsp;Na categoria masculina por Caarap\u00f3, Tassiano foi escolhido o melhor levantador, Victor o melhor oposto e Pedro o melhor l\u00edbero. Leonado, de Paranhos foi escolhido o melhor central e o jogador Cau\u00e3, tamb\u00e9m da equipe de Paranhos, foi eleito o melhor ponteiro da competi\u00e7\u00e3o regional em 2026.<\/p>\n<p>Den\u00edlson Rafa\u00edne, secret\u00e1rio de esporte e lazer da Prefeitura de Paranhos, um dos fundadores e coordenador geral da Copa Conesul de V\u00f4lei, classificou a edi\u00e7\u00e3o 2026 da tradicional competi\u00e7\u00e3o regional como um grande sucesso.Den\u00edlson destacou o elevado n\u00edvel t\u00e9cnico da competi\u00e7\u00e3o e o grau de competitividade das equipes.<\/p>\n<p>Denilson&nbsp;&nbsp;tamb\u00e9m agradeceu o apoio da Prefeitura de Paranhos, atrav\u00e9s do prefeito Heliomar Klabunde, que garantiu toda a estrutura para a realiza\u00e7\u00e3o das finais da Copa Conesul de V\u00f4lei 2026 na cidade da fronteira com o Paraguai.<\/p>\n<p>A Copa Conesul de&nbsp;V\u00f4lei 2026 contou com a participa\u00e7\u00e3o inicial de&nbsp;12 dos 14 munic\u00edpios que integram o Conisul (Cons\u00f3rcio Intermunicipal para o Desenvolvimento da Regi\u00e3o Sul de&nbsp;Mato Grosso do Sul).&nbsp;<\/p>\n<p><small><b>Navira\u00ed ficou com o vice-campeonato em 2026 na categoria feminina&nbsp; (FOTO &#8211;&nbsp;DIVULGA\u00c7\u00c3O)<\/b><\/small><\/p>\n<div class=\"categories_grid\">\n<div class=\"entry__img-holder p-0\"><img decoding=\"async\" class=\"lazy img-fluid entered loading\" src=\"https:\/\/www.sulnews.com.br\/arquivos\/noticias\/10193\/aral-moreira-no-feminino-e-caarapo-no-masculino-sao-os-campeoes-da-copa-conesul_1.jpg\" alt=\"Aral Moreira no feminino e Caarap\u00f3 no masculino s\u00e3o os campe\u00f5es da Copa Conesul\" data-ll-status=\"loading\"><br \/>\ncom assessoria&nbsp;<\/div>\n<\/div>\n","protected":false},"excerpt":{"rendered":"<p>Comandada pelo t\u00e9cnico, professor Tiago Yassoyama, Aral Moreira, que havia conquistado pela primeira vez o t\u00edtulo da tradicional competi\u00e7\u00e3o regional em 2025, chegou ao bicampeonato ao vencer, nesse domingo, dia 26 de abril, no Gin\u00e1sio Poliesportivo Fl\u00e1vio Derzi, em Paranhos, a forte equipe de Navira\u00ed, que tem no comando o experiente t\u00e9cnico, multicampe\u00e3o do Conesul, [&hellip;]<\/p>\n","protected":false},"author":3,"featured_media":54341,"comment_status":"open","ping_status":"open","sticky":false,"template":"","format":"standard","meta":{"ngg_post_thumbnail":0,"tdm_status":"","tdm_grid_status":"","footnotes":""},"categories":[2,186],"tags":[],"class_list":{"0":"post-54340","1":"post","2":"type-post","3":"status-publish","4":"format-standard","5":"has-post-thumbnail","7":"category-featured","8":"category-voleibol"},"yoast_head":"<!-- This site is optimized with the Yoast SEO plugin v27.5 - https:\/\/yoast.com\/product\/yoast-seo-wordpress\/ -->\n<title>Aral Moreira no feminino e Caarap\u00f3 no masculino s\u00e3o os campe\u00f5es - EsporteMS<\/title>\n<meta name=\"robots\" content=\"index, follow, max-snippet:-1, max-image-preview:large, max-video-preview:-1\" \/>\n<link rel=\"canonical\" href=\"https:\/\/esportems.com.br\/site\/aral-moreira-no-feminino-e-caarapo-no-masculino-sao-os-campeoes\/\" \/>\n<meta property=\"og:locale\" content=\"pt_BR\" \/>\n<meta property=\"og:type\" content=\"article\" \/>\n<meta property=\"og:title\" content=\"Aral Moreira no feminino e Caarap\u00f3 no masculino s\u00e3o os campe\u00f5es - EsporteMS\" \/>\n<meta property=\"og:description\" content=\"Comandada pelo t\u00e9cnico, professor Tiago Yassoyama, Aral Moreira, que havia conquistado pela primeira vez o t\u00edtulo da tradicional competi\u00e7\u00e3o regional em 2025, chegou ao bicampeonato ao vencer, nesse domingo, dia 26 de abril, no Gin\u00e1sio Poliesportivo Fl\u00e1vio Derzi, em Paranhos, a forte equipe de Navira\u00ed, que tem no comando o experiente t\u00e9cnico, multicampe\u00e3o do Conesul, [&hellip;]\" \/>\n<meta property=\"og:url\" content=\"https:\/\/esportems.com.br\/site\/aral-moreira-no-feminino-e-caarapo-no-masculino-sao-os-campeoes\/\" \/>\n<meta property=\"og:site_name\" content=\"EsporteMS\" \/>\n<meta property=\"article:publisher\" content=\"https:\/\/www.facebook.com\/profile.php?id=100050621362784\" \/>\n<meta property=\"article:published_time\" content=\"2026-04-29T00:46:31+00:00\" \/>\n<meta property=\"og:image\" content=\"https:\/\/esportems.com.br\/site\/wp-content\/uploads\/2026\/04\/1-voleibo.png\" \/>\n\t<meta property=\"og:image:width\" content=\"769\" \/>\n\t<meta property=\"og:image:height\" content=\"550\" \/>\n\t<meta property=\"og:image:type\" content=\"image\/png\" \/>\n<meta name=\"author\" content=\"Cl\u00e1udio Severo\" \/>\n<meta name=\"twitter:card\" content=\"summary_large_image\" \/>\n<meta name=\"twitter:creator\" content=\"@RadioEsporteMS\" \/>\n<meta name=\"twitter:site\" content=\"@RadioEsporteMS\" \/>\n<meta name=\"twitter:label1\" content=\"Escrito por\" \/>\n\t<meta name=\"twitter:data1\" content=\"Cl\u00e1udio Severo\" \/>\n\t<meta name=\"twitter:label2\" content=\"Est. tempo de leitura\" \/>\n\t<meta name=\"twitter:data2\" content=\"4 minutos\" \/>\n<script type=\"application\/ld+json\" class=\"yoast-schema-graph\">{\"@context\":\"https:\\\/\\\/schema.org\",\"@graph\":[{\"@type\":\"Article\",\"@id\":\"https:\\\/\\\/esportems.com.br\\\/site\\\/aral-moreira-no-feminino-e-caarapo-no-masculino-sao-os-campeoes\\\/#article\",\"isPartOf\":{\"@id\":\"https:\\\/\\\/esportems.com.br\\\/site\\\/aral-moreira-no-feminino-e-caarapo-no-masculino-sao-os-campeoes\\\/\"},\"author\":{\"name\":\"Cl\u00e1udio Severo\",\"@id\":\"https:\\\/\\\/esportems.com.br\\\/site\\\/#\\\/schema\\\/person\\\/f451b65748a8ce82d3ca25707a512dda\"},\"headline\":\"Aral Moreira no feminino e Caarap\u00f3 no masculino s\u00e3o os campe\u00f5es\",\"datePublished\":\"2026-04-29T00:46:31+00:00\",\"mainEntityOfPage\":{\"@id\":\"https:\\\/\\\/esportems.com.br\\\/site\\\/aral-moreira-no-feminino-e-caarapo-no-masculino-sao-os-campeoes\\\/\"},\"wordCount\":550,\"commentCount\":0,\"publisher\":{\"@id\":\"https:\\\/\\\/esportems.com.br\\\/site\\\/#organization\"},\"image\":{\"@id\":\"https:\\\/\\\/esportems.com.br\\\/site\\\/aral-moreira-no-feminino-e-caarapo-no-masculino-sao-os-campeoes\\\/#primaryimage\"},\"thumbnailUrl\":\"https:\\\/\\\/esportems.com.br\\\/site\\\/wp-content\\\/uploads\\\/2026\\\/04\\\/1-voleibo.png\",\"articleSection\":[\"Featured\",\"VOLEIBOL\"],\"inLanguage\":\"pt-BR\",\"potentialAction\":[{\"@type\":\"CommentAction\",\"name\":\"Comment\",\"target\":[\"https:\\\/\\\/esportems.com.br\\\/site\\\/aral-moreira-no-feminino-e-caarapo-no-masculino-sao-os-campeoes\\\/#respond\"]}]},{\"@type\":\"WebPage\",\"@id\":\"https:\\\/\\\/esportems.com.br\\\/site\\\/aral-moreira-no-feminino-e-caarapo-no-masculino-sao-os-campeoes\\\/\",\"url\":\"https:\\\/\\\/esportems.com.br\\\/site\\\/aral-moreira-no-feminino-e-caarapo-no-masculino-sao-os-campeoes\\\/\",\"name\":\"Aral Moreira no feminino e Caarap\u00f3 no masculino s\u00e3o os campe\u00f5es - EsporteMS\",\"isPartOf\":{\"@id\":\"https:\\\/\\\/esportems.com.br\\\/site\\\/#website\"},\"primaryImageOfPage\":{\"@id\":\"https:\\\/\\\/esportems.com.br\\\/site\\\/aral-moreira-no-feminino-e-caarapo-no-masculino-sao-os-campeoes\\\/#primaryimage\"},\"image\":{\"@id\":\"https:\\\/\\\/esportems.com.br\\\/site\\\/aral-moreira-no-feminino-e-caarapo-no-masculino-sao-os-campeoes\\\/#primaryimage\"},\"thumbnailUrl\":\"https:\\\/\\\/esportems.com.br\\\/site\\\/wp-content\\\/uploads\\\/2026\\\/04\\\/1-voleibo.png\",\"datePublished\":\"2026-04-29T00:46:31+00:00\",\"breadcrumb\":{\"@id\":\"https:\\\/\\\/esportems.com.br\\\/site\\\/aral-moreira-no-feminino-e-caarapo-no-masculino-sao-os-campeoes\\\/#breadcrumb\"},\"inLanguage\":\"pt-BR\",\"potentialAction\":[{\"@type\":\"ReadAction\",\"target\":[\"https:\\\/\\\/esportems.com.br\\\/site\\\/aral-moreira-no-feminino-e-caarapo-no-masculino-sao-os-campeoes\\\/\"]}]},{\"@type\":\"ImageObject\",\"inLanguage\":\"pt-BR\",\"@id\":\"https:\\\/\\\/esportems.com.br\\\/site\\\/aral-moreira-no-feminino-e-caarapo-no-masculino-sao-os-campeoes\\\/#primaryimage\",\"url\":\"https:\\\/\\\/esportems.com.br\\\/site\\\/wp-content\\\/uploads\\\/2026\\\/04\\\/1-voleibo.png\",\"contentUrl\":\"https:\\\/\\\/esportems.com.br\\\/site\\\/wp-content\\\/uploads\\\/2026\\\/04\\\/1-voleibo.png\",\"width\":769,\"height\":550},{\"@type\":\"BreadcrumbList\",\"@id\":\"https:\\\/\\\/esportems.com.br\\\/site\\\/aral-moreira-no-feminino-e-caarapo-no-masculino-sao-os-campeoes\\\/#breadcrumb\",\"itemListElement\":[{\"@type\":\"ListItem\",\"position\":1,\"name\":\"In\u00edcio\",\"item\":\"https:\\\/\\\/esportems.com.br\\\/site\\\/\"},{\"@type\":\"ListItem\",\"position\":2,\"name\":\"Aral Moreira no feminino e Caarap\u00f3 no masculino s\u00e3o os campe\u00f5es\"}]},{\"@type\":\"WebSite\",\"@id\":\"https:\\\/\\\/esportems.com.br\\\/site\\\/#website\",\"url\":\"https:\\\/\\\/esportems.com.br\\\/site\\\/\",\"name\":\"EsporteMS\",\"description\":\"O melhor conte\u00fado de esporte de MS\",\"publisher\":{\"@id\":\"https:\\\/\\\/esportems.com.br\\\/site\\\/#organization\"},\"potentialAction\":[{\"@type\":\"SearchAction\",\"target\":{\"@type\":\"EntryPoint\",\"urlTemplate\":\"https:\\\/\\\/esportems.com.br\\\/site\\\/?s={search_term_string}\"},\"query-input\":{\"@type\":\"PropertyValueSpecification\",\"valueRequired\":true,\"valueName\":\"search_term_string\"}}],\"inLanguage\":\"pt-BR\"},{\"@type\":\"Organization\",\"@id\":\"https:\\\/\\\/esportems.com.br\\\/site\\\/#organization\",\"name\":\"EsporteMS\",\"url\":\"https:\\\/\\\/esportems.com.br\\\/site\\\/\",\"logo\":{\"@type\":\"ImageObject\",\"inLanguage\":\"pt-BR\",\"@id\":\"https:\\\/\\\/esportems.com.br\\\/site\\\/#\\\/schema\\\/logo\\\/image\\\/\",\"url\":\"https:\\\/\\\/esportems.com.br\\\/site\\\/wp-content\\\/uploads\\\/2022\\\/12\\\/logo_esportems_250px.png\",\"contentUrl\":\"https:\\\/\\\/esportems.com.br\\\/site\\\/wp-content\\\/uploads\\\/2022\\\/12\\\/logo_esportems_250px.png\",\"width\":250,\"height\":250,\"caption\":\"EsporteMS\"},\"image\":{\"@id\":\"https:\\\/\\\/esportems.com.br\\\/site\\\/#\\\/schema\\\/logo\\\/image\\\/\"},\"sameAs\":[\"https:\\\/\\\/www.facebook.com\\\/profile.php?id=100050621362784\",\"https:\\\/\\\/x.com\\\/RadioEsporteMS\",\"https:\\\/\\\/www.instagram.com\\\/esportems2\\\/\",\"https:\\\/\\\/wa.me\\\/5567999590868\",\"https:\\\/\\\/www.youtube.com\\\/esportems\\\/\"]},{\"@type\":\"Person\",\"@id\":\"https:\\\/\\\/esportems.com.br\\\/site\\\/#\\\/schema\\\/person\\\/f451b65748a8ce82d3ca25707a512dda\",\"name\":\"Cl\u00e1udio Severo\",\"image\":{\"@type\":\"ImageObject\",\"inLanguage\":\"pt-BR\",\"@id\":\"https:\\\/\\\/secure.gravatar.com\\\/avatar\\\/94bcbd47e500b15b38519f79158a57abc1fa84f37255ad4b4be197699e1ff784?s=96&d=mm&r=g\",\"url\":\"https:\\\/\\\/secure.gravatar.com\\\/avatar\\\/94bcbd47e500b15b38519f79158a57abc1fa84f37255ad4b4be197699e1ff784?s=96&d=mm&r=g\",\"contentUrl\":\"https:\\\/\\\/secure.gravatar.com\\\/avatar\\\/94bcbd47e500b15b38519f79158a57abc1fa84f37255ad4b4be197699e1ff784?s=96&d=mm&r=g\",\"caption\":\"Cl\u00e1udio Severo\"},\"url\":\"https:\\\/\\\/esportems.com.br\\\/site\\\/author\\\/severo\\\/\"}]}<\/script>\n<!-- \/ Yoast SEO plugin. -->","yoast_head_json":{"title":"Aral Moreira no feminino e Caarap\u00f3 no masculino s\u00e3o os campe\u00f5es - EsporteMS","robots":{"index":"index","follow":"follow","max-snippet":"max-snippet:-1","max-image-preview":"max-image-preview:large","max-video-preview":"max-video-preview:-1"},"canonical":"https:\/\/esportems.com.br\/site\/aral-moreira-no-feminino-e-caarapo-no-masculino-sao-os-campeoes\/","og_locale":"pt_BR","og_type":"article","og_title":"Aral Moreira no feminino e Caarap\u00f3 no masculino s\u00e3o os campe\u00f5es - EsporteMS","og_description":"Comandada pelo t\u00e9cnico, professor Tiago Yassoyama, Aral Moreira, que havia conquistado pela primeira vez o t\u00edtulo da tradicional competi\u00e7\u00e3o regional em 2025, chegou ao bicampeonato ao vencer, nesse domingo, dia 26 de abril, no Gin\u00e1sio Poliesportivo Fl\u00e1vio Derzi, em Paranhos, a forte equipe de Navira\u00ed, que tem no comando o experiente t\u00e9cnico, multicampe\u00e3o do Conesul, [&hellip;]","og_url":"https:\/\/esportems.com.br\/site\/aral-moreira-no-feminino-e-caarapo-no-masculino-sao-os-campeoes\/","og_site_name":"EsporteMS","article_publisher":"https:\/\/www.facebook.com\/profile.php?id=100050621362784","article_published_time":"2026-04-29T00:46:31+00:00","og_image":[{"width":769,"height":550,"url":"https:\/\/esportems.com.br\/site\/wp-content\/uploads\/2026\/04\/1-voleibo.png","type":"image\/png"}],"author":"Cl\u00e1udio Severo","twitter_card":"summary_large_image","twitter_creator":"@RadioEsporteMS","twitter_site":"@RadioEsporteMS","twitter_misc":{"Escrito por":"Cl\u00e1udio Severo","Est. tempo de leitura":"4 minutos"},"schema":{"@context":"https:\/\/schema.org","@graph":[{"@type":"Article","@id":"https:\/\/esportems.com.br\/site\/aral-moreira-no-feminino-e-caarapo-no-masculino-sao-os-campeoes\/#article","isPartOf":{"@id":"https:\/\/esportems.com.br\/site\/aral-moreira-no-feminino-e-caarapo-no-masculino-sao-os-campeoes\/"},"author":{"name":"Cl\u00e1udio Severo","@id":"https:\/\/esportems.com.br\/site\/#\/schema\/person\/f451b65748a8ce82d3ca25707a512dda"},"headline":"Aral Moreira no feminino e Caarap\u00f3 no masculino s\u00e3o os campe\u00f5es","datePublished":"2026-04-29T00:46:31+00:00","mainEntityOfPage":{"@id":"https:\/\/esportems.com.br\/site\/aral-moreira-no-feminino-e-caarapo-no-masculino-sao-os-campeoes\/"},"wordCount":550,"commentCount":0,"publisher":{"@id":"https:\/\/esportems.com.br\/site\/#organization"},"image":{"@id":"https:\/\/esportems.com.br\/site\/aral-moreira-no-feminino-e-caarapo-no-masculino-sao-os-campeoes\/#primaryimage"},"thumbnailUrl":"https:\/\/esportems.com.br\/site\/wp-content\/uploads\/2026\/04\/1-voleibo.png","articleSection":["Featured","VOLEIBOL"],"inLanguage":"pt-BR","potentialAction":[{"@type":"CommentAction","name":"Comment","target":["https:\/\/esportems.com.br\/site\/aral-moreira-no-feminino-e-caarapo-no-masculino-sao-os-campeoes\/#respond"]}]},{"@type":"WebPage","@id":"https:\/\/esportems.com.br\/site\/aral-moreira-no-feminino-e-caarapo-no-masculino-sao-os-campeoes\/","url":"https:\/\/esportems.com.br\/site\/aral-moreira-no-feminino-e-caarapo-no-masculino-sao-os-campeoes\/","name":"Aral Moreira no feminino e Caarap\u00f3 no masculino s\u00e3o os campe\u00f5es - EsporteMS","isPartOf":{"@id":"https:\/\/esportems.com.br\/site\/#website"},"primaryImageOfPage":{"@id":"https:\/\/esportems.com.br\/site\/aral-moreira-no-feminino-e-caarapo-no-masculino-sao-os-campeoes\/#primaryimage"},"image":{"@id":"https:\/\/esportems.com.br\/site\/aral-moreira-no-feminino-e-caarapo-no-masculino-sao-os-campeoes\/#primaryimage"},"thumbnailUrl":"https:\/\/esportems.com.br\/site\/wp-content\/uploads\/2026\/04\/1-voleibo.png","datePublished":"2026-04-29T00:46:31+00:00","breadcrumb":{"@id":"https:\/\/esportems.com.br\/site\/aral-moreira-no-feminino-e-caarapo-no-masculino-sao-os-campeoes\/#breadcrumb"},"inLanguage":"pt-BR","potentialAction":[{"@type":"ReadAction","target":["https:\/\/esportems.com.br\/site\/aral-moreira-no-feminino-e-caarapo-no-masculino-sao-os-campeoes\/"]}]},{"@type":"ImageObject","inLanguage":"pt-BR","@id":"https:\/\/esportems.com.br\/site\/aral-moreira-no-feminino-e-caarapo-no-masculino-sao-os-campeoes\/#primaryimage","url":"https:\/\/esportems.com.br\/site\/wp-content\/uploads\/2026\/04\/1-voleibo.png","contentUrl":"https:\/\/esportems.com.br\/site\/wp-content\/uploads\/2026\/04\/1-voleibo.png","width":769,"height":550},{"@type":"BreadcrumbList","@id":"https:\/\/esportems.com.br\/site\/aral-moreira-no-feminino-e-caarapo-no-masculino-sao-os-campeoes\/#breadcrumb","itemListElement":[{"@type":"ListItem","position":1,"name":"In\u00edcio","item":"https:\/\/esportems.com.br\/site\/"},{"@type":"ListItem","position":2,"name":"Aral Moreira no feminino e Caarap\u00f3 no masculino s\u00e3o os campe\u00f5es"}]},{"@type":"WebSite","@id":"https:\/\/esportems.com.br\/site\/#website","url":"https:\/\/esportems.com.br\/site\/","name":"EsporteMS","description":"O melhor conte\u00fado de esporte de MS","publisher":{"@id":"https:\/\/esportems.com.br\/site\/#organization"},"potentialAction":[{"@type":"SearchAction","target":{"@type":"EntryPoint","urlTemplate":"https:\/\/esportems.com.br\/site\/?s={search_term_string}"},"query-input":{"@type":"PropertyValueSpecification","valueRequired":true,"valueName":"search_term_string"}}],"inLanguage":"pt-BR"},{"@type":"Organization","@id":"https:\/\/esportems.com.br\/site\/#organization","name":"EsporteMS","url":"https:\/\/esportems.com.br\/site\/","logo":{"@type":"ImageObject","inLanguage":"pt-BR","@id":"https:\/\/esportems.com.br\/site\/#\/schema\/logo\/image\/","url":"https:\/\/esportems.com.br\/site\/wp-content\/uploads\/2022\/12\/logo_esportems_250px.png","contentUrl":"https:\/\/esportems.com.br\/site\/wp-content\/uploads\/2022\/12\/logo_esportems_250px.png","width":250,"height":250,"caption":"EsporteMS"},"image":{"@id":"https:\/\/esportems.com.br\/site\/#\/schema\/logo\/image\/"},"sameAs":["https:\/\/www.facebook.com\/profile.php?id=100050621362784","https:\/\/x.com\/RadioEsporteMS","https:\/\/www.instagram.com\/esportems2\/","https:\/\/wa.me\/5567999590868","https:\/\/www.youtube.com\/esportems\/"]},{"@type":"Person","@id":"https:\/\/esportems.com.br\/site\/#\/schema\/person\/f451b65748a8ce82d3ca25707a512dda","name":"Cl\u00e1udio Severo","image":{"@type":"ImageObject","inLanguage":"pt-BR","@id":"https:\/\/secure.gravatar.com\/avatar\/94bcbd47e500b15b38519f79158a57abc1fa84f37255ad4b4be197699e1ff784?s=96&d=mm&r=g","url":"https:\/\/secure.gravatar.com\/avatar\/94bcbd47e500b15b38519f79158a57abc1fa84f37255ad4b4be197699e1ff784?s=96&d=mm&r=g","contentUrl":"https:\/\/secure.gravatar.com\/avatar\/94bcbd47e500b15b38519f79158a57abc1fa84f37255ad4b4be197699e1ff784?s=96&d=mm&r=g","caption":"Cl\u00e1udio Severo"},"url":"https:\/\/esportems.com.br\/site\/author\/severo\/"}]}},"amp_enabled":true,"_links":{"self":[{"href":"https:\/\/esportems.com.br\/site\/wp-json\/wp\/v2\/posts\/54340","targetHints":{"allow":["GET"]}}],"collection":[{"href":"https:\/\/esportems.com.br\/site\/wp-json\/wp\/v2\/posts"}],"about":[{"href":"https:\/\/esportems.com.br\/site\/wp-json\/wp\/v2\/types\/post"}],"author":[{"embeddable":true,"href":"https:\/\/esportems.com.br\/site\/wp-json\/wp\/v2\/users\/3"}],"replies":[{"embeddable":true,"href":"https:\/\/esportems.com.br\/site\/wp-json\/wp\/v2\/comments?post=54340"}],"version-history":[{"count":1,"href":"https:\/\/esportems.com.br\/site\/wp-json\/wp\/v2\/posts\/54340\/revisions"}],"predecessor-version":[{"id":54342,"href":"https:\/\/esportems.com.br\/site\/wp-json\/wp\/v2\/posts\/54340\/revisions\/54342"}],"wp:featuredmedia":[{"embeddable":true,"href":"https:\/\/esportems.com.br\/site\/wp-json\/wp\/v2\/media\/54341"}],"wp:attachment":[{"href":"https:\/\/esportems.com.br\/site\/wp-json\/wp\/v2\/media?parent=54340"}],"wp:term":[{"taxonomy":"category","embeddable":true,"href":"https:\/\/esportems.com.br\/site\/wp-json\/wp\/v2\/categories?post=54340"},{"taxonomy":"post_tag","embeddable":true,"href":"https:\/\/esportems.com.br\/site\/wp-json\/wp\/v2\/tags?post=54340"}],"curies":[{"name":"wp","href":"https:\/\/api.w.org\/{rel}","templated":true}]}}