{"id":54349,"date":"2026-04-29T15:07:37","date_gmt":"2026-04-29T19:07:37","guid":{"rendered":"https:\/\/esportems.com.br\/site\/?p=54349"},"modified":"2026-04-29T15:07:37","modified_gmt":"2026-04-29T19:07:37","slug":"camara-homenageia-atletas-e-equipe-que-participaram-dos-jubs-2026","status":"publish","type":"post","link":"https:\/\/esportems.com.br\/site\/camara-homenageia-atletas-e-equipe-que-participaram-dos-jubs-2026\/","title":{"rendered":"C\u00e2mara homenageia atletas e equipe que participaram dos JUBs 2026"},"content":{"rendered":"<p>O presidente da C\u00e2mara Municipal de Campo Grande, vereador Epaminondas Vicente Neto, o Papy, e o vereador Professor Juari (PSDB) homenagearam nesta quarta-feira (29), com uma <span style=\"color: #ff0000;\"><strong>Mo\u00e7\u00e3o de Congratula\u00e7\u00e3o<\/strong><\/span> os 34 atletas e os oficiais que participaram dos Jogos Universit\u00e1rios Brasileiros (JUBS 2026), realizados na cidade de S\u00e3o Paulo (SP), em abril. A cerim\u00f4nia faz parte de um dos maiores eventos do esporte universit\u00e1rio do Pa\u00eds, reunindo estudantes-atletas de diversas institui\u00e7\u00f5es e promovendo a integra\u00e7\u00e3o, o respeito e a excel\u00eancia esportiva.<\/p>\n<p>&#8220;Eu sou um apoiador das atl\u00e9ticas. Em 2016 a gente come\u00e7ou o movimento das atl\u00e9ticas, no meu primeiro mandato. Dez anos atr\u00e1s ainda tinha uma s\u00e9rie de preconceitos a respeito do movimento das atl\u00e9ticas. \u00c9 uma mo\u00e7\u00e3o singela, mas todos os campeonatos a gente faz quest\u00e3o de entregar e para dizer: n\u00f3s estamos juntos, n\u00f3s estamos apoiando e o que voc\u00eas fazem, faz sentido para a gente aqui na pol\u00edtica tamb\u00e9m&#8221;, afirmou Papy.<\/p>\n<p>Para Papy, esta importante competi\u00e7\u00e3o nacional representa n\u00e3o apenas o talento esportivo, mas tamb\u00e9m o comprometimento, a disciplina e o esp\u00edrito de equipe dos envolvidos. &#8220;Os atletas e oficiais homenageados honraram o Munic\u00edpio e o Estado com sua dedica\u00e7\u00e3o, esfor\u00e7o e representatividade, levando consigo valores fundamentais como perseveran\u00e7a, \u00e9tica e supera\u00e7\u00e3o, que inspiram toda a comunidade&#8221;.<\/p>\n<p>O vereador Professor Juari ressaltou aos jovens sua contribui\u00e7\u00e3o com a juventude e o esporte. &#8220;Aqui hoje, eu vejo o rosto de voc\u00eas, a alegria de estar aqui nessa manh\u00e3, compartilhando com o professor Ronaldo, com o Camargo, com o Papy, com a secret\u00e1ria Maithe, com todos n\u00f3s essa vit\u00f3ria&#8221;, destacou Professor Juari.<\/p>\n<p><span style=\"color: #ff0000;\"><strong>Confira a lista dos homenageados:<\/strong><\/span><\/p>\n<p>1 &#8211; Ana Laura Hipolito Neves (Basquete Feminino)<br \/>\n2 &#8211; Beatriz Fontes Santos Xavier (Basquete Feminino)<br \/>\n3 &#8211; Daniella Millena Maciel Dias (Basquete Feminino)<br \/>\n4 &#8211; Geovanna Malaquias Cabral (Basquete Feminino)<br \/>\n5 &#8211; Heloisa Barbosa de Oliveira (Basquete Feminino)<br \/>\n6 &#8211; Lariane Garnes Vilanova (Basquete Feminino)<br \/>\n7 &#8211; Nathalia Pereira Guasso (Basquete Feminino)<br \/>\n8 &#8211; Julia Nakata Dagostin (Xadrex Feminino)<br \/>\n9 &#8211; Beatriz Abreu Gon\u00e7alves (Beatch Tenis Feminino)<br \/>\n10 &#8211; Nilvana Alves Marassi (Beatch Tenis Feminino)<br \/>\n11 &#8211; Maria Eduarda da Silva Chimenes (Jud\u00f4)<br \/>\n12 &#8211; Nathalia Villalba Pires (Jud\u00f4)<br \/>\n13 &#8211; Felipe Carminati Sotolani (Jud\u00f4)<br \/>\n14 &#8211; Ryan Lucas de Oliveira Gon\u00e7alves (Jud\u00f4)<br \/>\n15 &#8211; Lemuel Yule da Silva (Atletismo)<br \/>\n16 &#8211; Julia Souza Gameiro Rondon de Barros (Atletismo)<br \/>\n17- Ana Beatriz da Silva (Nata\u00e7\u00e3o)<br \/>\n18 &#8211; Caique Morelo Passoni &nbsp;(Nata\u00e7\u00e3o)<br \/>\n19 &#8211; Adriano Marcos Biacio Filho (Nata\u00e7\u00e3o)<br \/>\n20 &#8211; Maria Eduarda Marcondes Biacio (Nata\u00e7\u00e3o)<br \/>\n21 &#8211; Luiza Montagner Friedrich (Nata\u00e7\u00e3o)<br \/>\n22 &#8211; Pedro Henrique Mendes Rodrigues (Nata\u00e7\u00e3o)<br \/>\n23 &#8211; Amanda Negreli Moyano de P\u00e1dua (Nata\u00e7\u00e3o)<br \/>\n24 &#8211; Jo\u00e3o Pedro da Costa Vieira (Nata\u00e7\u00e3o)<br \/>\n25 &#8211; Eduardo Santiago Benites (Nata\u00e7\u00e3o)<br \/>\n26 &#8211; Angelo Antonio Correia de Souza (Nata\u00e7\u00e3o)<br \/>\n27 &#8211; Eloisa Cassol Fracasso \u2013 Oficial da AAAMUNT<br \/>\n28 &#8211; Erlon Marquez Galindo &#8211; Oficial da AAAENG UFMS<br \/>\n29 &#8211; Gabriel do Nascimento Pires &#8211; Oficial da AAAEF UFMS<br \/>\n30 &#8211; Jo\u00e3o Daniel Almeida Quintana &#8211; Oficial da AAAFU<br \/>\n31 &#8211; Karen Cardoso Rodrigues &#8211; OFficial da AAAEFUC<br \/>\n32 &#8211; Karolina Tiemi Tetsuya Santos &#8211; Psic\u00f3loga da FUEMS<br \/>\n33 &#8211; Luiz Fernando Liborio Da Silva &#8211; Oficial da &nbsp;FUEMS<br \/>\n34 &#8211; Maria Eloisa de Paulo &#8211; Oficial da FUEMS<br \/>\n35 &#8211; Maria Vitoria Ballensoela Ramos &nbsp;\u2013 Oficial da &nbsp;HYDRAAA<br \/>\n36 &#8211; Raphael Rodrigues da Silva Sousa &#8211; Oficial da AAAMURV<br \/>\n37 &#8211; Raphael Rossettini Bagnoli Costa &#8211; Oficial da AAAEF UCDB<br \/>\n38 &#8211; Renata Dayane Tomie Nakasato &#8211; Oficial da FUEMS<br \/>\n39 &#8211; Talles Guilherme Cavalcante Morinigo &#8211; Oficial da AAAD UCDB<br \/>\n40 &#8211; Victor Augusto Gon\u00e7alves Dos Santos &#8211; Oficial da AAACEX<br \/>\n41 &#8211; Julia Pereira Da Silva Ramires &#8211; Social Media da FUEMS<br \/>\n42 &#8211; Vinicius Cardoso Garcia &#8211; Oficial da AAACOMP UFMS<br \/>\n43 &#8211; Diego Silva Benites &#8211; Fisioterapeuta da FUEMS<br \/>\n44 &#8211; Sr. Ibrahim Nicola Trajado Budib &#8211; T\u00e9cnico da HYDRAAA<br \/>\n45 &#8211; Sr. Ronaldo Pockel Monteiro &#8211; Presidente da FUEMS<\/p>\n","protected":false},"excerpt":{"rendered":"<p>O presidente da C\u00e2mara Municipal de Campo Grande, vereador Epaminondas Vicente Neto, o Papy, e o vereador Professor Juari (PSDB) homenagearam nesta quarta-feira (29), com uma Mo\u00e7\u00e3o de Congratula\u00e7\u00e3o os 34 atletas e os oficiais que participaram dos Jogos Universit\u00e1rios Brasileiros (JUBS 2026), realizados na cidade de S\u00e3o Paulo (SP), em abril. A cerim\u00f4nia faz [&hellip;]<\/p>\n","protected":false},"author":3,"featured_media":54350,"comment_status":"open","ping_status":"open","sticky":false,"template":"","format":"standard","meta":{"ngg_post_thumbnail":0,"tdm_status":"","tdm_grid_status":"","footnotes":""},"categories":[331,2],"tags":[],"class_list":{"0":"post-54349","1":"post","2":"type-post","3":"status-publish","4":"format-standard","5":"has-post-thumbnail","7":"category-destaques-do-ms","8":"category-featured"},"yoast_head":"<!-- This site is optimized with the Yoast SEO plugin v27.5 - https:\/\/yoast.com\/product\/yoast-seo-wordpress\/ -->\n<title>C\u00e2mara homenageia atletas e equipe que participaram dos JUBs 2026 - EsporteMS<\/title>\n<meta name=\"robots\" content=\"index, follow, max-snippet:-1, max-image-preview:large, max-video-preview:-1\" \/>\n<link rel=\"canonical\" href=\"https:\/\/esportems.com.br\/site\/camara-homenageia-atletas-e-equipe-que-participaram-dos-jubs-2026\/\" \/>\n<meta property=\"og:locale\" content=\"pt_BR\" \/>\n<meta property=\"og:type\" content=\"article\" \/>\n<meta property=\"og:title\" content=\"C\u00e2mara homenageia atletas e equipe que participaram dos JUBs 2026 - EsporteMS\" \/>\n<meta property=\"og:description\" content=\"O presidente da C\u00e2mara Municipal de Campo Grande, vereador Epaminondas Vicente Neto, o Papy, e o vereador Professor Juari (PSDB) homenagearam nesta quarta-feira (29), com uma Mo\u00e7\u00e3o de Congratula\u00e7\u00e3o os 34 atletas e os oficiais que participaram dos Jogos Universit\u00e1rios Brasileiros (JUBS 2026), realizados na cidade de S\u00e3o Paulo (SP), em abril. A cerim\u00f4nia faz [&hellip;]\" \/>\n<meta property=\"og:url\" content=\"https:\/\/esportems.com.br\/site\/camara-homenageia-atletas-e-equipe-que-participaram-dos-jubs-2026\/\" \/>\n<meta property=\"og:site_name\" content=\"EsporteMS\" \/>\n<meta property=\"article:publisher\" content=\"https:\/\/www.facebook.com\/profile.php?id=100050621362784\" \/>\n<meta property=\"article:published_time\" content=\"2026-04-29T19:07:37+00:00\" \/>\n<meta property=\"og:image\" content=\"https:\/\/esportems.com.br\/site\/wp-content\/uploads\/2026\/04\/1-jubs.png\" \/>\n\t<meta property=\"og:image:width\" content=\"949\" \/>\n\t<meta property=\"og:image:height\" content=\"561\" \/>\n\t<meta property=\"og:image:type\" content=\"image\/png\" \/>\n<meta name=\"author\" content=\"Cl\u00e1udio Severo\" \/>\n<meta name=\"twitter:card\" content=\"summary_large_image\" \/>\n<meta name=\"twitter:creator\" content=\"@RadioEsporteMS\" \/>\n<meta name=\"twitter:site\" content=\"@RadioEsporteMS\" \/>\n<meta name=\"twitter:label1\" content=\"Escrito por\" \/>\n\t<meta name=\"twitter:data1\" content=\"Cl\u00e1udio Severo\" \/>\n\t<meta name=\"twitter:label2\" content=\"Est. tempo de leitura\" \/>\n\t<meta name=\"twitter:data2\" content=\"4 minutos\" \/>\n<script type=\"application\/ld+json\" class=\"yoast-schema-graph\">{\"@context\":\"https:\\\/\\\/schema.org\",\"@graph\":[{\"@type\":\"Article\",\"@id\":\"https:\\\/\\\/esportems.com.br\\\/site\\\/camara-homenageia-atletas-e-equipe-que-participaram-dos-jubs-2026\\\/#article\",\"isPartOf\":{\"@id\":\"https:\\\/\\\/esportems.com.br\\\/site\\\/camara-homenageia-atletas-e-equipe-que-participaram-dos-jubs-2026\\\/\"},\"author\":{\"name\":\"Cl\u00e1udio Severo\",\"@id\":\"https:\\\/\\\/esportems.com.br\\\/site\\\/#\\\/schema\\\/person\\\/f451b65748a8ce82d3ca25707a512dda\"},\"headline\":\"C\u00e2mara homenageia atletas e equipe que participaram dos JUBs 2026\",\"datePublished\":\"2026-04-29T19:07:37+00:00\",\"mainEntityOfPage\":{\"@id\":\"https:\\\/\\\/esportems.com.br\\\/site\\\/camara-homenageia-atletas-e-equipe-que-participaram-dos-jubs-2026\\\/\"},\"wordCount\":672,\"commentCount\":0,\"publisher\":{\"@id\":\"https:\\\/\\\/esportems.com.br\\\/site\\\/#organization\"},\"image\":{\"@id\":\"https:\\\/\\\/esportems.com.br\\\/site\\\/camara-homenageia-atletas-e-equipe-que-participaram-dos-jubs-2026\\\/#primaryimage\"},\"thumbnailUrl\":\"https:\\\/\\\/esportems.com.br\\\/site\\\/wp-content\\\/uploads\\\/2026\\\/04\\\/1-jubs.png\",\"articleSection\":[\"DESTAQUES DO MS\",\"Featured\"],\"inLanguage\":\"pt-BR\",\"potentialAction\":[{\"@type\":\"CommentAction\",\"name\":\"Comment\",\"target\":[\"https:\\\/\\\/esportems.com.br\\\/site\\\/camara-homenageia-atletas-e-equipe-que-participaram-dos-jubs-2026\\\/#respond\"]}]},{\"@type\":\"WebPage\",\"@id\":\"https:\\\/\\\/esportems.com.br\\\/site\\\/camara-homenageia-atletas-e-equipe-que-participaram-dos-jubs-2026\\\/\",\"url\":\"https:\\\/\\\/esportems.com.br\\\/site\\\/camara-homenageia-atletas-e-equipe-que-participaram-dos-jubs-2026\\\/\",\"name\":\"C\u00e2mara homenageia atletas e equipe que participaram dos JUBs 2026 - EsporteMS\",\"isPartOf\":{\"@id\":\"https:\\\/\\\/esportems.com.br\\\/site\\\/#website\"},\"primaryImageOfPage\":{\"@id\":\"https:\\\/\\\/esportems.com.br\\\/site\\\/camara-homenageia-atletas-e-equipe-que-participaram-dos-jubs-2026\\\/#primaryimage\"},\"image\":{\"@id\":\"https:\\\/\\\/esportems.com.br\\\/site\\\/camara-homenageia-atletas-e-equipe-que-participaram-dos-jubs-2026\\\/#primaryimage\"},\"thumbnailUrl\":\"https:\\\/\\\/esportems.com.br\\\/site\\\/wp-content\\\/uploads\\\/2026\\\/04\\\/1-jubs.png\",\"datePublished\":\"2026-04-29T19:07:37+00:00\",\"breadcrumb\":{\"@id\":\"https:\\\/\\\/esportems.com.br\\\/site\\\/camara-homenageia-atletas-e-equipe-que-participaram-dos-jubs-2026\\\/#breadcrumb\"},\"inLanguage\":\"pt-BR\",\"potentialAction\":[{\"@type\":\"ReadAction\",\"target\":[\"https:\\\/\\\/esportems.com.br\\\/site\\\/camara-homenageia-atletas-e-equipe-que-participaram-dos-jubs-2026\\\/\"]}]},{\"@type\":\"ImageObject\",\"inLanguage\":\"pt-BR\",\"@id\":\"https:\\\/\\\/esportems.com.br\\\/site\\\/camara-homenageia-atletas-e-equipe-que-participaram-dos-jubs-2026\\\/#primaryimage\",\"url\":\"https:\\\/\\\/esportems.com.br\\\/site\\\/wp-content\\\/uploads\\\/2026\\\/04\\\/1-jubs.png\",\"contentUrl\":\"https:\\\/\\\/esportems.com.br\\\/site\\\/wp-content\\\/uploads\\\/2026\\\/04\\\/1-jubs.png\",\"width\":949,\"height\":561,\"caption\":\"Atletas e dirigentes foram homenageados hoje na Casa de Leis (foto-assessoria)\"},{\"@type\":\"BreadcrumbList\",\"@id\":\"https:\\\/\\\/esportems.com.br\\\/site\\\/camara-homenageia-atletas-e-equipe-que-participaram-dos-jubs-2026\\\/#breadcrumb\",\"itemListElement\":[{\"@type\":\"ListItem\",\"position\":1,\"name\":\"In\u00edcio\",\"item\":\"https:\\\/\\\/esportems.com.br\\\/site\\\/\"},{\"@type\":\"ListItem\",\"position\":2,\"name\":\"C\u00e2mara homenageia atletas e equipe que participaram dos JUBs 2026\"}]},{\"@type\":\"WebSite\",\"@id\":\"https:\\\/\\\/esportems.com.br\\\/site\\\/#website\",\"url\":\"https:\\\/\\\/esportems.com.br\\\/site\\\/\",\"name\":\"EsporteMS\",\"description\":\"O melhor conte\u00fado de esporte de MS\",\"publisher\":{\"@id\":\"https:\\\/\\\/esportems.com.br\\\/site\\\/#organization\"},\"potentialAction\":[{\"@type\":\"SearchAction\",\"target\":{\"@type\":\"EntryPoint\",\"urlTemplate\":\"https:\\\/\\\/esportems.com.br\\\/site\\\/?s={search_term_string}\"},\"query-input\":{\"@type\":\"PropertyValueSpecification\",\"valueRequired\":true,\"valueName\":\"search_term_string\"}}],\"inLanguage\":\"pt-BR\"},{\"@type\":\"Organization\",\"@id\":\"https:\\\/\\\/esportems.com.br\\\/site\\\/#organization\",\"name\":\"EsporteMS\",\"url\":\"https:\\\/\\\/esportems.com.br\\\/site\\\/\",\"logo\":{\"@type\":\"ImageObject\",\"inLanguage\":\"pt-BR\",\"@id\":\"https:\\\/\\\/esportems.com.br\\\/site\\\/#\\\/schema\\\/logo\\\/image\\\/\",\"url\":\"https:\\\/\\\/esportems.com.br\\\/site\\\/wp-content\\\/uploads\\\/2022\\\/12\\\/logo_esportems_250px.png\",\"contentUrl\":\"https:\\\/\\\/esportems.com.br\\\/site\\\/wp-content\\\/uploads\\\/2022\\\/12\\\/logo_esportems_250px.png\",\"width\":250,\"height\":250,\"caption\":\"EsporteMS\"},\"image\":{\"@id\":\"https:\\\/\\\/esportems.com.br\\\/site\\\/#\\\/schema\\\/logo\\\/image\\\/\"},\"sameAs\":[\"https:\\\/\\\/www.facebook.com\\\/profile.php?id=100050621362784\",\"https:\\\/\\\/x.com\\\/RadioEsporteMS\",\"https:\\\/\\\/www.instagram.com\\\/esportems2\\\/\",\"https:\\\/\\\/wa.me\\\/5567999590868\",\"https:\\\/\\\/www.youtube.com\\\/esportems\\\/\"]},{\"@type\":\"Person\",\"@id\":\"https:\\\/\\\/esportems.com.br\\\/site\\\/#\\\/schema\\\/person\\\/f451b65748a8ce82d3ca25707a512dda\",\"name\":\"Cl\u00e1udio Severo\",\"image\":{\"@type\":\"ImageObject\",\"inLanguage\":\"pt-BR\",\"@id\":\"https:\\\/\\\/secure.gravatar.com\\\/avatar\\\/94bcbd47e500b15b38519f79158a57abc1fa84f37255ad4b4be197699e1ff784?s=96&d=mm&r=g\",\"url\":\"https:\\\/\\\/secure.gravatar.com\\\/avatar\\\/94bcbd47e500b15b38519f79158a57abc1fa84f37255ad4b4be197699e1ff784?s=96&d=mm&r=g\",\"contentUrl\":\"https:\\\/\\\/secure.gravatar.com\\\/avatar\\\/94bcbd47e500b15b38519f79158a57abc1fa84f37255ad4b4be197699e1ff784?s=96&d=mm&r=g\",\"caption\":\"Cl\u00e1udio Severo\"},\"url\":\"https:\\\/\\\/esportems.com.br\\\/site\\\/author\\\/severo\\\/\"}]}<\/script>\n<!-- \/ Yoast SEO plugin. -->","yoast_head_json":{"title":"C\u00e2mara homenageia atletas e equipe que participaram dos JUBs 2026 - EsporteMS","robots":{"index":"index","follow":"follow","max-snippet":"max-snippet:-1","max-image-preview":"max-image-preview:large","max-video-preview":"max-video-preview:-1"},"canonical":"https:\/\/esportems.com.br\/site\/camara-homenageia-atletas-e-equipe-que-participaram-dos-jubs-2026\/","og_locale":"pt_BR","og_type":"article","og_title":"C\u00e2mara homenageia atletas e equipe que participaram dos JUBs 2026 - EsporteMS","og_description":"O presidente da C\u00e2mara Municipal de Campo Grande, vereador Epaminondas Vicente Neto, o Papy, e o vereador Professor Juari (PSDB) homenagearam nesta quarta-feira (29), com uma Mo\u00e7\u00e3o de Congratula\u00e7\u00e3o os 34 atletas e os oficiais que participaram dos Jogos Universit\u00e1rios Brasileiros (JUBS 2026), realizados na cidade de S\u00e3o Paulo (SP), em abril. A cerim\u00f4nia faz [&hellip;]","og_url":"https:\/\/esportems.com.br\/site\/camara-homenageia-atletas-e-equipe-que-participaram-dos-jubs-2026\/","og_site_name":"EsporteMS","article_publisher":"https:\/\/www.facebook.com\/profile.php?id=100050621362784","article_published_time":"2026-04-29T19:07:37+00:00","og_image":[{"width":949,"height":561,"url":"https:\/\/esportems.com.br\/site\/wp-content\/uploads\/2026\/04\/1-jubs.png","type":"image\/png"}],"author":"Cl\u00e1udio Severo","twitter_card":"summary_large_image","twitter_creator":"@RadioEsporteMS","twitter_site":"@RadioEsporteMS","twitter_misc":{"Escrito por":"Cl\u00e1udio Severo","Est. tempo de leitura":"4 minutos"},"schema":{"@context":"https:\/\/schema.org","@graph":[{"@type":"Article","@id":"https:\/\/esportems.com.br\/site\/camara-homenageia-atletas-e-equipe-que-participaram-dos-jubs-2026\/#article","isPartOf":{"@id":"https:\/\/esportems.com.br\/site\/camara-homenageia-atletas-e-equipe-que-participaram-dos-jubs-2026\/"},"author":{"name":"Cl\u00e1udio Severo","@id":"https:\/\/esportems.com.br\/site\/#\/schema\/person\/f451b65748a8ce82d3ca25707a512dda"},"headline":"C\u00e2mara homenageia atletas e equipe que participaram dos JUBs 2026","datePublished":"2026-04-29T19:07:37+00:00","mainEntityOfPage":{"@id":"https:\/\/esportems.com.br\/site\/camara-homenageia-atletas-e-equipe-que-participaram-dos-jubs-2026\/"},"wordCount":672,"commentCount":0,"publisher":{"@id":"https:\/\/esportems.com.br\/site\/#organization"},"image":{"@id":"https:\/\/esportems.com.br\/site\/camara-homenageia-atletas-e-equipe-que-participaram-dos-jubs-2026\/#primaryimage"},"thumbnailUrl":"https:\/\/esportems.com.br\/site\/wp-content\/uploads\/2026\/04\/1-jubs.png","articleSection":["DESTAQUES DO MS","Featured"],"inLanguage":"pt-BR","potentialAction":[{"@type":"CommentAction","name":"Comment","target":["https:\/\/esportems.com.br\/site\/camara-homenageia-atletas-e-equipe-que-participaram-dos-jubs-2026\/#respond"]}]},{"@type":"WebPage","@id":"https:\/\/esportems.com.br\/site\/camara-homenageia-atletas-e-equipe-que-participaram-dos-jubs-2026\/","url":"https:\/\/esportems.com.br\/site\/camara-homenageia-atletas-e-equipe-que-participaram-dos-jubs-2026\/","name":"C\u00e2mara homenageia atletas e equipe que participaram dos JUBs 2026 - EsporteMS","isPartOf":{"@id":"https:\/\/esportems.com.br\/site\/#website"},"primaryImageOfPage":{"@id":"https:\/\/esportems.com.br\/site\/camara-homenageia-atletas-e-equipe-que-participaram-dos-jubs-2026\/#primaryimage"},"image":{"@id":"https:\/\/esportems.com.br\/site\/camara-homenageia-atletas-e-equipe-que-participaram-dos-jubs-2026\/#primaryimage"},"thumbnailUrl":"https:\/\/esportems.com.br\/site\/wp-content\/uploads\/2026\/04\/1-jubs.png","datePublished":"2026-04-29T19:07:37+00:00","breadcrumb":{"@id":"https:\/\/esportems.com.br\/site\/camara-homenageia-atletas-e-equipe-que-participaram-dos-jubs-2026\/#breadcrumb"},"inLanguage":"pt-BR","potentialAction":[{"@type":"ReadAction","target":["https:\/\/esportems.com.br\/site\/camara-homenageia-atletas-e-equipe-que-participaram-dos-jubs-2026\/"]}]},{"@type":"ImageObject","inLanguage":"pt-BR","@id":"https:\/\/esportems.com.br\/site\/camara-homenageia-atletas-e-equipe-que-participaram-dos-jubs-2026\/#primaryimage","url":"https:\/\/esportems.com.br\/site\/wp-content\/uploads\/2026\/04\/1-jubs.png","contentUrl":"https:\/\/esportems.com.br\/site\/wp-content\/uploads\/2026\/04\/1-jubs.png","width":949,"height":561,"caption":"Atletas e dirigentes foram homenageados hoje na Casa de Leis (foto-assessoria)"},{"@type":"BreadcrumbList","@id":"https:\/\/esportems.com.br\/site\/camara-homenageia-atletas-e-equipe-que-participaram-dos-jubs-2026\/#breadcrumb","itemListElement":[{"@type":"ListItem","position":1,"name":"In\u00edcio","item":"https:\/\/esportems.com.br\/site\/"},{"@type":"ListItem","position":2,"name":"C\u00e2mara homenageia atletas e equipe que participaram dos JUBs 2026"}]},{"@type":"WebSite","@id":"https:\/\/esportems.com.br\/site\/#website","url":"https:\/\/esportems.com.br\/site\/","name":"EsporteMS","description":"O melhor conte\u00fado de esporte de MS","publisher":{"@id":"https:\/\/esportems.com.br\/site\/#organization"},"potentialAction":[{"@type":"SearchAction","target":{"@type":"EntryPoint","urlTemplate":"https:\/\/esportems.com.br\/site\/?s={search_term_string}"},"query-input":{"@type":"PropertyValueSpecification","valueRequired":true,"valueName":"search_term_string"}}],"inLanguage":"pt-BR"},{"@type":"Organization","@id":"https:\/\/esportems.com.br\/site\/#organization","name":"EsporteMS","url":"https:\/\/esportems.com.br\/site\/","logo":{"@type":"ImageObject","inLanguage":"pt-BR","@id":"https:\/\/esportems.com.br\/site\/#\/schema\/logo\/image\/","url":"https:\/\/esportems.com.br\/site\/wp-content\/uploads\/2022\/12\/logo_esportems_250px.png","contentUrl":"https:\/\/esportems.com.br\/site\/wp-content\/uploads\/2022\/12\/logo_esportems_250px.png","width":250,"height":250,"caption":"EsporteMS"},"image":{"@id":"https:\/\/esportems.com.br\/site\/#\/schema\/logo\/image\/"},"sameAs":["https:\/\/www.facebook.com\/profile.php?id=100050621362784","https:\/\/x.com\/RadioEsporteMS","https:\/\/www.instagram.com\/esportems2\/","https:\/\/wa.me\/5567999590868","https:\/\/www.youtube.com\/esportems\/"]},{"@type":"Person","@id":"https:\/\/esportems.com.br\/site\/#\/schema\/person\/f451b65748a8ce82d3ca25707a512dda","name":"Cl\u00e1udio Severo","image":{"@type":"ImageObject","inLanguage":"pt-BR","@id":"https:\/\/secure.gravatar.com\/avatar\/94bcbd47e500b15b38519f79158a57abc1fa84f37255ad4b4be197699e1ff784?s=96&d=mm&r=g","url":"https:\/\/secure.gravatar.com\/avatar\/94bcbd47e500b15b38519f79158a57abc1fa84f37255ad4b4be197699e1ff784?s=96&d=mm&r=g","contentUrl":"https:\/\/secure.gravatar.com\/avatar\/94bcbd47e500b15b38519f79158a57abc1fa84f37255ad4b4be197699e1ff784?s=96&d=mm&r=g","caption":"Cl\u00e1udio Severo"},"url":"https:\/\/esportems.com.br\/site\/author\/severo\/"}]}},"amp_enabled":true,"_links":{"self":[{"href":"https:\/\/esportems.com.br\/site\/wp-json\/wp\/v2\/posts\/54349","targetHints":{"allow":["GET"]}}],"collection":[{"href":"https:\/\/esportems.com.br\/site\/wp-json\/wp\/v2\/posts"}],"about":[{"href":"https:\/\/esportems.com.br\/site\/wp-json\/wp\/v2\/types\/post"}],"author":[{"embeddable":true,"href":"https:\/\/esportems.com.br\/site\/wp-json\/wp\/v2\/users\/3"}],"replies":[{"embeddable":true,"href":"https:\/\/esportems.com.br\/site\/wp-json\/wp\/v2\/comments?post=54349"}],"version-history":[{"count":1,"href":"https:\/\/esportems.com.br\/site\/wp-json\/wp\/v2\/posts\/54349\/revisions"}],"predecessor-version":[{"id":54351,"href":"https:\/\/esportems.com.br\/site\/wp-json\/wp\/v2\/posts\/54349\/revisions\/54351"}],"wp:featuredmedia":[{"embeddable":true,"href":"https:\/\/esportems.com.br\/site\/wp-json\/wp\/v2\/media\/54350"}],"wp:attachment":[{"href":"https:\/\/esportems.com.br\/site\/wp-json\/wp\/v2\/media?parent=54349"}],"wp:term":[{"taxonomy":"category","embeddable":true,"href":"https:\/\/esportems.com.br\/site\/wp-json\/wp\/v2\/categories?post=54349"},{"taxonomy":"post_tag","embeddable":true,"href":"https:\/\/esportems.com.br\/site\/wp-json\/wp\/v2\/tags?post=54349"}],"curies":[{"name":"wp","href":"https:\/\/api.w.org\/{rel}","templated":true}]}}