{"id":56188,"date":"2026-09-02T07:00:14","date_gmt":"2026-09-02T11:00:14","guid":{"rendered":"https:\/\/esportems.com.br\/site\/?p=56188"},"modified":"2026-08-29T15:39:08","modified_gmt":"2026-08-29T19:39:08","slug":"ponta-pora-abre-nesta-quinta-feira-o-pan-americano-de-xadrez","status":"publish","type":"post","link":"https:\/\/esportems.com.br\/site\/ponta-pora-abre-nesta-quinta-feira-o-pan-americano-de-xadrez\/","title":{"rendered":"Ponta Por\u00e3 abre nesta quinta-feira o Pan-Americano de Xadrez"},"content":{"rendered":"<p class=\"isSelectedEnd\">Os tabuleiros j\u00e1 est\u00e3o preparados para uma verdadeira maratona de xadrez em Ponta Por\u00e3. A partir desta <strong>quinta-feira (3)<\/strong>, a cidade recebe o <span style=\"color: #ff0000;\"><strong>II Campeonato Pan-Americano de Xadrez Escolar e Universit\u00e1rio da CBXE<\/strong><\/span>, evento que segue at\u00e9 o dia 7 de setembro e tem expectativa de reunir <strong>mais de 500 participantes<\/strong>.<\/p>\n<p class=\"isSelectedEnd\">A competi\u00e7\u00e3o acontece no <strong>Majestic Hall Eventos<\/strong>, na Rodovia BR-463, km 107, reunindo estudantes, universit\u00e1rios, professores, t\u00e9cnicos e enxadristas de v\u00e1rias regi\u00f5es do Brasil e de outros pa\u00edses da Am\u00e9rica do Sul.<\/p>\n<p class=\"isSelectedEnd\">Organizado pela <strong>Confedera\u00e7\u00e3o Brasileira de Xadrez Escolar (CBXE)<\/strong>, o campeonato coloca Mato Grosso do Sul no centro das aten\u00e7\u00f5es do xadrez educacional durante cinco dias.<\/p>\n<p class=\"isSelectedEnd\">A programa\u00e7\u00e3o foi pensada para contemplar diferentes p\u00fablicos, desde as categorias de forma\u00e7\u00e3o at\u00e9 as disputas destinadas aos universit\u00e1rios e atletas de maior experi\u00eancia. A proposta da CBXE \u00e9 utilizar o xadrez n\u00e3o apenas como competi\u00e7\u00e3o, mas tamb\u00e9m como instrumento de educa\u00e7\u00e3o, desenvolvimento intelectual e integra\u00e7\u00e3o.<\/p>\n<p class=\"isSelectedEnd\">A entidade nacional destaca entre suas atividades a realiza\u00e7\u00e3o de torneios escolares, capacita\u00e7\u00e3o de professores e a\u00e7\u00f5es de inclus\u00e3o social e digital, al\u00e9m de congressos, simp\u00f3sios e festivais ligados aos esportes da mente.<\/p>\n<p class=\"isSelectedEnd\">A realiza\u00e7\u00e3o em Ponta Por\u00e3 tamb\u00e9m ganha um significado especial pela localiza\u00e7\u00e3o estrat\u00e9gica da cidade, na fronteira com o Paraguai. A presen\u00e7a de delega\u00e7\u00f5es de diferentes regi\u00f5es dever\u00e1 movimentar hot\u00e9is, restaurantes, com\u00e9rcio e outros setores durante o per\u00edodo do campeonato.<\/p>\n<p><img loading=\"lazy\" decoding=\"async\" class=\"aligncenter size-full wp-image-56191\" src=\"https:\/\/esportems.com.br\/site\/wp-content\/uploads\/2026\/08\/1-xadrez.jpg\" alt=\"\" width=\"488\" height=\"409\" srcset=\"https:\/\/esportems.com.br\/site\/wp-content\/uploads\/2026\/08\/1-xadrez.jpg 488w, https:\/\/esportems.com.br\/site\/wp-content\/uploads\/2026\/08\/1-xadrez-300x251.jpg 300w\" sizes=\"auto, (max-width: 488px) 100vw, 488px\" \/>Para a <strong>FESMAX<\/strong>, a competi\u00e7\u00e3o representa mais um momento importante para o crescimento da modalidade em Mato Grosso do Sul. A Federa\u00e7\u00e3o vem ampliando o calend\u00e1rio estadual, com eventos em Ponta Por\u00e3, Campo Grande, Dourados e Corumb\u00e1.<\/p>\n<p class=\"isSelectedEnd\">A expectativa agora \u00e9 para a movimenta\u00e7\u00e3o das delega\u00e7\u00f5es e para o in\u00edcio das partidas. Com centenas de participantes, o Pan-Americano promete transformar Ponta Por\u00e3 em um grande palco para jovens talentos, universit\u00e1rios e amantes do xadrez.<\/p>\n<p class=\"isSelectedEnd\">Durante cinco dias, a concentra\u00e7\u00e3o estar\u00e1 nos tabuleiros, mas o objetivo vai muito al\u00e9m do resultado de cada partida: promover o esporte, estimular o conhecimento e aproximar atletas de diferentes regi\u00f5es e pa\u00edses.<\/p>\n<p class=\"isSelectedEnd\"><strong>SERVI\u00c7O<\/strong><\/p>\n<p><strong>II Campeonato Pan-Americano de Xadrez Escolar e Universit\u00e1rio da CBXE<\/strong><br \/>\n<strong>Quando:<\/strong> 3 a 7 de setembro<br \/>\n<strong>Onde:<\/strong> Majestic Hall Eventos \u2013 Rodovia BR-463, km 107 \u2013 Ponta Por\u00e3<br \/>\n<strong>Expectativa:<\/strong> mais de 500 participantes<br \/>\n<strong>Realiza\u00e7\u00e3o:<\/strong> Confedera\u00e7\u00e3o Brasileira de Xadrez Escolar (CBXE)<\/p>\n","protected":false},"excerpt":{"rendered":"<p>Os tabuleiros j\u00e1 est\u00e3o preparados para uma verdadeira maratona de xadrez em Ponta Por\u00e3. A partir desta quinta-feira (3), a cidade recebe o II Campeonato Pan-Americano de Xadrez Escolar e Universit\u00e1rio da CBXE, evento que segue at\u00e9 o dia 7 de setembro e tem expectativa de reunir mais de 500 participantes. A competi\u00e7\u00e3o acontece no [&hellip;]<\/p>\n","protected":false},"author":3,"featured_media":50098,"comment_status":"open","ping_status":"open","sticky":false,"template":"","format":"standard","meta":{"ngg_post_thumbnail":0,"tdm_status":"","tdm_grid_status":"","footnotes":""},"categories":[2,502],"tags":[],"class_list":["post-56188","post","type-post","status-publish","format-standard","has-post-thumbnail","category-featured","category-xadrez"],"yoast_head":"<!-- This site is optimized with the Yoast SEO plugin v28.4 - https:\/\/yoast.com\/product\/yoast-seo-wordpress\/ -->\n<title>Ponta Por\u00e3 abre nesta quinta-feira o Pan-Americano de Xadrez - EsporteMS<\/title>\n<meta name=\"robots\" content=\"index, follow, max-snippet:-1, max-image-preview:large, max-video-preview:-1\" \/>\n<link rel=\"canonical\" href=\"https:\/\/esportems.com.br\/site\/ponta-pora-abre-nesta-quinta-feira-o-pan-americano-de-xadrez\/\" \/>\n<meta property=\"og:locale\" content=\"pt_BR\" \/>\n<meta property=\"og:type\" content=\"article\" \/>\n<meta property=\"og:title\" content=\"Ponta Por\u00e3 abre nesta quinta-feira o Pan-Americano de Xadrez - EsporteMS\" \/>\n<meta property=\"og:description\" content=\"Os tabuleiros j\u00e1 est\u00e3o preparados para uma verdadeira maratona de xadrez em Ponta Por\u00e3. A partir desta quinta-feira (3), a cidade recebe o II Campeonato Pan-Americano de Xadrez Escolar e Universit\u00e1rio da CBXE, evento que segue at\u00e9 o dia 7 de setembro e tem expectativa de reunir mais de 500 participantes. A competi\u00e7\u00e3o acontece no [&hellip;]\" \/>\n<meta property=\"og:url\" content=\"https:\/\/esportems.com.br\/site\/ponta-pora-abre-nesta-quinta-feira-o-pan-americano-de-xadrez\/\" \/>\n<meta property=\"og:site_name\" content=\"EsporteMS\" \/>\n<meta property=\"article:publisher\" content=\"https:\/\/www.facebook.com\/profile.php?id=100050621362784\" \/>\n<meta property=\"article:published_time\" content=\"2026-09-02T11:00:14+00:00\" \/>\n<meta property=\"og:image\" content=\"https:\/\/esportems.com.br\/site\/wp-content\/uploads\/2025\/08\/1-xadrez1.png\" \/>\n\t<meta property=\"og:image:width\" content=\"911\" \/>\n\t<meta property=\"og:image:height\" content=\"569\" \/>\n\t<meta property=\"og:image:type\" content=\"image\/png\" \/>\n<meta name=\"author\" content=\"Cl\u00e1udio Severo\" \/>\n<meta name=\"twitter:card\" content=\"summary_large_image\" \/>\n<meta name=\"twitter:creator\" content=\"@RadioEsporteMS\" \/>\n<meta name=\"twitter:site\" content=\"@RadioEsporteMS\" \/>\n<meta name=\"twitter:label1\" content=\"Escrito por\" \/>\n\t<meta name=\"twitter:data1\" content=\"Cl\u00e1udio Severo\" \/>\n\t<meta name=\"twitter:label2\" content=\"Est. tempo de leitura\" \/>\n\t<meta name=\"twitter:data2\" content=\"3 minutos\" \/>\n<script type=\"application\/ld+json\" class=\"yoast-schema-graph\">{\"@context\":\"https:\\\/\\\/schema.org\",\"@graph\":[{\"@type\":\"Article\",\"@id\":\"https:\\\/\\\/esportems.com.br\\\/site\\\/ponta-pora-abre-nesta-quinta-feira-o-pan-americano-de-xadrez\\\/#article\",\"isPartOf\":{\"@id\":\"https:\\\/\\\/esportems.com.br\\\/site\\\/ponta-pora-abre-nesta-quinta-feira-o-pan-americano-de-xadrez\\\/\"},\"author\":{\"name\":\"Cl\u00e1udio Severo\",\"@id\":\"https:\\\/\\\/esportems.com.br\\\/site\\\/#\\\/schema\\\/person\\\/f451b65748a8ce82d3ca25707a512dda\"},\"headline\":\"Ponta Por\u00e3 abre nesta quinta-feira o Pan-Americano de Xadrez\",\"datePublished\":\"2026-09-02T11:00:14+00:00\",\"mainEntityOfPage\":{\"@id\":\"https:\\\/\\\/esportems.com.br\\\/site\\\/ponta-pora-abre-nesta-quinta-feira-o-pan-americano-de-xadrez\\\/\"},\"wordCount\":424,\"commentCount\":0,\"publisher\":{\"@id\":\"https:\\\/\\\/esportems.com.br\\\/site\\\/#organization\"},\"image\":{\"@id\":\"https:\\\/\\\/esportems.com.br\\\/site\\\/ponta-pora-abre-nesta-quinta-feira-o-pan-americano-de-xadrez\\\/#primaryimage\"},\"thumbnailUrl\":\"https:\\\/\\\/esportems.com.br\\\/site\\\/wp-content\\\/uploads\\\/2025\\\/08\\\/1-xadrez1.png\",\"articleSection\":[\"Featured\",\"XADREZ\"],\"inLanguage\":\"pt-BR\",\"potentialAction\":[{\"@type\":\"CommentAction\",\"name\":\"Comment\",\"target\":[\"https:\\\/\\\/esportems.com.br\\\/site\\\/ponta-pora-abre-nesta-quinta-feira-o-pan-americano-de-xadrez\\\/#respond\"]}]},{\"@type\":\"WebPage\",\"@id\":\"https:\\\/\\\/esportems.com.br\\\/site\\\/ponta-pora-abre-nesta-quinta-feira-o-pan-americano-de-xadrez\\\/\",\"url\":\"https:\\\/\\\/esportems.com.br\\\/site\\\/ponta-pora-abre-nesta-quinta-feira-o-pan-americano-de-xadrez\\\/\",\"name\":\"Ponta Por\u00e3 abre nesta quinta-feira o Pan-Americano de Xadrez - EsporteMS\",\"isPartOf\":{\"@id\":\"https:\\\/\\\/esportems.com.br\\\/site\\\/#website\"},\"primaryImageOfPage\":{\"@id\":\"https:\\\/\\\/esportems.com.br\\\/site\\\/ponta-pora-abre-nesta-quinta-feira-o-pan-americano-de-xadrez\\\/#primaryimage\"},\"image\":{\"@id\":\"https:\\\/\\\/esportems.com.br\\\/site\\\/ponta-pora-abre-nesta-quinta-feira-o-pan-americano-de-xadrez\\\/#primaryimage\"},\"thumbnailUrl\":\"https:\\\/\\\/esportems.com.br\\\/site\\\/wp-content\\\/uploads\\\/2025\\\/08\\\/1-xadrez1.png\",\"datePublished\":\"2026-09-02T11:00:14+00:00\",\"breadcrumb\":{\"@id\":\"https:\\\/\\\/esportems.com.br\\\/site\\\/ponta-pora-abre-nesta-quinta-feira-o-pan-americano-de-xadrez\\\/#breadcrumb\"},\"inLanguage\":\"pt-BR\",\"potentialAction\":[{\"@type\":\"ReadAction\",\"target\":[\"https:\\\/\\\/esportems.com.br\\\/site\\\/ponta-pora-abre-nesta-quinta-feira-o-pan-americano-de-xadrez\\\/\"]}]},{\"@type\":\"ImageObject\",\"inLanguage\":\"pt-BR\",\"@id\":\"https:\\\/\\\/esportems.com.br\\\/site\\\/ponta-pora-abre-nesta-quinta-feira-o-pan-americano-de-xadrez\\\/#primaryimage\",\"url\":\"https:\\\/\\\/esportems.com.br\\\/site\\\/wp-content\\\/uploads\\\/2025\\\/08\\\/1-xadrez1.png\",\"contentUrl\":\"https:\\\/\\\/esportems.com.br\\\/site\\\/wp-content\\\/uploads\\\/2025\\\/08\\\/1-xadrez1.png\",\"width\":911,\"height\":569,\"caption\":\"jovens talentos da modalidade devem estar na disputa (foto-acs)\"},{\"@type\":\"BreadcrumbList\",\"@id\":\"https:\\\/\\\/esportems.com.br\\\/site\\\/ponta-pora-abre-nesta-quinta-feira-o-pan-americano-de-xadrez\\\/#breadcrumb\",\"itemListElement\":[{\"@type\":\"ListItem\",\"position\":1,\"name\":\"In\u00edcio\",\"item\":\"https:\\\/\\\/esportems.com.br\\\/site\\\/\"},{\"@type\":\"ListItem\",\"position\":2,\"name\":\"Ponta Por\u00e3 abre nesta quinta-feira o Pan-Americano de Xadrez\"}]},{\"@type\":\"WebSite\",\"@id\":\"https:\\\/\\\/esportems.com.br\\\/site\\\/#website\",\"url\":\"https:\\\/\\\/esportems.com.br\\\/site\\\/\",\"name\":\"EsporteMS\",\"description\":\"O melhor conte\u00fado de esporte de MS\",\"publisher\":{\"@id\":\"https:\\\/\\\/esportems.com.br\\\/site\\\/#organization\"},\"potentialAction\":[{\"@type\":\"SearchAction\",\"target\":{\"@type\":\"EntryPoint\",\"urlTemplate\":\"https:\\\/\\\/esportems.com.br\\\/site\\\/?s={search_term_string}\"},\"query-input\":{\"@type\":\"PropertyValueSpecification\",\"valueRequired\":true,\"valueName\":\"search_term_string\"}}],\"inLanguage\":\"pt-BR\"},{\"@type\":\"Organization\",\"@id\":\"https:\\\/\\\/esportems.com.br\\\/site\\\/#organization\",\"name\":\"EsporteMS\",\"url\":\"https:\\\/\\\/esportems.com.br\\\/site\\\/\",\"logo\":{\"@type\":\"ImageObject\",\"inLanguage\":\"pt-BR\",\"@id\":\"https:\\\/\\\/esportems.com.br\\\/site\\\/#\\\/schema\\\/logo\\\/image\\\/\",\"url\":\"https:\\\/\\\/esportems.com.br\\\/site\\\/wp-content\\\/uploads\\\/2022\\\/12\\\/logo_esportems_250px.png\",\"contentUrl\":\"https:\\\/\\\/esportems.com.br\\\/site\\\/wp-content\\\/uploads\\\/2022\\\/12\\\/logo_esportems_250px.png\",\"width\":250,\"height\":250,\"caption\":\"EsporteMS\"},\"image\":{\"@id\":\"https:\\\/\\\/esportems.com.br\\\/site\\\/#\\\/schema\\\/logo\\\/image\\\/\"},\"sameAs\":[\"https:\\\/\\\/www.facebook.com\\\/profile.php?id=100050621362784\",\"https:\\\/\\\/x.com\\\/RadioEsporteMS\",\"https:\\\/\\\/www.instagram.com\\\/esportems2\\\/\",\"https:\\\/\\\/wa.me\\\/5567999590868\",\"https:\\\/\\\/www.youtube.com\\\/esportems\\\/\"]},{\"@type\":\"Person\",\"@id\":\"https:\\\/\\\/esportems.com.br\\\/site\\\/#\\\/schema\\\/person\\\/f451b65748a8ce82d3ca25707a512dda\",\"name\":\"Cl\u00e1udio Severo\",\"image\":{\"@type\":\"ImageObject\",\"inLanguage\":\"pt-BR\",\"@id\":\"https:\\\/\\\/secure.gravatar.com\\\/avatar\\\/94bcbd47e500b15b38519f79158a57abc1fa84f37255ad4b4be197699e1ff784?s=96&d=mm&r=g\",\"url\":\"https:\\\/\\\/secure.gravatar.com\\\/avatar\\\/94bcbd47e500b15b38519f79158a57abc1fa84f37255ad4b4be197699e1ff784?s=96&d=mm&r=g\",\"contentUrl\":\"https:\\\/\\\/secure.gravatar.com\\\/avatar\\\/94bcbd47e500b15b38519f79158a57abc1fa84f37255ad4b4be197699e1ff784?s=96&d=mm&r=g\",\"caption\":\"Cl\u00e1udio Severo\"},\"url\":\"https:\\\/\\\/esportems.com.br\\\/site\\\/author\\\/severo\\\/\"}]}<\/script>\n<!-- \/ Yoast SEO plugin. -->","yoast_head_json":{"title":"Ponta Por\u00e3 abre nesta quinta-feira o Pan-Americano de Xadrez - EsporteMS","robots":{"index":"index","follow":"follow","max-snippet":"max-snippet:-1","max-image-preview":"max-image-preview:large","max-video-preview":"max-video-preview:-1"},"canonical":"https:\/\/esportems.com.br\/site\/ponta-pora-abre-nesta-quinta-feira-o-pan-americano-de-xadrez\/","og_locale":"pt_BR","og_type":"article","og_title":"Ponta Por\u00e3 abre nesta quinta-feira o Pan-Americano de Xadrez - EsporteMS","og_description":"Os tabuleiros j\u00e1 est\u00e3o preparados para uma verdadeira maratona de xadrez em Ponta Por\u00e3. A partir desta quinta-feira (3), a cidade recebe o II Campeonato Pan-Americano de Xadrez Escolar e Universit\u00e1rio da CBXE, evento que segue at\u00e9 o dia 7 de setembro e tem expectativa de reunir mais de 500 participantes. A competi\u00e7\u00e3o acontece no [&hellip;]","og_url":"https:\/\/esportems.com.br\/site\/ponta-pora-abre-nesta-quinta-feira-o-pan-americano-de-xadrez\/","og_site_name":"EsporteMS","article_publisher":"https:\/\/www.facebook.com\/profile.php?id=100050621362784","article_published_time":"2026-09-02T11:00:14+00:00","og_image":[{"width":911,"height":569,"url":"https:\/\/esportems.com.br\/site\/wp-content\/uploads\/2025\/08\/1-xadrez1.png","type":"image\/png"}],"author":"Cl\u00e1udio Severo","twitter_card":"summary_large_image","twitter_creator":"@RadioEsporteMS","twitter_site":"@RadioEsporteMS","twitter_misc":{"Escrito por":"Cl\u00e1udio Severo","Est. tempo de leitura":"3 minutos"},"schema":{"@context":"https:\/\/schema.org","@graph":[{"@type":"Article","@id":"https:\/\/esportems.com.br\/site\/ponta-pora-abre-nesta-quinta-feira-o-pan-americano-de-xadrez\/#article","isPartOf":{"@id":"https:\/\/esportems.com.br\/site\/ponta-pora-abre-nesta-quinta-feira-o-pan-americano-de-xadrez\/"},"author":{"name":"Cl\u00e1udio Severo","@id":"https:\/\/esportems.com.br\/site\/#\/schema\/person\/f451b65748a8ce82d3ca25707a512dda"},"headline":"Ponta Por\u00e3 abre nesta quinta-feira o Pan-Americano de Xadrez","datePublished":"2026-09-02T11:00:14+00:00","mainEntityOfPage":{"@id":"https:\/\/esportems.com.br\/site\/ponta-pora-abre-nesta-quinta-feira-o-pan-americano-de-xadrez\/"},"wordCount":424,"commentCount":0,"publisher":{"@id":"https:\/\/esportems.com.br\/site\/#organization"},"image":{"@id":"https:\/\/esportems.com.br\/site\/ponta-pora-abre-nesta-quinta-feira-o-pan-americano-de-xadrez\/#primaryimage"},"thumbnailUrl":"https:\/\/esportems.com.br\/site\/wp-content\/uploads\/2025\/08\/1-xadrez1.png","articleSection":["Featured","XADREZ"],"inLanguage":"pt-BR","potentialAction":[{"@type":"CommentAction","name":"Comment","target":["https:\/\/esportems.com.br\/site\/ponta-pora-abre-nesta-quinta-feira-o-pan-americano-de-xadrez\/#respond"]}]},{"@type":"WebPage","@id":"https:\/\/esportems.com.br\/site\/ponta-pora-abre-nesta-quinta-feira-o-pan-americano-de-xadrez\/","url":"https:\/\/esportems.com.br\/site\/ponta-pora-abre-nesta-quinta-feira-o-pan-americano-de-xadrez\/","name":"Ponta Por\u00e3 abre nesta quinta-feira o Pan-Americano de Xadrez - EsporteMS","isPartOf":{"@id":"https:\/\/esportems.com.br\/site\/#website"},"primaryImageOfPage":{"@id":"https:\/\/esportems.com.br\/site\/ponta-pora-abre-nesta-quinta-feira-o-pan-americano-de-xadrez\/#primaryimage"},"image":{"@id":"https:\/\/esportems.com.br\/site\/ponta-pora-abre-nesta-quinta-feira-o-pan-americano-de-xadrez\/#primaryimage"},"thumbnailUrl":"https:\/\/esportems.com.br\/site\/wp-content\/uploads\/2025\/08\/1-xadrez1.png","datePublished":"2026-09-02T11:00:14+00:00","breadcrumb":{"@id":"https:\/\/esportems.com.br\/site\/ponta-pora-abre-nesta-quinta-feira-o-pan-americano-de-xadrez\/#breadcrumb"},"inLanguage":"pt-BR","potentialAction":[{"@type":"ReadAction","target":["https:\/\/esportems.com.br\/site\/ponta-pora-abre-nesta-quinta-feira-o-pan-americano-de-xadrez\/"]}]},{"@type":"ImageObject","inLanguage":"pt-BR","@id":"https:\/\/esportems.com.br\/site\/ponta-pora-abre-nesta-quinta-feira-o-pan-americano-de-xadrez\/#primaryimage","url":"https:\/\/esportems.com.br\/site\/wp-content\/uploads\/2025\/08\/1-xadrez1.png","contentUrl":"https:\/\/esportems.com.br\/site\/wp-content\/uploads\/2025\/08\/1-xadrez1.png","width":911,"height":569,"caption":"jovens talentos da modalidade devem estar na disputa (foto-acs)"},{"@type":"BreadcrumbList","@id":"https:\/\/esportems.com.br\/site\/ponta-pora-abre-nesta-quinta-feira-o-pan-americano-de-xadrez\/#breadcrumb","itemListElement":[{"@type":"ListItem","position":1,"name":"In\u00edcio","item":"https:\/\/esportems.com.br\/site\/"},{"@type":"ListItem","position":2,"name":"Ponta Por\u00e3 abre nesta quinta-feira o Pan-Americano de Xadrez"}]},{"@type":"WebSite","@id":"https:\/\/esportems.com.br\/site\/#website","url":"https:\/\/esportems.com.br\/site\/","name":"EsporteMS","description":"O melhor conte\u00fado de esporte de MS","publisher":{"@id":"https:\/\/esportems.com.br\/site\/#organization"},"potentialAction":[{"@type":"SearchAction","target":{"@type":"EntryPoint","urlTemplate":"https:\/\/esportems.com.br\/site\/?s={search_term_string}"},"query-input":{"@type":"PropertyValueSpecification","valueRequired":true,"valueName":"search_term_string"}}],"inLanguage":"pt-BR"},{"@type":"Organization","@id":"https:\/\/esportems.com.br\/site\/#organization","name":"EsporteMS","url":"https:\/\/esportems.com.br\/site\/","logo":{"@type":"ImageObject","inLanguage":"pt-BR","@id":"https:\/\/esportems.com.br\/site\/#\/schema\/logo\/image\/","url":"https:\/\/esportems.com.br\/site\/wp-content\/uploads\/2022\/12\/logo_esportems_250px.png","contentUrl":"https:\/\/esportems.com.br\/site\/wp-content\/uploads\/2022\/12\/logo_esportems_250px.png","width":250,"height":250,"caption":"EsporteMS"},"image":{"@id":"https:\/\/esportems.com.br\/site\/#\/schema\/logo\/image\/"},"sameAs":["https:\/\/www.facebook.com\/profile.php?id=100050621362784","https:\/\/x.com\/RadioEsporteMS","https:\/\/www.instagram.com\/esportems2\/","https:\/\/wa.me\/5567999590868","https:\/\/www.youtube.com\/esportems\/"]},{"@type":"Person","@id":"https:\/\/esportems.com.br\/site\/#\/schema\/person\/f451b65748a8ce82d3ca25707a512dda","name":"Cl\u00e1udio Severo","image":{"@type":"ImageObject","inLanguage":"pt-BR","@id":"https:\/\/secure.gravatar.com\/avatar\/94bcbd47e500b15b38519f79158a57abc1fa84f37255ad4b4be197699e1ff784?s=96&d=mm&r=g","url":"https:\/\/secure.gravatar.com\/avatar\/94bcbd47e500b15b38519f79158a57abc1fa84f37255ad4b4be197699e1ff784?s=96&d=mm&r=g","contentUrl":"https:\/\/secure.gravatar.com\/avatar\/94bcbd47e500b15b38519f79158a57abc1fa84f37255ad4b4be197699e1ff784?s=96&d=mm&r=g","caption":"Cl\u00e1udio Severo"},"url":"https:\/\/esportems.com.br\/site\/author\/severo\/"}]}},"amp_enabled":true,"_links":{"self":[{"href":"https:\/\/esportems.com.br\/site\/wp-json\/wp\/v2\/posts\/56188","targetHints":{"allow":["GET"]}}],"collection":[{"href":"https:\/\/esportems.com.br\/site\/wp-json\/wp\/v2\/posts"}],"about":[{"href":"https:\/\/esportems.com.br\/site\/wp-json\/wp\/v2\/types\/post"}],"author":[{"embeddable":true,"href":"https:\/\/esportems.com.br\/site\/wp-json\/wp\/v2\/users\/3"}],"replies":[{"embeddable":true,"href":"https:\/\/esportems.com.br\/site\/wp-json\/wp\/v2\/comments?post=56188"}],"version-history":[{"count":4,"href":"https:\/\/esportems.com.br\/site\/wp-json\/wp\/v2\/posts\/56188\/revisions"}],"predecessor-version":[{"id":56193,"href":"https:\/\/esportems.com.br\/site\/wp-json\/wp\/v2\/posts\/56188\/revisions\/56193"}],"wp:featuredmedia":[{"embeddable":true,"href":"https:\/\/esportems.com.br\/site\/wp-json\/wp\/v2\/media\/50098"}],"wp:attachment":[{"href":"https:\/\/esportems.com.br\/site\/wp-json\/wp\/v2\/media?parent=56188"}],"wp:term":[{"taxonomy":"category","embeddable":true,"href":"https:\/\/esportems.com.br\/site\/wp-json\/wp\/v2\/categories?post=56188"},{"taxonomy":"post_tag","embeddable":true,"href":"https:\/\/esportems.com.br\/site\/wp-json\/wp\/v2\/tags?post=56188"}],"curies":[{"name":"wp","href":"https:\/\/api.w.org\/{rel}","templated":true}]}}