{"id":56219,"date":"2026-08-31T21:13:38","date_gmt":"2026-09-01T01:13:38","guid":{"rendered":"https:\/\/esportems.com.br\/site\/?p=56219"},"modified":"2026-08-31T21:13:38","modified_gmt":"2026-09-01T01:13:38","slug":"estao-definidos-os-quatro-semifinalistas-do-estadual-sub-15","status":"publish","type":"post","link":"https:\/\/esportems.com.br\/site\/estao-definidos-os-quatro-semifinalistas-do-estadual-sub-15\/","title":{"rendered":"Est\u00e3o definidos os quatro semifinalistas do Estadual Sub-15"},"content":{"rendered":"<p>Est\u00e3o definidos os quatro semifinalistas do <span style=\"color: #ff0000;\"><strong>Campeonato Sul-Mato-Grossense Sub-15<\/strong><\/span>. Ubiratan, Pantanal, Uni\u00e3o ABC e N\u00e1utico avan\u00e7aram ap\u00f3s uma rodada de quartas de final marcada por equil\u00edbrio, goleada e decis\u00f5es nos p\u00eanaltis.<\/p>\n<p>A partir da pr\u00f3xima fase, a disputa muda de formato. Os confrontos das semifinais ser\u00e3o realizados em jogos de ida e volta, nos pr\u00f3ximos finais de semana, valendo vaga na decis\u00e3o do Estadual.<\/p>\n<p>Os duelos ser\u00e3o Ubiratan x Pantanal e Uni\u00e3o ABC x N\u00e1utico.<\/p>\n<p>No s\u00e1bado (29), o Ubiratan foi o primeiro time a garantir classifica\u00e7\u00e3o. No Est\u00e1dio Dourad\u00e3o, em Dourados, o time enfrentou o CE Naviraiense e conseguiu uma vit\u00f3ria por 1 a 0, mesmo atuando boa parte da partida com um jogador a menos.<\/p>\n<p>Danilo foi expulso ainda no primeiro tempo, mas o Ubiratan soube suportar a press\u00e3o e encontrou o gol da classifica\u00e7\u00e3o aos 32 minutos da etapa final.<\/p>\n<p>Jos\u00e9 Rafael aproveitou uma bola recuperada pelo sistema defensivo do advers\u00e1rio, ap\u00f3s erro na sa\u00edda de jogo, e marcou o gol que garantiu a presen\u00e7a do Ubiratan entre os quatro melhores da competi\u00e7\u00e3o.<\/p>\n<p>Tamb\u00e9m no s\u00e1bado, no Est\u00e1dio Jacques da Luz, em Campo Grande, N\u00e1utico e Atl\u00e9tico MS fizeram um confronto equilibrado.<\/p>\n<p>Atual campe\u00e3o estadual da categoria, o N\u00e1utico abriu o placar aos 24 minutos do primeiro tempo. Pedrinho cobrou p\u00eanalti e colocou o Alviverde em vantagem.<\/p>\n<p>O Atl\u00e9tico MS buscou o empate na segunda etapa e chegou ao 1 a 1 aos seis minutos. Ruan Gabriel aproveitou cobran\u00e7a de escanteio pela direita e, de cabe\u00e7a, deixou tudo igual.<\/p>\n<p>O empate permaneceu at\u00e9 o apito final e levou a decis\u00e3o para os p\u00eanaltis.<\/p>\n<p>Nas cobran\u00e7as, Fernando, Pablo, Victor e Renan marcaram para o N\u00e1utico. Pelo Atl\u00e9tico MS, Eduardo e Felipe converteram, enquanto Nathan teve a cobran\u00e7a defendida pelo goleiro Ant\u00f4nio e Ruan Gabriel mandou para fora.<\/p>\n<p>Com o placar de 4 a 2 nos p\u00eanaltis, o N\u00e1utico confirmou a classifica\u00e7\u00e3o e segue na luta pelo bicampeonato.<\/p>\n<p>No domingo (30), o Uni\u00e3o ABC garantiu sua vaga com autoridade. Jogando no Est\u00e1dio Jacques da Luz, o time da Capital goleou o Instituto Aefa, de Dourados, por 5 a 0.<\/p>\n<p>Jo\u00e3o Pedro foi o destaque do primeiro tempo, marcando aos dois e aos 15 minutos para abrir uma boa vantagem para o Uni\u00e3o ABC.<\/p>\n<p>Na etapa final, Arthur ampliou aos dez minutos. Matheus completou a goleada com dois gols, aos 25 minutos e j\u00e1 nos acr\u00e9scimos.<\/p>\n<p>Com a vit\u00f3ria, o Uni\u00e3o ABC avan\u00e7ou para a semifinal e agora ter\u00e1 pela frente o N\u00e1utico em busca de um lugar na decis\u00e3o.<\/p>\n<p>A \u00faltima vaga nas semifinais foi definida em Aquidauana. No Est\u00e1dio Noroeste, Seduc e Pantanal empataram por 1 a 1 no tempo regulamentar.<\/p>\n<p>O Pantanal saiu na frente aos 33 minutos do primeiro tempo, com Diego. O Seduc reagiu na etapa final e chegou ao empate aos 16 minutos, com Cleilson.<\/p>\n<p>Com a igualdade, a classifica\u00e7\u00e3o foi decidida nos p\u00eanaltis. O Pantanal levou a melhor por 6 a 5 e garantiu a vaga entre os quatro semifinalistas.<\/p>\n","protected":false},"excerpt":{"rendered":"<p>Est\u00e3o definidos os quatro semifinalistas do Campeonato Sul-Mato-Grossense Sub-15. Ubiratan, Pantanal, Uni\u00e3o ABC e N\u00e1utico avan\u00e7aram ap\u00f3s uma rodada de quartas de final marcada por equil\u00edbrio, goleada e decis\u00f5es nos p\u00eanaltis. A partir da pr\u00f3xima fase, a disputa muda de formato. Os confrontos das semifinais ser\u00e3o realizados em jogos de ida e volta, nos pr\u00f3ximos [&hellip;]<\/p>\n","protected":false},"author":3,"featured_media":56220,"comment_status":"open","ping_status":"open","sticky":false,"template":"","format":"standard","meta":{"ngg_post_thumbnail":0,"tdm_status":"","tdm_grid_status":"","footnotes":""},"categories":[165,2],"tags":[],"class_list":["post-56219","post","type-post","status-publish","format-standard","has-post-thumbnail","category-categoria-base","category-featured"],"yoast_head":"<!-- This site is optimized with the Yoast SEO plugin v28.3 - https:\/\/yoast.com\/product\/yoast-seo-wordpress\/ -->\n<title>Est\u00e3o definidos os quatro semifinalistas do Estadual Sub-15 - EsporteMS<\/title>\n<meta name=\"robots\" content=\"index, follow, max-snippet:-1, max-image-preview:large, max-video-preview:-1\" \/>\n<link rel=\"canonical\" href=\"https:\/\/esportems.com.br\/site\/estao-definidos-os-quatro-semifinalistas-do-estadual-sub-15\/\" \/>\n<meta property=\"og:locale\" content=\"pt_BR\" \/>\n<meta property=\"og:type\" content=\"article\" \/>\n<meta property=\"og:title\" content=\"Est\u00e3o definidos os quatro semifinalistas do Estadual Sub-15 - EsporteMS\" \/>\n<meta property=\"og:description\" content=\"Est\u00e3o definidos os quatro semifinalistas do Campeonato Sul-Mato-Grossense Sub-15. Ubiratan, Pantanal, Uni\u00e3o ABC e N\u00e1utico avan\u00e7aram ap\u00f3s uma rodada de quartas de final marcada por equil\u00edbrio, goleada e decis\u00f5es nos p\u00eanaltis. A partir da pr\u00f3xima fase, a disputa muda de formato. Os confrontos das semifinais ser\u00e3o realizados em jogos de ida e volta, nos pr\u00f3ximos [&hellip;]\" \/>\n<meta property=\"og:url\" content=\"https:\/\/esportems.com.br\/site\/estao-definidos-os-quatro-semifinalistas-do-estadual-sub-15\/\" \/>\n<meta property=\"og:site_name\" content=\"EsporteMS\" \/>\n<meta property=\"article:publisher\" content=\"https:\/\/www.facebook.com\/profile.php?id=100050621362784\" \/>\n<meta property=\"article:published_time\" content=\"2026-09-01T01:13:38+00:00\" \/>\n<meta property=\"og:image\" content=\"https:\/\/esportems.com.br\/site\/wp-content\/uploads\/2026\/08\/1-sub15-e1788225171616.png\" \/>\n\t<meta property=\"og:image:width\" content=\"1000\" \/>\n\t<meta property=\"og:image:height\" content=\"659\" \/>\n\t<meta property=\"og:image:type\" content=\"image\/png\" \/>\n<meta name=\"author\" content=\"Cl\u00e1udio Severo\" \/>\n<meta name=\"twitter:card\" content=\"summary_large_image\" \/>\n<meta name=\"twitter:creator\" content=\"@RadioEsporteMS\" \/>\n<meta name=\"twitter:site\" content=\"@RadioEsporteMS\" \/>\n<meta name=\"twitter:label1\" content=\"Escrito por\" \/>\n\t<meta name=\"twitter:data1\" content=\"Cl\u00e1udio Severo\" \/>\n\t<meta name=\"twitter:label2\" content=\"Est. tempo de leitura\" \/>\n\t<meta name=\"twitter:data2\" content=\"3 minutos\" \/>\n<script type=\"application\/ld+json\" class=\"yoast-schema-graph\">{\"@context\":\"https:\\\/\\\/schema.org\",\"@graph\":[{\"@type\":\"Article\",\"@id\":\"https:\\\/\\\/esportems.com.br\\\/site\\\/estao-definidos-os-quatro-semifinalistas-do-estadual-sub-15\\\/#article\",\"isPartOf\":{\"@id\":\"https:\\\/\\\/esportems.com.br\\\/site\\\/estao-definidos-os-quatro-semifinalistas-do-estadual-sub-15\\\/\"},\"author\":{\"name\":\"Cl\u00e1udio Severo\",\"@id\":\"https:\\\/\\\/esportems.com.br\\\/site\\\/#\\\/schema\\\/person\\\/f451b65748a8ce82d3ca25707a512dda\"},\"headline\":\"Est\u00e3o definidos os quatro semifinalistas do Estadual Sub-15\",\"datePublished\":\"2026-09-01T01:13:38+00:00\",\"mainEntityOfPage\":{\"@id\":\"https:\\\/\\\/esportems.com.br\\\/site\\\/estao-definidos-os-quatro-semifinalistas-do-estadual-sub-15\\\/\"},\"wordCount\":547,\"commentCount\":0,\"publisher\":{\"@id\":\"https:\\\/\\\/esportems.com.br\\\/site\\\/#organization\"},\"image\":{\"@id\":\"https:\\\/\\\/esportems.com.br\\\/site\\\/estao-definidos-os-quatro-semifinalistas-do-estadual-sub-15\\\/#primaryimage\"},\"thumbnailUrl\":\"https:\\\/\\\/esportems.com.br\\\/site\\\/wp-content\\\/uploads\\\/2026\\\/08\\\/1-sub15-e1788225171616.png\",\"articleSection\":[\"CATEGORIA BASE\",\"Featured\"],\"inLanguage\":\"pt-BR\",\"potentialAction\":[{\"@type\":\"CommentAction\",\"name\":\"Comment\",\"target\":[\"https:\\\/\\\/esportems.com.br\\\/site\\\/estao-definidos-os-quatro-semifinalistas-do-estadual-sub-15\\\/#respond\"]}]},{\"@type\":\"WebPage\",\"@id\":\"https:\\\/\\\/esportems.com.br\\\/site\\\/estao-definidos-os-quatro-semifinalistas-do-estadual-sub-15\\\/\",\"url\":\"https:\\\/\\\/esportems.com.br\\\/site\\\/estao-definidos-os-quatro-semifinalistas-do-estadual-sub-15\\\/\",\"name\":\"Est\u00e3o definidos os quatro semifinalistas do Estadual Sub-15 - EsporteMS\",\"isPartOf\":{\"@id\":\"https:\\\/\\\/esportems.com.br\\\/site\\\/#website\"},\"primaryImageOfPage\":{\"@id\":\"https:\\\/\\\/esportems.com.br\\\/site\\\/estao-definidos-os-quatro-semifinalistas-do-estadual-sub-15\\\/#primaryimage\"},\"image\":{\"@id\":\"https:\\\/\\\/esportems.com.br\\\/site\\\/estao-definidos-os-quatro-semifinalistas-do-estadual-sub-15\\\/#primaryimage\"},\"thumbnailUrl\":\"https:\\\/\\\/esportems.com.br\\\/site\\\/wp-content\\\/uploads\\\/2026\\\/08\\\/1-sub15-e1788225171616.png\",\"datePublished\":\"2026-09-01T01:13:38+00:00\",\"breadcrumb\":{\"@id\":\"https:\\\/\\\/esportems.com.br\\\/site\\\/estao-definidos-os-quatro-semifinalistas-do-estadual-sub-15\\\/#breadcrumb\"},\"inLanguage\":\"pt-BR\",\"potentialAction\":[{\"@type\":\"ReadAction\",\"target\":[\"https:\\\/\\\/esportems.com.br\\\/site\\\/estao-definidos-os-quatro-semifinalistas-do-estadual-sub-15\\\/\"]}]},{\"@type\":\"ImageObject\",\"inLanguage\":\"pt-BR\",\"@id\":\"https:\\\/\\\/esportems.com.br\\\/site\\\/estao-definidos-os-quatro-semifinalistas-do-estadual-sub-15\\\/#primaryimage\",\"url\":\"https:\\\/\\\/esportems.com.br\\\/site\\\/wp-content\\\/uploads\\\/2026\\\/08\\\/1-sub15-e1788225171616.png\",\"contentUrl\":\"https:\\\/\\\/esportems.com.br\\\/site\\\/wp-content\\\/uploads\\\/2026\\\/08\\\/1-sub15-e1788225171616.png\",\"width\":1000,\"height\":659},{\"@type\":\"BreadcrumbList\",\"@id\":\"https:\\\/\\\/esportems.com.br\\\/site\\\/estao-definidos-os-quatro-semifinalistas-do-estadual-sub-15\\\/#breadcrumb\",\"itemListElement\":[{\"@type\":\"ListItem\",\"position\":1,\"name\":\"In\u00edcio\",\"item\":\"https:\\\/\\\/esportems.com.br\\\/site\\\/\"},{\"@type\":\"ListItem\",\"position\":2,\"name\":\"Est\u00e3o definidos os quatro semifinalistas do Estadual Sub-15\"}]},{\"@type\":\"WebSite\",\"@id\":\"https:\\\/\\\/esportems.com.br\\\/site\\\/#website\",\"url\":\"https:\\\/\\\/esportems.com.br\\\/site\\\/\",\"name\":\"EsporteMS\",\"description\":\"O melhor conte\u00fado de esporte de MS\",\"publisher\":{\"@id\":\"https:\\\/\\\/esportems.com.br\\\/site\\\/#organization\"},\"potentialAction\":[{\"@type\":\"SearchAction\",\"target\":{\"@type\":\"EntryPoint\",\"urlTemplate\":\"https:\\\/\\\/esportems.com.br\\\/site\\\/?s={search_term_string}\"},\"query-input\":{\"@type\":\"PropertyValueSpecification\",\"valueRequired\":true,\"valueName\":\"search_term_string\"}}],\"inLanguage\":\"pt-BR\"},{\"@type\":\"Organization\",\"@id\":\"https:\\\/\\\/esportems.com.br\\\/site\\\/#organization\",\"name\":\"EsporteMS\",\"url\":\"https:\\\/\\\/esportems.com.br\\\/site\\\/\",\"logo\":{\"@type\":\"ImageObject\",\"inLanguage\":\"pt-BR\",\"@id\":\"https:\\\/\\\/esportems.com.br\\\/site\\\/#\\\/schema\\\/logo\\\/image\\\/\",\"url\":\"https:\\\/\\\/esportems.com.br\\\/site\\\/wp-content\\\/uploads\\\/2022\\\/12\\\/logo_esportems_250px.png\",\"contentUrl\":\"https:\\\/\\\/esportems.com.br\\\/site\\\/wp-content\\\/uploads\\\/2022\\\/12\\\/logo_esportems_250px.png\",\"width\":250,\"height\":250,\"caption\":\"EsporteMS\"},\"image\":{\"@id\":\"https:\\\/\\\/esportems.com.br\\\/site\\\/#\\\/schema\\\/logo\\\/image\\\/\"},\"sameAs\":[\"https:\\\/\\\/www.facebook.com\\\/profile.php?id=100050621362784\",\"https:\\\/\\\/x.com\\\/RadioEsporteMS\",\"https:\\\/\\\/www.instagram.com\\\/esportems2\\\/\",\"https:\\\/\\\/wa.me\\\/5567999590868\",\"https:\\\/\\\/www.youtube.com\\\/esportems\\\/\"]},{\"@type\":\"Person\",\"@id\":\"https:\\\/\\\/esportems.com.br\\\/site\\\/#\\\/schema\\\/person\\\/f451b65748a8ce82d3ca25707a512dda\",\"name\":\"Cl\u00e1udio Severo\",\"image\":{\"@type\":\"ImageObject\",\"inLanguage\":\"pt-BR\",\"@id\":\"https:\\\/\\\/secure.gravatar.com\\\/avatar\\\/94bcbd47e500b15b38519f79158a57abc1fa84f37255ad4b4be197699e1ff784?s=96&d=mm&r=g\",\"url\":\"https:\\\/\\\/secure.gravatar.com\\\/avatar\\\/94bcbd47e500b15b38519f79158a57abc1fa84f37255ad4b4be197699e1ff784?s=96&d=mm&r=g\",\"contentUrl\":\"https:\\\/\\\/secure.gravatar.com\\\/avatar\\\/94bcbd47e500b15b38519f79158a57abc1fa84f37255ad4b4be197699e1ff784?s=96&d=mm&r=g\",\"caption\":\"Cl\u00e1udio Severo\"},\"url\":\"https:\\\/\\\/esportems.com.br\\\/site\\\/author\\\/severo\\\/\"}]}<\/script>\n<!-- \/ Yoast SEO plugin. -->","yoast_head_json":{"title":"Est\u00e3o definidos os quatro semifinalistas do Estadual Sub-15 - EsporteMS","robots":{"index":"index","follow":"follow","max-snippet":"max-snippet:-1","max-image-preview":"max-image-preview:large","max-video-preview":"max-video-preview:-1"},"canonical":"https:\/\/esportems.com.br\/site\/estao-definidos-os-quatro-semifinalistas-do-estadual-sub-15\/","og_locale":"pt_BR","og_type":"article","og_title":"Est\u00e3o definidos os quatro semifinalistas do Estadual Sub-15 - EsporteMS","og_description":"Est\u00e3o definidos os quatro semifinalistas do Campeonato Sul-Mato-Grossense Sub-15. Ubiratan, Pantanal, Uni\u00e3o ABC e N\u00e1utico avan\u00e7aram ap\u00f3s uma rodada de quartas de final marcada por equil\u00edbrio, goleada e decis\u00f5es nos p\u00eanaltis. A partir da pr\u00f3xima fase, a disputa muda de formato. Os confrontos das semifinais ser\u00e3o realizados em jogos de ida e volta, nos pr\u00f3ximos [&hellip;]","og_url":"https:\/\/esportems.com.br\/site\/estao-definidos-os-quatro-semifinalistas-do-estadual-sub-15\/","og_site_name":"EsporteMS","article_publisher":"https:\/\/www.facebook.com\/profile.php?id=100050621362784","article_published_time":"2026-09-01T01:13:38+00:00","og_image":[{"width":1000,"height":659,"url":"https:\/\/esportems.com.br\/site\/wp-content\/uploads\/2026\/08\/1-sub15-e1788225171616.png","type":"image\/png"}],"author":"Cl\u00e1udio Severo","twitter_card":"summary_large_image","twitter_creator":"@RadioEsporteMS","twitter_site":"@RadioEsporteMS","twitter_misc":{"Escrito por":"Cl\u00e1udio Severo","Est. tempo de leitura":"3 minutos"},"schema":{"@context":"https:\/\/schema.org","@graph":[{"@type":"Article","@id":"https:\/\/esportems.com.br\/site\/estao-definidos-os-quatro-semifinalistas-do-estadual-sub-15\/#article","isPartOf":{"@id":"https:\/\/esportems.com.br\/site\/estao-definidos-os-quatro-semifinalistas-do-estadual-sub-15\/"},"author":{"name":"Cl\u00e1udio Severo","@id":"https:\/\/esportems.com.br\/site\/#\/schema\/person\/f451b65748a8ce82d3ca25707a512dda"},"headline":"Est\u00e3o definidos os quatro semifinalistas do Estadual Sub-15","datePublished":"2026-09-01T01:13:38+00:00","mainEntityOfPage":{"@id":"https:\/\/esportems.com.br\/site\/estao-definidos-os-quatro-semifinalistas-do-estadual-sub-15\/"},"wordCount":547,"commentCount":0,"publisher":{"@id":"https:\/\/esportems.com.br\/site\/#organization"},"image":{"@id":"https:\/\/esportems.com.br\/site\/estao-definidos-os-quatro-semifinalistas-do-estadual-sub-15\/#primaryimage"},"thumbnailUrl":"https:\/\/esportems.com.br\/site\/wp-content\/uploads\/2026\/08\/1-sub15-e1788225171616.png","articleSection":["CATEGORIA BASE","Featured"],"inLanguage":"pt-BR","potentialAction":[{"@type":"CommentAction","name":"Comment","target":["https:\/\/esportems.com.br\/site\/estao-definidos-os-quatro-semifinalistas-do-estadual-sub-15\/#respond"]}]},{"@type":"WebPage","@id":"https:\/\/esportems.com.br\/site\/estao-definidos-os-quatro-semifinalistas-do-estadual-sub-15\/","url":"https:\/\/esportems.com.br\/site\/estao-definidos-os-quatro-semifinalistas-do-estadual-sub-15\/","name":"Est\u00e3o definidos os quatro semifinalistas do Estadual Sub-15 - EsporteMS","isPartOf":{"@id":"https:\/\/esportems.com.br\/site\/#website"},"primaryImageOfPage":{"@id":"https:\/\/esportems.com.br\/site\/estao-definidos-os-quatro-semifinalistas-do-estadual-sub-15\/#primaryimage"},"image":{"@id":"https:\/\/esportems.com.br\/site\/estao-definidos-os-quatro-semifinalistas-do-estadual-sub-15\/#primaryimage"},"thumbnailUrl":"https:\/\/esportems.com.br\/site\/wp-content\/uploads\/2026\/08\/1-sub15-e1788225171616.png","datePublished":"2026-09-01T01:13:38+00:00","breadcrumb":{"@id":"https:\/\/esportems.com.br\/site\/estao-definidos-os-quatro-semifinalistas-do-estadual-sub-15\/#breadcrumb"},"inLanguage":"pt-BR","potentialAction":[{"@type":"ReadAction","target":["https:\/\/esportems.com.br\/site\/estao-definidos-os-quatro-semifinalistas-do-estadual-sub-15\/"]}]},{"@type":"ImageObject","inLanguage":"pt-BR","@id":"https:\/\/esportems.com.br\/site\/estao-definidos-os-quatro-semifinalistas-do-estadual-sub-15\/#primaryimage","url":"https:\/\/esportems.com.br\/site\/wp-content\/uploads\/2026\/08\/1-sub15-e1788225171616.png","contentUrl":"https:\/\/esportems.com.br\/site\/wp-content\/uploads\/2026\/08\/1-sub15-e1788225171616.png","width":1000,"height":659},{"@type":"BreadcrumbList","@id":"https:\/\/esportems.com.br\/site\/estao-definidos-os-quatro-semifinalistas-do-estadual-sub-15\/#breadcrumb","itemListElement":[{"@type":"ListItem","position":1,"name":"In\u00edcio","item":"https:\/\/esportems.com.br\/site\/"},{"@type":"ListItem","position":2,"name":"Est\u00e3o definidos os quatro semifinalistas do Estadual Sub-15"}]},{"@type":"WebSite","@id":"https:\/\/esportems.com.br\/site\/#website","url":"https:\/\/esportems.com.br\/site\/","name":"EsporteMS","description":"O melhor conte\u00fado de esporte de MS","publisher":{"@id":"https:\/\/esportems.com.br\/site\/#organization"},"potentialAction":[{"@type":"SearchAction","target":{"@type":"EntryPoint","urlTemplate":"https:\/\/esportems.com.br\/site\/?s={search_term_string}"},"query-input":{"@type":"PropertyValueSpecification","valueRequired":true,"valueName":"search_term_string"}}],"inLanguage":"pt-BR"},{"@type":"Organization","@id":"https:\/\/esportems.com.br\/site\/#organization","name":"EsporteMS","url":"https:\/\/esportems.com.br\/site\/","logo":{"@type":"ImageObject","inLanguage":"pt-BR","@id":"https:\/\/esportems.com.br\/site\/#\/schema\/logo\/image\/","url":"https:\/\/esportems.com.br\/site\/wp-content\/uploads\/2022\/12\/logo_esportems_250px.png","contentUrl":"https:\/\/esportems.com.br\/site\/wp-content\/uploads\/2022\/12\/logo_esportems_250px.png","width":250,"height":250,"caption":"EsporteMS"},"image":{"@id":"https:\/\/esportems.com.br\/site\/#\/schema\/logo\/image\/"},"sameAs":["https:\/\/www.facebook.com\/profile.php?id=100050621362784","https:\/\/x.com\/RadioEsporteMS","https:\/\/www.instagram.com\/esportems2\/","https:\/\/wa.me\/5567999590868","https:\/\/www.youtube.com\/esportems\/"]},{"@type":"Person","@id":"https:\/\/esportems.com.br\/site\/#\/schema\/person\/f451b65748a8ce82d3ca25707a512dda","name":"Cl\u00e1udio Severo","image":{"@type":"ImageObject","inLanguage":"pt-BR","@id":"https:\/\/secure.gravatar.com\/avatar\/94bcbd47e500b15b38519f79158a57abc1fa84f37255ad4b4be197699e1ff784?s=96&d=mm&r=g","url":"https:\/\/secure.gravatar.com\/avatar\/94bcbd47e500b15b38519f79158a57abc1fa84f37255ad4b4be197699e1ff784?s=96&d=mm&r=g","contentUrl":"https:\/\/secure.gravatar.com\/avatar\/94bcbd47e500b15b38519f79158a57abc1fa84f37255ad4b4be197699e1ff784?s=96&d=mm&r=g","caption":"Cl\u00e1udio Severo"},"url":"https:\/\/esportems.com.br\/site\/author\/severo\/"}]}},"amp_enabled":true,"_links":{"self":[{"href":"https:\/\/esportems.com.br\/site\/wp-json\/wp\/v2\/posts\/56219","targetHints":{"allow":["GET"]}}],"collection":[{"href":"https:\/\/esportems.com.br\/site\/wp-json\/wp\/v2\/posts"}],"about":[{"href":"https:\/\/esportems.com.br\/site\/wp-json\/wp\/v2\/types\/post"}],"author":[{"embeddable":true,"href":"https:\/\/esportems.com.br\/site\/wp-json\/wp\/v2\/users\/3"}],"replies":[{"embeddable":true,"href":"https:\/\/esportems.com.br\/site\/wp-json\/wp\/v2\/comments?post=56219"}],"version-history":[{"count":1,"href":"https:\/\/esportems.com.br\/site\/wp-json\/wp\/v2\/posts\/56219\/revisions"}],"predecessor-version":[{"id":56221,"href":"https:\/\/esportems.com.br\/site\/wp-json\/wp\/v2\/posts\/56219\/revisions\/56221"}],"wp:featuredmedia":[{"embeddable":true,"href":"https:\/\/esportems.com.br\/site\/wp-json\/wp\/v2\/media\/56220"}],"wp:attachment":[{"href":"https:\/\/esportems.com.br\/site\/wp-json\/wp\/v2\/media?parent=56219"}],"wp:term":[{"taxonomy":"category","embeddable":true,"href":"https:\/\/esportems.com.br\/site\/wp-json\/wp\/v2\/categories?post=56219"},{"taxonomy":"post_tag","embeddable":true,"href":"https:\/\/esportems.com.br\/site\/wp-json\/wp\/v2\/tags?post=56219"}],"curies":[{"name":"wp","href":"https:\/\/api.w.org\/{rel}","templated":true}]}}