{"id":56265,"date":"2026-09-01T07:53:40","date_gmt":"2026-09-01T11:53:40","guid":{"rendered":"https:\/\/esportems.com.br\/site\/?p=56265"},"modified":"2026-09-01T07:53:40","modified_gmt":"2026-09-01T11:53:40","slug":"dourados-abre-primeira-lote-de-inscricao-da-corrida-outubro-rosa","status":"publish","type":"post","link":"https:\/\/esportems.com.br\/site\/dourados-abre-primeira-lote-de-inscricao-da-corrida-outubro-rosa\/","title":{"rendered":"Dourados abre primeira lote de inscri\u00e7\u00e3o da Corrida Outubro Rosa"},"content":{"rendered":"<p>A Prefeitura de Dourados, por meio da Funda\u00e7\u00e3o de Esportes de Dourados (Funed), abre nesta segunda-feira (31) o primeiro lote de inscri\u00e7\u00f5es para a 2\u00aa edi\u00e7\u00e3o do Mexa-se por Elas \u2013 Outubro Rosa | Corrida, Caminhada e Kids, que ser\u00e1 realizada no dia 24 de outubro. O evento integra a programa\u00e7\u00e3o do Outubro Rosa e une esporte, sa\u00fade, qualidade de vida e conscientiza\u00e7\u00e3o sobre a import\u00e2ncia da preven\u00e7\u00e3o e do diagn\u00f3stico precoce do c\u00e2ncer de mama.<\/p>\n<p>A iniciativa chega \u00e0 segunda edi\u00e7\u00e3o fortalecendo uma proposta que teve grande ades\u00e3o em 2025. Na primeira edi\u00e7\u00e3o da corrida, realizada em outubro do ano passado, 500 mulheres participaram da atividade, sendo 350 na corrida de 5 quil\u00f4metros e 150 na caminhada de 3 quil\u00f4metros. A realiza\u00e7\u00e3o marcou ainda a retomada da Corrida Rosa em Dourados ap\u00f3s sete anos e refor\u00e7ou a import\u00e2ncia de aliar a pr\u00e1tica esportiva \u00e0s a\u00e7\u00f5es de preven\u00e7\u00e3o e cuidado com a sa\u00fade da mulher.<\/p>\n<p>Para 2026, o evento chega com uma novidade: a categoria Kids Feminino, ampliando a participa\u00e7\u00e3o e incentivando desde cedo a pr\u00e1tica de atividades f\u00edsicas e a integra\u00e7\u00e3o das fam\u00edlias. Poder\u00e3o participar crian\u00e7as de 3 a 13 anos, com percursos definidos de acordo com a faixa et\u00e1ria: at\u00e9 50 metros para meninas de 3 e 4 anos; at\u00e9 100 metros para 5 e 6 anos; at\u00e9 200 metros para 7 e 8 anos; at\u00e9 400 metros para 9 e 10 anos; e at\u00e9 800 metros para 11 a 13 anos.<br \/>\n<img loading=\"lazy\" decoding=\"async\" class=\"aligncenter size-full wp-image-54338\" src=\"https:\/\/esportems.com.br\/site\/wp-content\/uploads\/2026\/04\/1-corrida-1.png\" alt=\"\" width=\"1134\" height=\"765\" srcset=\"https:\/\/esportems.com.br\/site\/wp-content\/uploads\/2026\/04\/1-corrida-1.png 1134w, https:\/\/esportems.com.br\/site\/wp-content\/uploads\/2026\/04\/1-corrida-1-300x202.png 300w, https:\/\/esportems.com.br\/site\/wp-content\/uploads\/2026\/04\/1-corrida-1-1024x691.png 1024w, https:\/\/esportems.com.br\/site\/wp-content\/uploads\/2026\/04\/1-corrida-1-768x518.png 768w, https:\/\/esportems.com.br\/site\/wp-content\/uploads\/2026\/04\/1-corrida-1-696x470.png 696w, https:\/\/esportems.com.br\/site\/wp-content\/uploads\/2026\/04\/1-corrida-1-1068x720.png 1068w, https:\/\/esportems.com.br\/site\/wp-content\/uploads\/2026\/04\/1-corrida-1-623x420.png 623w\" sizes=\"auto, (max-width: 1134px) 100vw, 1134px\" \/>As modalidades para o p\u00fablico adulto ser\u00e3o corrida de 5 km e caminhada de 3 km, mantendo a proposta de oferecer diferentes formas de participa\u00e7\u00e3o e estimular mulheres de diferentes idades e n\u00edveis de condicionamento f\u00edsico a se movimentarem.<\/p>\n<p>De acordo com a presidente da Funed, Sandra Giselly Amaral, mais do que uma competi\u00e7\u00e3o, o Mexa-se por Elas busca transformar a pr\u00e1tica esportiva em uma oportunidade de cuidado, integra\u00e7\u00e3o e conscientiza\u00e7\u00e3o. \u201cA proposta \u00e9 incentivar as mulheres a olharem para a pr\u00f3pria sa\u00fade, adotarem h\u00e1bitos mais saud\u00e1veis e tamb\u00e9m multiplicarem entre familiares e amigas a import\u00e2ncia da preven\u00e7\u00e3o\u201d, destaca.<\/p>\n<p>Em 2025, al\u00e9m da corrida e caminhada, o projeto Mexa-se por Elas tamb\u00e9m promoveu uma a\u00e7\u00e3o social com servi\u00e7os de sa\u00fade, atividades esportivas, orienta\u00e7\u00f5es e a\u00e7\u00f5es de bem-estar durante a programa\u00e7\u00e3o do Outubro Rosa. A iniciativa reuniu centenas de mulheres e contou com a parceria de institui\u00e7\u00f5es locais.&nbsp;<\/p>\n","protected":false},"excerpt":{"rendered":"<p>A Prefeitura de Dourados, por meio da Funda\u00e7\u00e3o de Esportes de Dourados (Funed), abre nesta segunda-feira (31) o primeiro lote de inscri\u00e7\u00f5es para a 2\u00aa edi\u00e7\u00e3o do Mexa-se por Elas \u2013 Outubro Rosa | Corrida, Caminhada e Kids, que ser\u00e1 realizada no dia 24 de outubro. O evento integra a programa\u00e7\u00e3o do Outubro Rosa e [&hellip;]<\/p>\n","protected":false},"author":3,"featured_media":56266,"comment_status":"open","ping_status":"open","sticky":false,"template":"","format":"standard","meta":{"ngg_post_thumbnail":0,"tdm_status":"","tdm_grid_status":"","footnotes":""},"categories":[411,2],"tags":[],"class_list":["post-56265","post","type-post","status-publish","format-standard","has-post-thumbnail","category-corrida","category-featured"],"yoast_head":"<!-- This site is optimized with the Yoast SEO plugin v28.4 - https:\/\/yoast.com\/product\/yoast-seo-wordpress\/ -->\n<title>Dourados abre primeira lote de inscri\u00e7\u00e3o da Corrida Outubro Rosa - EsporteMS<\/title>\n<meta name=\"robots\" content=\"index, follow, max-snippet:-1, max-image-preview:large, max-video-preview:-1\" \/>\n<link rel=\"canonical\" href=\"https:\/\/esportems.com.br\/site\/dourados-abre-primeira-lote-de-inscricao-da-corrida-outubro-rosa\/\" \/>\n<meta property=\"og:locale\" content=\"pt_BR\" \/>\n<meta property=\"og:type\" content=\"article\" \/>\n<meta property=\"og:title\" content=\"Dourados abre primeira lote de inscri\u00e7\u00e3o da Corrida Outubro Rosa - EsporteMS\" \/>\n<meta property=\"og:description\" content=\"A Prefeitura de Dourados, por meio da Funda\u00e7\u00e3o de Esportes de Dourados (Funed), abre nesta segunda-feira (31) o primeiro lote de inscri\u00e7\u00f5es para a 2\u00aa edi\u00e7\u00e3o do Mexa-se por Elas \u2013 Outubro Rosa | Corrida, Caminhada e Kids, que ser\u00e1 realizada no dia 24 de outubro. O evento integra a programa\u00e7\u00e3o do Outubro Rosa e [&hellip;]\" \/>\n<meta property=\"og:url\" content=\"https:\/\/esportems.com.br\/site\/dourados-abre-primeira-lote-de-inscricao-da-corrida-outubro-rosa\/\" \/>\n<meta property=\"og:site_name\" content=\"EsporteMS\" \/>\n<meta property=\"article:publisher\" content=\"https:\/\/www.facebook.com\/profile.php?id=100050621362784\" \/>\n<meta property=\"article:published_time\" content=\"2026-09-01T11:53:40+00:00\" \/>\n<meta property=\"og:image\" content=\"https:\/\/esportems.com.br\/site\/wp-content\/uploads\/2026\/09\/1-corrida.png\" \/>\n\t<meta property=\"og:image:width\" content=\"1107\" \/>\n\t<meta property=\"og:image:height\" content=\"707\" \/>\n\t<meta property=\"og:image:type\" content=\"image\/png\" \/>\n<meta name=\"author\" content=\"Cl\u00e1udio Severo\" \/>\n<meta name=\"twitter:card\" content=\"summary_large_image\" \/>\n<meta name=\"twitter:creator\" content=\"@RadioEsporteMS\" \/>\n<meta name=\"twitter:site\" content=\"@RadioEsporteMS\" \/>\n<meta name=\"twitter:label1\" content=\"Escrito por\" \/>\n\t<meta name=\"twitter:data1\" content=\"Cl\u00e1udio Severo\" \/>\n\t<meta name=\"twitter:label2\" content=\"Est. tempo de leitura\" \/>\n\t<meta name=\"twitter:data2\" content=\"3 minutos\" \/>\n<script type=\"application\/ld+json\" class=\"yoast-schema-graph\">{\"@context\":\"https:\\\/\\\/schema.org\",\"@graph\":[{\"@type\":\"Article\",\"@id\":\"https:\\\/\\\/esportems.com.br\\\/site\\\/dourados-abre-primeira-lote-de-inscricao-da-corrida-outubro-rosa\\\/#article\",\"isPartOf\":{\"@id\":\"https:\\\/\\\/esportems.com.br\\\/site\\\/dourados-abre-primeira-lote-de-inscricao-da-corrida-outubro-rosa\\\/\"},\"author\":{\"name\":\"Cl\u00e1udio Severo\",\"@id\":\"https:\\\/\\\/esportems.com.br\\\/site\\\/#\\\/schema\\\/person\\\/f451b65748a8ce82d3ca25707a512dda\"},\"headline\":\"Dourados abre primeira lote de inscri\u00e7\u00e3o da Corrida Outubro Rosa\",\"datePublished\":\"2026-09-01T11:53:40+00:00\",\"mainEntityOfPage\":{\"@id\":\"https:\\\/\\\/esportems.com.br\\\/site\\\/dourados-abre-primeira-lote-de-inscricao-da-corrida-outubro-rosa\\\/\"},\"wordCount\":425,\"commentCount\":0,\"publisher\":{\"@id\":\"https:\\\/\\\/esportems.com.br\\\/site\\\/#organization\"},\"image\":{\"@id\":\"https:\\\/\\\/esportems.com.br\\\/site\\\/dourados-abre-primeira-lote-de-inscricao-da-corrida-outubro-rosa\\\/#primaryimage\"},\"thumbnailUrl\":\"https:\\\/\\\/esportems.com.br\\\/site\\\/wp-content\\\/uploads\\\/2026\\\/09\\\/1-corrida.png\",\"articleSection\":[\"CORRIDA\",\"Featured\"],\"inLanguage\":\"pt-BR\",\"potentialAction\":[{\"@type\":\"CommentAction\",\"name\":\"Comment\",\"target\":[\"https:\\\/\\\/esportems.com.br\\\/site\\\/dourados-abre-primeira-lote-de-inscricao-da-corrida-outubro-rosa\\\/#respond\"]}]},{\"@type\":\"WebPage\",\"@id\":\"https:\\\/\\\/esportems.com.br\\\/site\\\/dourados-abre-primeira-lote-de-inscricao-da-corrida-outubro-rosa\\\/\",\"url\":\"https:\\\/\\\/esportems.com.br\\\/site\\\/dourados-abre-primeira-lote-de-inscricao-da-corrida-outubro-rosa\\\/\",\"name\":\"Dourados abre primeira lote de inscri\u00e7\u00e3o da Corrida Outubro Rosa - EsporteMS\",\"isPartOf\":{\"@id\":\"https:\\\/\\\/esportems.com.br\\\/site\\\/#website\"},\"primaryImageOfPage\":{\"@id\":\"https:\\\/\\\/esportems.com.br\\\/site\\\/dourados-abre-primeira-lote-de-inscricao-da-corrida-outubro-rosa\\\/#primaryimage\"},\"image\":{\"@id\":\"https:\\\/\\\/esportems.com.br\\\/site\\\/dourados-abre-primeira-lote-de-inscricao-da-corrida-outubro-rosa\\\/#primaryimage\"},\"thumbnailUrl\":\"https:\\\/\\\/esportems.com.br\\\/site\\\/wp-content\\\/uploads\\\/2026\\\/09\\\/1-corrida.png\",\"datePublished\":\"2026-09-01T11:53:40+00:00\",\"breadcrumb\":{\"@id\":\"https:\\\/\\\/esportems.com.br\\\/site\\\/dourados-abre-primeira-lote-de-inscricao-da-corrida-outubro-rosa\\\/#breadcrumb\"},\"inLanguage\":\"pt-BR\",\"potentialAction\":[{\"@type\":\"ReadAction\",\"target\":[\"https:\\\/\\\/esportems.com.br\\\/site\\\/dourados-abre-primeira-lote-de-inscricao-da-corrida-outubro-rosa\\\/\"]}]},{\"@type\":\"ImageObject\",\"inLanguage\":\"pt-BR\",\"@id\":\"https:\\\/\\\/esportems.com.br\\\/site\\\/dourados-abre-primeira-lote-de-inscricao-da-corrida-outubro-rosa\\\/#primaryimage\",\"url\":\"https:\\\/\\\/esportems.com.br\\\/site\\\/wp-content\\\/uploads\\\/2026\\\/09\\\/1-corrida.png\",\"contentUrl\":\"https:\\\/\\\/esportems.com.br\\\/site\\\/wp-content\\\/uploads\\\/2026\\\/09\\\/1-corrida.png\",\"width\":1107,\"height\":707},{\"@type\":\"BreadcrumbList\",\"@id\":\"https:\\\/\\\/esportems.com.br\\\/site\\\/dourados-abre-primeira-lote-de-inscricao-da-corrida-outubro-rosa\\\/#breadcrumb\",\"itemListElement\":[{\"@type\":\"ListItem\",\"position\":1,\"name\":\"In\u00edcio\",\"item\":\"https:\\\/\\\/esportems.com.br\\\/site\\\/\"},{\"@type\":\"ListItem\",\"position\":2,\"name\":\"Dourados abre primeira lote de inscri\u00e7\u00e3o da Corrida Outubro Rosa\"}]},{\"@type\":\"WebSite\",\"@id\":\"https:\\\/\\\/esportems.com.br\\\/site\\\/#website\",\"url\":\"https:\\\/\\\/esportems.com.br\\\/site\\\/\",\"name\":\"EsporteMS\",\"description\":\"O melhor conte\u00fado de esporte de MS\",\"publisher\":{\"@id\":\"https:\\\/\\\/esportems.com.br\\\/site\\\/#organization\"},\"potentialAction\":[{\"@type\":\"SearchAction\",\"target\":{\"@type\":\"EntryPoint\",\"urlTemplate\":\"https:\\\/\\\/esportems.com.br\\\/site\\\/?s={search_term_string}\"},\"query-input\":{\"@type\":\"PropertyValueSpecification\",\"valueRequired\":true,\"valueName\":\"search_term_string\"}}],\"inLanguage\":\"pt-BR\"},{\"@type\":\"Organization\",\"@id\":\"https:\\\/\\\/esportems.com.br\\\/site\\\/#organization\",\"name\":\"EsporteMS\",\"url\":\"https:\\\/\\\/esportems.com.br\\\/site\\\/\",\"logo\":{\"@type\":\"ImageObject\",\"inLanguage\":\"pt-BR\",\"@id\":\"https:\\\/\\\/esportems.com.br\\\/site\\\/#\\\/schema\\\/logo\\\/image\\\/\",\"url\":\"https:\\\/\\\/esportems.com.br\\\/site\\\/wp-content\\\/uploads\\\/2022\\\/12\\\/logo_esportems_250px.png\",\"contentUrl\":\"https:\\\/\\\/esportems.com.br\\\/site\\\/wp-content\\\/uploads\\\/2022\\\/12\\\/logo_esportems_250px.png\",\"width\":250,\"height\":250,\"caption\":\"EsporteMS\"},\"image\":{\"@id\":\"https:\\\/\\\/esportems.com.br\\\/site\\\/#\\\/schema\\\/logo\\\/image\\\/\"},\"sameAs\":[\"https:\\\/\\\/www.facebook.com\\\/profile.php?id=100050621362784\",\"https:\\\/\\\/x.com\\\/RadioEsporteMS\",\"https:\\\/\\\/www.instagram.com\\\/esportems2\\\/\",\"https:\\\/\\\/wa.me\\\/5567999590868\",\"https:\\\/\\\/www.youtube.com\\\/esportems\\\/\"]},{\"@type\":\"Person\",\"@id\":\"https:\\\/\\\/esportems.com.br\\\/site\\\/#\\\/schema\\\/person\\\/f451b65748a8ce82d3ca25707a512dda\",\"name\":\"Cl\u00e1udio Severo\",\"image\":{\"@type\":\"ImageObject\",\"inLanguage\":\"pt-BR\",\"@id\":\"https:\\\/\\\/secure.gravatar.com\\\/avatar\\\/94bcbd47e500b15b38519f79158a57abc1fa84f37255ad4b4be197699e1ff784?s=96&d=mm&r=g\",\"url\":\"https:\\\/\\\/secure.gravatar.com\\\/avatar\\\/94bcbd47e500b15b38519f79158a57abc1fa84f37255ad4b4be197699e1ff784?s=96&d=mm&r=g\",\"contentUrl\":\"https:\\\/\\\/secure.gravatar.com\\\/avatar\\\/94bcbd47e500b15b38519f79158a57abc1fa84f37255ad4b4be197699e1ff784?s=96&d=mm&r=g\",\"caption\":\"Cl\u00e1udio Severo\"},\"url\":\"https:\\\/\\\/esportems.com.br\\\/site\\\/author\\\/severo\\\/\"}]}<\/script>\n<!-- \/ Yoast SEO plugin. -->","yoast_head_json":{"title":"Dourados abre primeira lote de inscri\u00e7\u00e3o da Corrida Outubro Rosa - EsporteMS","robots":{"index":"index","follow":"follow","max-snippet":"max-snippet:-1","max-image-preview":"max-image-preview:large","max-video-preview":"max-video-preview:-1"},"canonical":"https:\/\/esportems.com.br\/site\/dourados-abre-primeira-lote-de-inscricao-da-corrida-outubro-rosa\/","og_locale":"pt_BR","og_type":"article","og_title":"Dourados abre primeira lote de inscri\u00e7\u00e3o da Corrida Outubro Rosa - EsporteMS","og_description":"A Prefeitura de Dourados, por meio da Funda\u00e7\u00e3o de Esportes de Dourados (Funed), abre nesta segunda-feira (31) o primeiro lote de inscri\u00e7\u00f5es para a 2\u00aa edi\u00e7\u00e3o do Mexa-se por Elas \u2013 Outubro Rosa | Corrida, Caminhada e Kids, que ser\u00e1 realizada no dia 24 de outubro. O evento integra a programa\u00e7\u00e3o do Outubro Rosa e [&hellip;]","og_url":"https:\/\/esportems.com.br\/site\/dourados-abre-primeira-lote-de-inscricao-da-corrida-outubro-rosa\/","og_site_name":"EsporteMS","article_publisher":"https:\/\/www.facebook.com\/profile.php?id=100050621362784","article_published_time":"2026-09-01T11:53:40+00:00","og_image":[{"width":1107,"height":707,"url":"https:\/\/esportems.com.br\/site\/wp-content\/uploads\/2026\/09\/1-corrida.png","type":"image\/png"}],"author":"Cl\u00e1udio Severo","twitter_card":"summary_large_image","twitter_creator":"@RadioEsporteMS","twitter_site":"@RadioEsporteMS","twitter_misc":{"Escrito por":"Cl\u00e1udio Severo","Est. tempo de leitura":"3 minutos"},"schema":{"@context":"https:\/\/schema.org","@graph":[{"@type":"Article","@id":"https:\/\/esportems.com.br\/site\/dourados-abre-primeira-lote-de-inscricao-da-corrida-outubro-rosa\/#article","isPartOf":{"@id":"https:\/\/esportems.com.br\/site\/dourados-abre-primeira-lote-de-inscricao-da-corrida-outubro-rosa\/"},"author":{"name":"Cl\u00e1udio Severo","@id":"https:\/\/esportems.com.br\/site\/#\/schema\/person\/f451b65748a8ce82d3ca25707a512dda"},"headline":"Dourados abre primeira lote de inscri\u00e7\u00e3o da Corrida Outubro Rosa","datePublished":"2026-09-01T11:53:40+00:00","mainEntityOfPage":{"@id":"https:\/\/esportems.com.br\/site\/dourados-abre-primeira-lote-de-inscricao-da-corrida-outubro-rosa\/"},"wordCount":425,"commentCount":0,"publisher":{"@id":"https:\/\/esportems.com.br\/site\/#organization"},"image":{"@id":"https:\/\/esportems.com.br\/site\/dourados-abre-primeira-lote-de-inscricao-da-corrida-outubro-rosa\/#primaryimage"},"thumbnailUrl":"https:\/\/esportems.com.br\/site\/wp-content\/uploads\/2026\/09\/1-corrida.png","articleSection":["CORRIDA","Featured"],"inLanguage":"pt-BR","potentialAction":[{"@type":"CommentAction","name":"Comment","target":["https:\/\/esportems.com.br\/site\/dourados-abre-primeira-lote-de-inscricao-da-corrida-outubro-rosa\/#respond"]}]},{"@type":"WebPage","@id":"https:\/\/esportems.com.br\/site\/dourados-abre-primeira-lote-de-inscricao-da-corrida-outubro-rosa\/","url":"https:\/\/esportems.com.br\/site\/dourados-abre-primeira-lote-de-inscricao-da-corrida-outubro-rosa\/","name":"Dourados abre primeira lote de inscri\u00e7\u00e3o da Corrida Outubro Rosa - EsporteMS","isPartOf":{"@id":"https:\/\/esportems.com.br\/site\/#website"},"primaryImageOfPage":{"@id":"https:\/\/esportems.com.br\/site\/dourados-abre-primeira-lote-de-inscricao-da-corrida-outubro-rosa\/#primaryimage"},"image":{"@id":"https:\/\/esportems.com.br\/site\/dourados-abre-primeira-lote-de-inscricao-da-corrida-outubro-rosa\/#primaryimage"},"thumbnailUrl":"https:\/\/esportems.com.br\/site\/wp-content\/uploads\/2026\/09\/1-corrida.png","datePublished":"2026-09-01T11:53:40+00:00","breadcrumb":{"@id":"https:\/\/esportems.com.br\/site\/dourados-abre-primeira-lote-de-inscricao-da-corrida-outubro-rosa\/#breadcrumb"},"inLanguage":"pt-BR","potentialAction":[{"@type":"ReadAction","target":["https:\/\/esportems.com.br\/site\/dourados-abre-primeira-lote-de-inscricao-da-corrida-outubro-rosa\/"]}]},{"@type":"ImageObject","inLanguage":"pt-BR","@id":"https:\/\/esportems.com.br\/site\/dourados-abre-primeira-lote-de-inscricao-da-corrida-outubro-rosa\/#primaryimage","url":"https:\/\/esportems.com.br\/site\/wp-content\/uploads\/2026\/09\/1-corrida.png","contentUrl":"https:\/\/esportems.com.br\/site\/wp-content\/uploads\/2026\/09\/1-corrida.png","width":1107,"height":707},{"@type":"BreadcrumbList","@id":"https:\/\/esportems.com.br\/site\/dourados-abre-primeira-lote-de-inscricao-da-corrida-outubro-rosa\/#breadcrumb","itemListElement":[{"@type":"ListItem","position":1,"name":"In\u00edcio","item":"https:\/\/esportems.com.br\/site\/"},{"@type":"ListItem","position":2,"name":"Dourados abre primeira lote de inscri\u00e7\u00e3o da Corrida Outubro Rosa"}]},{"@type":"WebSite","@id":"https:\/\/esportems.com.br\/site\/#website","url":"https:\/\/esportems.com.br\/site\/","name":"EsporteMS","description":"O melhor conte\u00fado de esporte de MS","publisher":{"@id":"https:\/\/esportems.com.br\/site\/#organization"},"potentialAction":[{"@type":"SearchAction","target":{"@type":"EntryPoint","urlTemplate":"https:\/\/esportems.com.br\/site\/?s={search_term_string}"},"query-input":{"@type":"PropertyValueSpecification","valueRequired":true,"valueName":"search_term_string"}}],"inLanguage":"pt-BR"},{"@type":"Organization","@id":"https:\/\/esportems.com.br\/site\/#organization","name":"EsporteMS","url":"https:\/\/esportems.com.br\/site\/","logo":{"@type":"ImageObject","inLanguage":"pt-BR","@id":"https:\/\/esportems.com.br\/site\/#\/schema\/logo\/image\/","url":"https:\/\/esportems.com.br\/site\/wp-content\/uploads\/2022\/12\/logo_esportems_250px.png","contentUrl":"https:\/\/esportems.com.br\/site\/wp-content\/uploads\/2022\/12\/logo_esportems_250px.png","width":250,"height":250,"caption":"EsporteMS"},"image":{"@id":"https:\/\/esportems.com.br\/site\/#\/schema\/logo\/image\/"},"sameAs":["https:\/\/www.facebook.com\/profile.php?id=100050621362784","https:\/\/x.com\/RadioEsporteMS","https:\/\/www.instagram.com\/esportems2\/","https:\/\/wa.me\/5567999590868","https:\/\/www.youtube.com\/esportems\/"]},{"@type":"Person","@id":"https:\/\/esportems.com.br\/site\/#\/schema\/person\/f451b65748a8ce82d3ca25707a512dda","name":"Cl\u00e1udio Severo","image":{"@type":"ImageObject","inLanguage":"pt-BR","@id":"https:\/\/secure.gravatar.com\/avatar\/94bcbd47e500b15b38519f79158a57abc1fa84f37255ad4b4be197699e1ff784?s=96&d=mm&r=g","url":"https:\/\/secure.gravatar.com\/avatar\/94bcbd47e500b15b38519f79158a57abc1fa84f37255ad4b4be197699e1ff784?s=96&d=mm&r=g","contentUrl":"https:\/\/secure.gravatar.com\/avatar\/94bcbd47e500b15b38519f79158a57abc1fa84f37255ad4b4be197699e1ff784?s=96&d=mm&r=g","caption":"Cl\u00e1udio Severo"},"url":"https:\/\/esportems.com.br\/site\/author\/severo\/"}]}},"amp_enabled":true,"_links":{"self":[{"href":"https:\/\/esportems.com.br\/site\/wp-json\/wp\/v2\/posts\/56265","targetHints":{"allow":["GET"]}}],"collection":[{"href":"https:\/\/esportems.com.br\/site\/wp-json\/wp\/v2\/posts"}],"about":[{"href":"https:\/\/esportems.com.br\/site\/wp-json\/wp\/v2\/types\/post"}],"author":[{"embeddable":true,"href":"https:\/\/esportems.com.br\/site\/wp-json\/wp\/v2\/users\/3"}],"replies":[{"embeddable":true,"href":"https:\/\/esportems.com.br\/site\/wp-json\/wp\/v2\/comments?post=56265"}],"version-history":[{"count":1,"href":"https:\/\/esportems.com.br\/site\/wp-json\/wp\/v2\/posts\/56265\/revisions"}],"predecessor-version":[{"id":56267,"href":"https:\/\/esportems.com.br\/site\/wp-json\/wp\/v2\/posts\/56265\/revisions\/56267"}],"wp:featuredmedia":[{"embeddable":true,"href":"https:\/\/esportems.com.br\/site\/wp-json\/wp\/v2\/media\/56266"}],"wp:attachment":[{"href":"https:\/\/esportems.com.br\/site\/wp-json\/wp\/v2\/media?parent=56265"}],"wp:term":[{"taxonomy":"category","embeddable":true,"href":"https:\/\/esportems.com.br\/site\/wp-json\/wp\/v2\/categories?post=56265"},{"taxonomy":"post_tag","embeddable":true,"href":"https:\/\/esportems.com.br\/site\/wp-json\/wp\/v2\/tags?post=56265"}],"curies":[{"name":"wp","href":"https:\/\/api.w.org\/{rel}","templated":true}]}}