{"id":56269,"date":"2026-09-01T17:45:08","date_gmt":"2026-09-01T21:45:08","guid":{"rendered":"https:\/\/esportems.com.br\/site\/?p=56269"},"modified":"2026-09-01T17:45:08","modified_gmt":"2026-09-01T21:45:08","slug":"professor-marcelo-miranda-destaca-trajetoria-na-luta-pela-regulamentacao-da-profissao","status":"publish","type":"post","link":"https:\/\/esportems.com.br\/site\/professor-marcelo-miranda-destaca-trajetoria-na-luta-pela-regulamentacao-da-profissao\/","title":{"rendered":"Professor Marcelo Miranda destaca trajet\u00f3ria na luta pela regulamenta\u00e7\u00e3o da profiss\u00e3o"},"content":{"rendered":"<p dir=\"ltr\">O 1\u00ba de setembro marca, no Brasil, o Dia do Profissional de Educa\u00e7\u00e3o F\u00edsica. A data foi institu\u00edda pela Lei Federal n\u00ba 11.342\/2006 e faz refer\u00eancia ao processo de regulamenta\u00e7\u00e3o da profiss\u00e3o, que ganhou um marco decisivo em 1\u00ba de setembro de 1998, com a entrada em vigor da Lei n\u00ba 9.696\/1998.<\/p>\n<p dir=\"ltr\">Para o professor Marcelo Miranda, a data tem um significado que vai al\u00e9m da homenagem \u00e0 categoria. Sua pr\u00f3pria trajet\u00f3ria profissional est\u00e1 ligada a alguns dos principais cap\u00edtulos da hist\u00f3ria da Educa\u00e7\u00e3o F\u00edsica em Mato Grosso do Sul.<\/p>\n<p dir=\"ltr\">Graduado pela Universidade Federal de Mato Grosso do Sul (UFMS), especialista em Treinamento Desportivo pela PUC Minas e mestre pela Universidade Estadual de Campinas (Unicamp), Marcelo construiu uma carreira que passou pela escola, pela universidade, pelo esporte de alto rendimento, pela pesquisa e pela representa\u00e7\u00e3o profissional.<\/p>\n<p dir=\"ltr\">&#8220;Eu escolhi a Educa\u00e7\u00e3o F\u00edsica porque acreditava que o esporte e a atividade f\u00edsica tinham um papel muito maior do que simplesmente ensinar uma modalidade ou melhorar o condicionamento f\u00edsico. Eles t\u00eam uma fun\u00e7\u00e3o educativa, social e de promo\u00e7\u00e3o da sa\u00fade&#8221;, afirma.<\/p>\n<p dir=\"ltr\">Professor antes de ser gestor<\/p>\n<p dir=\"ltr\">A sala de aula foi uma das primeiras frentes dessa trajet\u00f3ria. Marcelo atuou como professor no Col\u00e9gio Dom Bosco e tamb\u00e9m no ensino superior, passando pela UFMS e pela Universidade Cat\u00f3lica Dom Bosco (UCDB).<\/p>\n<p dir=\"ltr\">Na universidade, participou da implanta\u00e7\u00e3o do primeiro curso de bacharelado em Educa\u00e7\u00e3o F\u00edsica do estado, na UCDB, e esteve ligado \u00e0 cria\u00e7\u00e3o do Laborat\u00f3rio de Avalia\u00e7\u00e3o F\u00edsica (LAF), iniciativa que aproximou a forma\u00e7\u00e3o acad\u00eamica da avalia\u00e7\u00e3o e do acompanhamento de atletas e praticantes de atividade f\u00edsica.<\/p>\n<p dir=\"ltr\">O trabalho do laborat\u00f3rio envolvia avalia\u00e7\u00f5es f\u00edsicas e produ\u00e7\u00e3o de informa\u00e7\u00f5es que poderiam ser utilizadas tanto no treinamento esportivo quanto na orienta\u00e7\u00e3o para a pr\u00e1tica de exerc\u00edcios. Em 2011, por exemplo, o LAF realizou avalia\u00e7\u00f5es de atletas das equipes de v\u00f4lei, futsal, basquete e handebol da UCDB, com testes de postura, for\u00e7a, flexibilidade, composi\u00e7\u00e3o corporal, agilidade, velocidade e resist\u00eancia.<\/p>\n<p dir=\"ltr\">Para Marcelo, a experi\u00eancia acad\u00eamica foi fundamental para compreender que a Educa\u00e7\u00e3o F\u00edsica precisava estar apoiada em conhecimento cient\u00edfico.<\/p>\n<p dir=\"ltr\">&#8220;Quando voc\u00ea trabalha com pessoas, n\u00e3o pode trabalhar apenas com aquilo que acha. \u00c9 preciso estudar, avaliar, pesquisar e buscar conhecimento. A Educa\u00e7\u00e3o F\u00edsica evoluiu muito justamente quando passou a ser tratada como uma profiss\u00e3o que exige forma\u00e7\u00e3o e responsabilidade&#8221;, explica.<br \/>\n<img loading=\"lazy\" decoding=\"async\" class=\"aligncenter size-full wp-image-56270\" src=\"https:\/\/esportems.com.br\/site\/wp-content\/uploads\/2026\/09\/WhatsApp-Image-2026-09-01-at-15.52.17.jpeg\" alt=\"\" width=\"1600\" height=\"1200\" srcset=\"https:\/\/esportems.com.br\/site\/wp-content\/uploads\/2026\/09\/WhatsApp-Image-2026-09-01-at-15.52.17.jpeg 1600w, https:\/\/esportems.com.br\/site\/wp-content\/uploads\/2026\/09\/WhatsApp-Image-2026-09-01-at-15.52.17-300x225.jpeg 300w, https:\/\/esportems.com.br\/site\/wp-content\/uploads\/2026\/09\/WhatsApp-Image-2026-09-01-at-15.52.17-1024x768.jpeg 1024w, https:\/\/esportems.com.br\/site\/wp-content\/uploads\/2026\/09\/WhatsApp-Image-2026-09-01-at-15.52.17-768x576.jpeg 768w, https:\/\/esportems.com.br\/site\/wp-content\/uploads\/2026\/09\/WhatsApp-Image-2026-09-01-at-15.52.17-1536x1152.jpeg 1536w, https:\/\/esportems.com.br\/site\/wp-content\/uploads\/2026\/09\/WhatsApp-Image-2026-09-01-at-15.52.17-696x522.jpeg 696w, https:\/\/esportems.com.br\/site\/wp-content\/uploads\/2026\/09\/WhatsApp-Image-2026-09-01-at-15.52.17-1068x801.jpeg 1068w, https:\/\/esportems.com.br\/site\/wp-content\/uploads\/2026\/09\/WhatsApp-Image-2026-09-01-at-15.52.17-560x420.jpeg 560w, https:\/\/esportems.com.br\/site\/wp-content\/uploads\/2026\/09\/WhatsApp-Image-2026-09-01-at-15.52.17-80x60.jpeg 80w, https:\/\/esportems.com.br\/site\/wp-content\/uploads\/2026\/09\/WhatsApp-Image-2026-09-01-at-15.52.17-265x198.jpeg 265w\" sizes=\"auto, (max-width: 1600px) 100vw, 1600px\" \/>Na luta pela regulamenta\u00e7\u00e3o<\/p>\n<p dir=\"ltr\">Foi tamb\u00e9m na d\u00e9cada de 1990 que Marcelo passou a participar de uma das principais mobiliza\u00e7\u00f5es da categoria: a regulamenta\u00e7\u00e3o da profiss\u00e3o.<\/p>\n<p dir=\"ltr\">O movimento culminou na aprova\u00e7\u00e3o da Lei n\u00ba 9.696, em 1998, que regulamentou a profiss\u00e3o de Educa\u00e7\u00e3o F\u00edsica e criou o Conselho Federal e os Conselhos Regionais de Educa\u00e7\u00e3o F\u00edsica.<\/p>\n<p dir=\"ltr\">Marcelo integrou o grupo pioneiro que participou da estrutura\u00e7\u00e3o do Sistema CONFEF\/CREFs. No Mato Grosso do Sul, seu registro profissional \u00e9 o CREF 000002-G\/MS, um dos primeiros do estado.<\/p>\n<p dir=\"ltr\">Na estrutura\u00e7\u00e3o do conselho regional, Marcelo integrou a primeira composi\u00e7\u00e3o de conselheiros do CREF11\/MS e ocupou o cargo de 2\u00ba vice-presidente da primeira diretoria da entidade. O CREF11\/MS foi instalado como regional em 2002, depois da transforma\u00e7\u00e3o da antiga seccional que atendia Mato Grosso do Sul e Mato Grosso.<\/p>\n<p dir=\"ltr\">A participa\u00e7\u00e3o n\u00e3o terminou com a cria\u00e7\u00e3o dos conselhos. Marcelo permaneceu por mais de duas d\u00e9cadas ligado ao Sistema CONFEF\/CREFs, chegando a ocupar fun\u00e7\u00f5es no Conselho Federal.<\/p>\n<p dir=\"ltr\">&#8220;Regulamentar a profiss\u00e3o foi uma luta por reconhecimento, mas principalmente por responsabilidade. Quando voc\u00ea estabelece quem pode exercer determinada atividade e quais s\u00e3o os deveres desse profissional, voc\u00ea est\u00e1 protegendo tamb\u00e9m a sociedade&#8221;, afirma.<\/p>\n<p dir=\"ltr\">Do handebol \u00e0 gest\u00e3o esportiva<\/p>\n<p dir=\"ltr\">Paralelamente \u00e0 carreira acad\u00eamica, Marcelo manteve uma rela\u00e7\u00e3o direta com o esporte. Foi atleta e t\u00e9cnico de handebol e, em 1989, comandou a sele\u00e7\u00e3o sul-mato-grossense escolar que conquistou o vice-campeonato brasileiro da modalidade.<\/p>\n<p dir=\"ltr\">A experi\u00eancia nas quadras acabaria influenciando tamb\u00e9m sua atua\u00e7\u00e3o na gest\u00e3o p\u00fablica. Entre 2015 e 2022, Marcelo foi diretor-presidente da Fundesporte, onde trabalhou na estrutura\u00e7\u00e3o de pol\u00edticas para o esporte de rendimento, forma\u00e7\u00e3o esportiva e esporte escolar.<\/p>\n<p dir=\"ltr\">Foi nesse per\u00edodo que a experi\u00eancia acumulada como professor e t\u00e9cnico ganhou uma nova dimens\u00e3o: transformar conhecimento e viv\u00eancias do cotidiano esportivo em pol\u00edticas p\u00fablicas.<\/p>\n<p dir=\"ltr\">Programas como o Bolsa Atleta e o Bolsa T\u00e9cnico e a reestrutura\u00e7\u00e3o dos Jogos Escolares da Juventude de Mato Grosso do Sul fizeram parte desse trabalho.<\/p>\n<p dir=\"ltr\">&#8220;Eu passei por quase todos os lados da Educa\u00e7\u00e3o F\u00edsica. Fui aluno, atleta, t\u00e9cnico, professor, pesquisador e gestor. Isso me deu uma vis\u00e3o muito ampla da profiss\u00e3o. Quando voc\u00ea conhece a realidade de quem est\u00e1 na quadra, de quem est\u00e1 na sala de aula e de quem est\u00e1 formando novos profissionais, voc\u00ea consegue entender melhor o que precisa ser feito na gest\u00e3o&#8221;, afirma.<br \/>\n<img loading=\"lazy\" decoding=\"async\" class=\"aligncenter size-full wp-image-56271\" src=\"https:\/\/esportems.com.br\/site\/wp-content\/uploads\/2026\/09\/WhatsApp-Image-2026-09-01-at-15.52.16.jpeg\" alt=\"\" width=\"1600\" height=\"1200\" srcset=\"https:\/\/esportems.com.br\/site\/wp-content\/uploads\/2026\/09\/WhatsApp-Image-2026-09-01-at-15.52.16.jpeg 1600w, https:\/\/esportems.com.br\/site\/wp-content\/uploads\/2026\/09\/WhatsApp-Image-2026-09-01-at-15.52.16-300x225.jpeg 300w, https:\/\/esportems.com.br\/site\/wp-content\/uploads\/2026\/09\/WhatsApp-Image-2026-09-01-at-15.52.16-1024x768.jpeg 1024w, https:\/\/esportems.com.br\/site\/wp-content\/uploads\/2026\/09\/WhatsApp-Image-2026-09-01-at-15.52.16-768x576.jpeg 768w, https:\/\/esportems.com.br\/site\/wp-content\/uploads\/2026\/09\/WhatsApp-Image-2026-09-01-at-15.52.16-1536x1152.jpeg 1536w, https:\/\/esportems.com.br\/site\/wp-content\/uploads\/2026\/09\/WhatsApp-Image-2026-09-01-at-15.52.16-696x522.jpeg 696w, https:\/\/esportems.com.br\/site\/wp-content\/uploads\/2026\/09\/WhatsApp-Image-2026-09-01-at-15.52.16-1068x801.jpeg 1068w, https:\/\/esportems.com.br\/site\/wp-content\/uploads\/2026\/09\/WhatsApp-Image-2026-09-01-at-15.52.16-560x420.jpeg 560w, https:\/\/esportems.com.br\/site\/wp-content\/uploads\/2026\/09\/WhatsApp-Image-2026-09-01-at-15.52.16-80x60.jpeg 80w, https:\/\/esportems.com.br\/site\/wp-content\/uploads\/2026\/09\/WhatsApp-Image-2026-09-01-at-15.52.16-265x198.jpeg 265w\" sizes=\"auto, (max-width: 1600px) 100vw, 1600px\" \/> <img loading=\"lazy\" decoding=\"async\" class=\"aligncenter size-full wp-image-56272\" src=\"https:\/\/esportems.com.br\/site\/wp-content\/uploads\/2026\/09\/WhatsApp-Image-2026-09-01-at-15.52.18.jpeg\" alt=\"\" width=\"1600\" height=\"1200\" srcset=\"https:\/\/esportems.com.br\/site\/wp-content\/uploads\/2026\/09\/WhatsApp-Image-2026-09-01-at-15.52.18.jpeg 1600w, https:\/\/esportems.com.br\/site\/wp-content\/uploads\/2026\/09\/WhatsApp-Image-2026-09-01-at-15.52.18-300x225.jpeg 300w, https:\/\/esportems.com.br\/site\/wp-content\/uploads\/2026\/09\/WhatsApp-Image-2026-09-01-at-15.52.18-1024x768.jpeg 1024w, https:\/\/esportems.com.br\/site\/wp-content\/uploads\/2026\/09\/WhatsApp-Image-2026-09-01-at-15.52.18-768x576.jpeg 768w, https:\/\/esportems.com.br\/site\/wp-content\/uploads\/2026\/09\/WhatsApp-Image-2026-09-01-at-15.52.18-1536x1152.jpeg 1536w, https:\/\/esportems.com.br\/site\/wp-content\/uploads\/2026\/09\/WhatsApp-Image-2026-09-01-at-15.52.18-696x522.jpeg 696w, https:\/\/esportems.com.br\/site\/wp-content\/uploads\/2026\/09\/WhatsApp-Image-2026-09-01-at-15.52.18-1068x801.jpeg 1068w, https:\/\/esportems.com.br\/site\/wp-content\/uploads\/2026\/09\/WhatsApp-Image-2026-09-01-at-15.52.18-560x420.jpeg 560w, https:\/\/esportems.com.br\/site\/wp-content\/uploads\/2026\/09\/WhatsApp-Image-2026-09-01-at-15.52.18-80x60.jpeg 80w, https:\/\/esportems.com.br\/site\/wp-content\/uploads\/2026\/09\/WhatsApp-Image-2026-09-01-at-15.52.18-265x198.jpeg 265w\" sizes=\"auto, (max-width: 1600px) 100vw, 1600px\" \/><\/p>\n<p dir=\"ltr\">Uma profiss\u00e3o que mudou e continua mudando<\/p>\n<p dir=\"ltr\">Quase tr\u00eas d\u00e9cadas depois da regulamenta\u00e7\u00e3o, Marcelo entende que a Educa\u00e7\u00e3o F\u00edsica avan\u00e7ou, mas ainda enfrenta desafios relacionados \u00e0 valoriza\u00e7\u00e3o profissional, forma\u00e7\u00e3o continuada e reconhecimento de sua import\u00e2ncia em \u00e1reas como educa\u00e7\u00e3o, sa\u00fade, esporte e qualidade de vida.<\/p>\n<p dir=\"ltr\">Para ele, o profissional da \u00e1rea deixou h\u00e1 muito tempo de ser visto apenas como algu\u00e9m respons\u00e1vel pelas aulas de educa\u00e7\u00e3o f\u00edsica ou pelo treinamento esportivo.<\/p>\n<p dir=\"ltr\">&#8220;A Educa\u00e7\u00e3o F\u00edsica est\u00e1 presente na escola, no esporte, na sa\u00fade, na preven\u00e7\u00e3o, na qualidade de vida e na inclus\u00e3o. O profissional precisa estar preparado para atuar em todas essas \u00e1reas e a sociedade precisa reconhecer a responsabilidade que existe por tr\u00e1s desse trabalho&#8221;, diz.<\/p>\n<p dir=\"ltr\">Neste 1\u00ba de setembro, a homenagem \u00e0 categoria tamb\u00e9m funciona, para Marcelo, como uma lembran\u00e7a pessoal. A profiss\u00e3o que escolheu ainda jovem acabou determinando os principais caminhos de sua vida profissional.<\/p>\n<p dir=\"ltr\">Da quadra \u00e0 universidade. Da sala de aula \u00e0 regulamenta\u00e7\u00e3o profissional. Do laborat\u00f3rio \u00e0 gest\u00e3o p\u00fablica. Quatro d\u00e9cadas depois de escolher a Educa\u00e7\u00e3o F\u00edsica, Marcelo continua definindo sua trajet\u00f3ria a partir da mesma \u00e1rea que esteve na origem de sua vida profissional.<\/p>\n<p dir=\"ltr\">Sobre o candidato<\/p>\n<p dir=\"ltr\">Professor Marcelo Miranda \u00e9 candidato a deputado estadual em Mato Grosso do Sul. \u00c9 graduado em Educa\u00e7\u00e3o F\u00edsica pela Universidade Federal de Mato Grosso do Sul (UFMS), especialista em Treinamento Desportivo pela PUC Minas e mestre pela Universidade Estadual de Campinas (Unicamp). Foi diretor-presidente da Fundesporte entre 2015 e 2022 e secret\u00e1rio de Estado de Turismo, Esporte e Cultura entre 2023 e abril de 2026.<\/p>\n","protected":false},"excerpt":{"rendered":"<p>O 1\u00ba de setembro marca, no Brasil, o Dia do Profissional de Educa\u00e7\u00e3o F\u00edsica. A data foi institu\u00edda pela Lei Federal n\u00ba 11.342\/2006 e faz refer\u00eancia ao processo de regulamenta\u00e7\u00e3o da profiss\u00e3o, que ganhou um marco decisivo em 1\u00ba de setembro de 1998, com a entrada em vigor da Lei n\u00ba 9.696\/1998. Para o professor [&hellip;]<\/p>\n","protected":false},"author":3,"featured_media":56271,"comment_status":"open","ping_status":"open","sticky":false,"template":"","format":"standard","meta":{"ngg_post_thumbnail":0,"tdm_status":"","tdm_grid_status":"","footnotes":""},"categories":[419],"tags":[],"class_list":["post-56269","post","type-post","status-publish","format-standard","has-post-thumbnail","category-precisa-conhecer"],"yoast_head":"<!-- This site is optimized with the Yoast SEO plugin v28.4 - https:\/\/yoast.com\/product\/yoast-seo-wordpress\/ -->\n<title>Professor Marcelo Miranda destaca trajet\u00f3ria na luta pela regulamenta\u00e7\u00e3o da profiss\u00e3o - EsporteMS<\/title>\n<meta name=\"robots\" content=\"index, follow, max-snippet:-1, max-image-preview:large, max-video-preview:-1\" \/>\n<link rel=\"canonical\" href=\"https:\/\/esportems.com.br\/site\/professor-marcelo-miranda-destaca-trajetoria-na-luta-pela-regulamentacao-da-profissao\/\" \/>\n<meta property=\"og:locale\" content=\"pt_BR\" \/>\n<meta property=\"og:type\" content=\"article\" \/>\n<meta property=\"og:title\" content=\"Professor Marcelo Miranda destaca trajet\u00f3ria na luta pela regulamenta\u00e7\u00e3o da profiss\u00e3o - EsporteMS\" \/>\n<meta property=\"og:description\" content=\"O 1\u00ba de setembro marca, no Brasil, o Dia do Profissional de Educa\u00e7\u00e3o F\u00edsica. A data foi institu\u00edda pela Lei Federal n\u00ba 11.342\/2006 e faz refer\u00eancia ao processo de regulamenta\u00e7\u00e3o da profiss\u00e3o, que ganhou um marco decisivo em 1\u00ba de setembro de 1998, com a entrada em vigor da Lei n\u00ba 9.696\/1998. Para o professor [&hellip;]\" \/>\n<meta property=\"og:url\" content=\"https:\/\/esportems.com.br\/site\/professor-marcelo-miranda-destaca-trajetoria-na-luta-pela-regulamentacao-da-profissao\/\" \/>\n<meta property=\"og:site_name\" content=\"EsporteMS\" \/>\n<meta property=\"article:publisher\" content=\"https:\/\/www.facebook.com\/profile.php?id=100050621362784\" \/>\n<meta property=\"article:published_time\" content=\"2026-09-01T21:45:08+00:00\" \/>\n<meta property=\"og:image\" content=\"https:\/\/esportems.com.br\/site\/wp-content\/uploads\/2026\/09\/WhatsApp-Image-2026-09-01-at-15.52.16.jpeg\" \/>\n\t<meta property=\"og:image:width\" content=\"1600\" \/>\n\t<meta property=\"og:image:height\" content=\"1200\" \/>\n\t<meta property=\"og:image:type\" content=\"image\/jpeg\" \/>\n<meta name=\"author\" content=\"Cl\u00e1udio Severo\" \/>\n<meta name=\"twitter:card\" content=\"summary_large_image\" \/>\n<meta name=\"twitter:creator\" content=\"@RadioEsporteMS\" \/>\n<meta name=\"twitter:site\" content=\"@RadioEsporteMS\" \/>\n<meta name=\"twitter:label1\" content=\"Escrito por\" \/>\n\t<meta name=\"twitter:data1\" content=\"Cl\u00e1udio Severo\" \/>\n\t<meta name=\"twitter:label2\" content=\"Est. tempo de leitura\" \/>\n\t<meta name=\"twitter:data2\" content=\"7 minutos\" \/>\n<script type=\"application\/ld+json\" class=\"yoast-schema-graph\">{\"@context\":\"https:\\\/\\\/schema.org\",\"@graph\":[{\"@type\":\"Article\",\"@id\":\"https:\\\/\\\/esportems.com.br\\\/site\\\/professor-marcelo-miranda-destaca-trajetoria-na-luta-pela-regulamentacao-da-profissao\\\/#article\",\"isPartOf\":{\"@id\":\"https:\\\/\\\/esportems.com.br\\\/site\\\/professor-marcelo-miranda-destaca-trajetoria-na-luta-pela-regulamentacao-da-profissao\\\/\"},\"author\":{\"name\":\"Cl\u00e1udio Severo\",\"@id\":\"https:\\\/\\\/esportems.com.br\\\/site\\\/#\\\/schema\\\/person\\\/f451b65748a8ce82d3ca25707a512dda\"},\"headline\":\"Professor Marcelo Miranda destaca trajet\u00f3ria na luta pela regulamenta\u00e7\u00e3o da profiss\u00e3o\",\"datePublished\":\"2026-09-01T21:45:08+00:00\",\"mainEntityOfPage\":{\"@id\":\"https:\\\/\\\/esportems.com.br\\\/site\\\/professor-marcelo-miranda-destaca-trajetoria-na-luta-pela-regulamentacao-da-profissao\\\/\"},\"wordCount\":1158,\"commentCount\":0,\"publisher\":{\"@id\":\"https:\\\/\\\/esportems.com.br\\\/site\\\/#organization\"},\"image\":{\"@id\":\"https:\\\/\\\/esportems.com.br\\\/site\\\/professor-marcelo-miranda-destaca-trajetoria-na-luta-pela-regulamentacao-da-profissao\\\/#primaryimage\"},\"thumbnailUrl\":\"https:\\\/\\\/esportems.com.br\\\/site\\\/wp-content\\\/uploads\\\/2026\\\/09\\\/WhatsApp-Image-2026-09-01-at-15.52.16.jpeg\",\"articleSection\":[\"PRECISA CONHECER\"],\"inLanguage\":\"pt-BR\",\"potentialAction\":[{\"@type\":\"CommentAction\",\"name\":\"Comment\",\"target\":[\"https:\\\/\\\/esportems.com.br\\\/site\\\/professor-marcelo-miranda-destaca-trajetoria-na-luta-pela-regulamentacao-da-profissao\\\/#respond\"]}]},{\"@type\":\"WebPage\",\"@id\":\"https:\\\/\\\/esportems.com.br\\\/site\\\/professor-marcelo-miranda-destaca-trajetoria-na-luta-pela-regulamentacao-da-profissao\\\/\",\"url\":\"https:\\\/\\\/esportems.com.br\\\/site\\\/professor-marcelo-miranda-destaca-trajetoria-na-luta-pela-regulamentacao-da-profissao\\\/\",\"name\":\"Professor Marcelo Miranda destaca trajet\u00f3ria na luta pela regulamenta\u00e7\u00e3o da profiss\u00e3o - EsporteMS\",\"isPartOf\":{\"@id\":\"https:\\\/\\\/esportems.com.br\\\/site\\\/#website\"},\"primaryImageOfPage\":{\"@id\":\"https:\\\/\\\/esportems.com.br\\\/site\\\/professor-marcelo-miranda-destaca-trajetoria-na-luta-pela-regulamentacao-da-profissao\\\/#primaryimage\"},\"image\":{\"@id\":\"https:\\\/\\\/esportems.com.br\\\/site\\\/professor-marcelo-miranda-destaca-trajetoria-na-luta-pela-regulamentacao-da-profissao\\\/#primaryimage\"},\"thumbnailUrl\":\"https:\\\/\\\/esportems.com.br\\\/site\\\/wp-content\\\/uploads\\\/2026\\\/09\\\/WhatsApp-Image-2026-09-01-at-15.52.16.jpeg\",\"datePublished\":\"2026-09-01T21:45:08+00:00\",\"breadcrumb\":{\"@id\":\"https:\\\/\\\/esportems.com.br\\\/site\\\/professor-marcelo-miranda-destaca-trajetoria-na-luta-pela-regulamentacao-da-profissao\\\/#breadcrumb\"},\"inLanguage\":\"pt-BR\",\"potentialAction\":[{\"@type\":\"ReadAction\",\"target\":[\"https:\\\/\\\/esportems.com.br\\\/site\\\/professor-marcelo-miranda-destaca-trajetoria-na-luta-pela-regulamentacao-da-profissao\\\/\"]}]},{\"@type\":\"ImageObject\",\"inLanguage\":\"pt-BR\",\"@id\":\"https:\\\/\\\/esportems.com.br\\\/site\\\/professor-marcelo-miranda-destaca-trajetoria-na-luta-pela-regulamentacao-da-profissao\\\/#primaryimage\",\"url\":\"https:\\\/\\\/esportems.com.br\\\/site\\\/wp-content\\\/uploads\\\/2026\\\/09\\\/WhatsApp-Image-2026-09-01-at-15.52.16.jpeg\",\"contentUrl\":\"https:\\\/\\\/esportems.com.br\\\/site\\\/wp-content\\\/uploads\\\/2026\\\/09\\\/WhatsApp-Image-2026-09-01-at-15.52.16.jpeg\",\"width\":1600,\"height\":1200},{\"@type\":\"BreadcrumbList\",\"@id\":\"https:\\\/\\\/esportems.com.br\\\/site\\\/professor-marcelo-miranda-destaca-trajetoria-na-luta-pela-regulamentacao-da-profissao\\\/#breadcrumb\",\"itemListElement\":[{\"@type\":\"ListItem\",\"position\":1,\"name\":\"In\u00edcio\",\"item\":\"https:\\\/\\\/esportems.com.br\\\/site\\\/\"},{\"@type\":\"ListItem\",\"position\":2,\"name\":\"Professor Marcelo Miranda destaca trajet\u00f3ria na luta pela regulamenta\u00e7\u00e3o da profiss\u00e3o\"}]},{\"@type\":\"WebSite\",\"@id\":\"https:\\\/\\\/esportems.com.br\\\/site\\\/#website\",\"url\":\"https:\\\/\\\/esportems.com.br\\\/site\\\/\",\"name\":\"EsporteMS\",\"description\":\"O melhor conte\u00fado de esporte de MS\",\"publisher\":{\"@id\":\"https:\\\/\\\/esportems.com.br\\\/site\\\/#organization\"},\"potentialAction\":[{\"@type\":\"SearchAction\",\"target\":{\"@type\":\"EntryPoint\",\"urlTemplate\":\"https:\\\/\\\/esportems.com.br\\\/site\\\/?s={search_term_string}\"},\"query-input\":{\"@type\":\"PropertyValueSpecification\",\"valueRequired\":true,\"valueName\":\"search_term_string\"}}],\"inLanguage\":\"pt-BR\"},{\"@type\":\"Organization\",\"@id\":\"https:\\\/\\\/esportems.com.br\\\/site\\\/#organization\",\"name\":\"EsporteMS\",\"url\":\"https:\\\/\\\/esportems.com.br\\\/site\\\/\",\"logo\":{\"@type\":\"ImageObject\",\"inLanguage\":\"pt-BR\",\"@id\":\"https:\\\/\\\/esportems.com.br\\\/site\\\/#\\\/schema\\\/logo\\\/image\\\/\",\"url\":\"https:\\\/\\\/esportems.com.br\\\/site\\\/wp-content\\\/uploads\\\/2022\\\/12\\\/logo_esportems_250px.png\",\"contentUrl\":\"https:\\\/\\\/esportems.com.br\\\/site\\\/wp-content\\\/uploads\\\/2022\\\/12\\\/logo_esportems_250px.png\",\"width\":250,\"height\":250,\"caption\":\"EsporteMS\"},\"image\":{\"@id\":\"https:\\\/\\\/esportems.com.br\\\/site\\\/#\\\/schema\\\/logo\\\/image\\\/\"},\"sameAs\":[\"https:\\\/\\\/www.facebook.com\\\/profile.php?id=100050621362784\",\"https:\\\/\\\/x.com\\\/RadioEsporteMS\",\"https:\\\/\\\/www.instagram.com\\\/esportems2\\\/\",\"https:\\\/\\\/wa.me\\\/5567999590868\",\"https:\\\/\\\/www.youtube.com\\\/esportems\\\/\"]},{\"@type\":\"Person\",\"@id\":\"https:\\\/\\\/esportems.com.br\\\/site\\\/#\\\/schema\\\/person\\\/f451b65748a8ce82d3ca25707a512dda\",\"name\":\"Cl\u00e1udio Severo\",\"image\":{\"@type\":\"ImageObject\",\"inLanguage\":\"pt-BR\",\"@id\":\"https:\\\/\\\/secure.gravatar.com\\\/avatar\\\/94bcbd47e500b15b38519f79158a57abc1fa84f37255ad4b4be197699e1ff784?s=96&d=mm&r=g\",\"url\":\"https:\\\/\\\/secure.gravatar.com\\\/avatar\\\/94bcbd47e500b15b38519f79158a57abc1fa84f37255ad4b4be197699e1ff784?s=96&d=mm&r=g\",\"contentUrl\":\"https:\\\/\\\/secure.gravatar.com\\\/avatar\\\/94bcbd47e500b15b38519f79158a57abc1fa84f37255ad4b4be197699e1ff784?s=96&d=mm&r=g\",\"caption\":\"Cl\u00e1udio Severo\"},\"url\":\"https:\\\/\\\/esportems.com.br\\\/site\\\/author\\\/severo\\\/\"}]}<\/script>\n<!-- \/ Yoast SEO plugin. -->","yoast_head_json":{"title":"Professor Marcelo Miranda destaca trajet\u00f3ria na luta pela regulamenta\u00e7\u00e3o da profiss\u00e3o - EsporteMS","robots":{"index":"index","follow":"follow","max-snippet":"max-snippet:-1","max-image-preview":"max-image-preview:large","max-video-preview":"max-video-preview:-1"},"canonical":"https:\/\/esportems.com.br\/site\/professor-marcelo-miranda-destaca-trajetoria-na-luta-pela-regulamentacao-da-profissao\/","og_locale":"pt_BR","og_type":"article","og_title":"Professor Marcelo Miranda destaca trajet\u00f3ria na luta pela regulamenta\u00e7\u00e3o da profiss\u00e3o - EsporteMS","og_description":"O 1\u00ba de setembro marca, no Brasil, o Dia do Profissional de Educa\u00e7\u00e3o F\u00edsica. A data foi institu\u00edda pela Lei Federal n\u00ba 11.342\/2006 e faz refer\u00eancia ao processo de regulamenta\u00e7\u00e3o da profiss\u00e3o, que ganhou um marco decisivo em 1\u00ba de setembro de 1998, com a entrada em vigor da Lei n\u00ba 9.696\/1998. Para o professor [&hellip;]","og_url":"https:\/\/esportems.com.br\/site\/professor-marcelo-miranda-destaca-trajetoria-na-luta-pela-regulamentacao-da-profissao\/","og_site_name":"EsporteMS","article_publisher":"https:\/\/www.facebook.com\/profile.php?id=100050621362784","article_published_time":"2026-09-01T21:45:08+00:00","og_image":[{"width":1600,"height":1200,"url":"https:\/\/esportems.com.br\/site\/wp-content\/uploads\/2026\/09\/WhatsApp-Image-2026-09-01-at-15.52.16.jpeg","type":"image\/jpeg"}],"author":"Cl\u00e1udio Severo","twitter_card":"summary_large_image","twitter_creator":"@RadioEsporteMS","twitter_site":"@RadioEsporteMS","twitter_misc":{"Escrito por":"Cl\u00e1udio Severo","Est. tempo de leitura":"7 minutos"},"schema":{"@context":"https:\/\/schema.org","@graph":[{"@type":"Article","@id":"https:\/\/esportems.com.br\/site\/professor-marcelo-miranda-destaca-trajetoria-na-luta-pela-regulamentacao-da-profissao\/#article","isPartOf":{"@id":"https:\/\/esportems.com.br\/site\/professor-marcelo-miranda-destaca-trajetoria-na-luta-pela-regulamentacao-da-profissao\/"},"author":{"name":"Cl\u00e1udio Severo","@id":"https:\/\/esportems.com.br\/site\/#\/schema\/person\/f451b65748a8ce82d3ca25707a512dda"},"headline":"Professor Marcelo Miranda destaca trajet\u00f3ria na luta pela regulamenta\u00e7\u00e3o da profiss\u00e3o","datePublished":"2026-09-01T21:45:08+00:00","mainEntityOfPage":{"@id":"https:\/\/esportems.com.br\/site\/professor-marcelo-miranda-destaca-trajetoria-na-luta-pela-regulamentacao-da-profissao\/"},"wordCount":1158,"commentCount":0,"publisher":{"@id":"https:\/\/esportems.com.br\/site\/#organization"},"image":{"@id":"https:\/\/esportems.com.br\/site\/professor-marcelo-miranda-destaca-trajetoria-na-luta-pela-regulamentacao-da-profissao\/#primaryimage"},"thumbnailUrl":"https:\/\/esportems.com.br\/site\/wp-content\/uploads\/2026\/09\/WhatsApp-Image-2026-09-01-at-15.52.16.jpeg","articleSection":["PRECISA CONHECER"],"inLanguage":"pt-BR","potentialAction":[{"@type":"CommentAction","name":"Comment","target":["https:\/\/esportems.com.br\/site\/professor-marcelo-miranda-destaca-trajetoria-na-luta-pela-regulamentacao-da-profissao\/#respond"]}]},{"@type":"WebPage","@id":"https:\/\/esportems.com.br\/site\/professor-marcelo-miranda-destaca-trajetoria-na-luta-pela-regulamentacao-da-profissao\/","url":"https:\/\/esportems.com.br\/site\/professor-marcelo-miranda-destaca-trajetoria-na-luta-pela-regulamentacao-da-profissao\/","name":"Professor Marcelo Miranda destaca trajet\u00f3ria na luta pela regulamenta\u00e7\u00e3o da profiss\u00e3o - EsporteMS","isPartOf":{"@id":"https:\/\/esportems.com.br\/site\/#website"},"primaryImageOfPage":{"@id":"https:\/\/esportems.com.br\/site\/professor-marcelo-miranda-destaca-trajetoria-na-luta-pela-regulamentacao-da-profissao\/#primaryimage"},"image":{"@id":"https:\/\/esportems.com.br\/site\/professor-marcelo-miranda-destaca-trajetoria-na-luta-pela-regulamentacao-da-profissao\/#primaryimage"},"thumbnailUrl":"https:\/\/esportems.com.br\/site\/wp-content\/uploads\/2026\/09\/WhatsApp-Image-2026-09-01-at-15.52.16.jpeg","datePublished":"2026-09-01T21:45:08+00:00","breadcrumb":{"@id":"https:\/\/esportems.com.br\/site\/professor-marcelo-miranda-destaca-trajetoria-na-luta-pela-regulamentacao-da-profissao\/#breadcrumb"},"inLanguage":"pt-BR","potentialAction":[{"@type":"ReadAction","target":["https:\/\/esportems.com.br\/site\/professor-marcelo-miranda-destaca-trajetoria-na-luta-pela-regulamentacao-da-profissao\/"]}]},{"@type":"ImageObject","inLanguage":"pt-BR","@id":"https:\/\/esportems.com.br\/site\/professor-marcelo-miranda-destaca-trajetoria-na-luta-pela-regulamentacao-da-profissao\/#primaryimage","url":"https:\/\/esportems.com.br\/site\/wp-content\/uploads\/2026\/09\/WhatsApp-Image-2026-09-01-at-15.52.16.jpeg","contentUrl":"https:\/\/esportems.com.br\/site\/wp-content\/uploads\/2026\/09\/WhatsApp-Image-2026-09-01-at-15.52.16.jpeg","width":1600,"height":1200},{"@type":"BreadcrumbList","@id":"https:\/\/esportems.com.br\/site\/professor-marcelo-miranda-destaca-trajetoria-na-luta-pela-regulamentacao-da-profissao\/#breadcrumb","itemListElement":[{"@type":"ListItem","position":1,"name":"In\u00edcio","item":"https:\/\/esportems.com.br\/site\/"},{"@type":"ListItem","position":2,"name":"Professor Marcelo Miranda destaca trajet\u00f3ria na luta pela regulamenta\u00e7\u00e3o da profiss\u00e3o"}]},{"@type":"WebSite","@id":"https:\/\/esportems.com.br\/site\/#website","url":"https:\/\/esportems.com.br\/site\/","name":"EsporteMS","description":"O melhor conte\u00fado de esporte de MS","publisher":{"@id":"https:\/\/esportems.com.br\/site\/#organization"},"potentialAction":[{"@type":"SearchAction","target":{"@type":"EntryPoint","urlTemplate":"https:\/\/esportems.com.br\/site\/?s={search_term_string}"},"query-input":{"@type":"PropertyValueSpecification","valueRequired":true,"valueName":"search_term_string"}}],"inLanguage":"pt-BR"},{"@type":"Organization","@id":"https:\/\/esportems.com.br\/site\/#organization","name":"EsporteMS","url":"https:\/\/esportems.com.br\/site\/","logo":{"@type":"ImageObject","inLanguage":"pt-BR","@id":"https:\/\/esportems.com.br\/site\/#\/schema\/logo\/image\/","url":"https:\/\/esportems.com.br\/site\/wp-content\/uploads\/2022\/12\/logo_esportems_250px.png","contentUrl":"https:\/\/esportems.com.br\/site\/wp-content\/uploads\/2022\/12\/logo_esportems_250px.png","width":250,"height":250,"caption":"EsporteMS"},"image":{"@id":"https:\/\/esportems.com.br\/site\/#\/schema\/logo\/image\/"},"sameAs":["https:\/\/www.facebook.com\/profile.php?id=100050621362784","https:\/\/x.com\/RadioEsporteMS","https:\/\/www.instagram.com\/esportems2\/","https:\/\/wa.me\/5567999590868","https:\/\/www.youtube.com\/esportems\/"]},{"@type":"Person","@id":"https:\/\/esportems.com.br\/site\/#\/schema\/person\/f451b65748a8ce82d3ca25707a512dda","name":"Cl\u00e1udio Severo","image":{"@type":"ImageObject","inLanguage":"pt-BR","@id":"https:\/\/secure.gravatar.com\/avatar\/94bcbd47e500b15b38519f79158a57abc1fa84f37255ad4b4be197699e1ff784?s=96&d=mm&r=g","url":"https:\/\/secure.gravatar.com\/avatar\/94bcbd47e500b15b38519f79158a57abc1fa84f37255ad4b4be197699e1ff784?s=96&d=mm&r=g","contentUrl":"https:\/\/secure.gravatar.com\/avatar\/94bcbd47e500b15b38519f79158a57abc1fa84f37255ad4b4be197699e1ff784?s=96&d=mm&r=g","caption":"Cl\u00e1udio Severo"},"url":"https:\/\/esportems.com.br\/site\/author\/severo\/"}]}},"amp_enabled":true,"_links":{"self":[{"href":"https:\/\/esportems.com.br\/site\/wp-json\/wp\/v2\/posts\/56269","targetHints":{"allow":["GET"]}}],"collection":[{"href":"https:\/\/esportems.com.br\/site\/wp-json\/wp\/v2\/posts"}],"about":[{"href":"https:\/\/esportems.com.br\/site\/wp-json\/wp\/v2\/types\/post"}],"author":[{"embeddable":true,"href":"https:\/\/esportems.com.br\/site\/wp-json\/wp\/v2\/users\/3"}],"replies":[{"embeddable":true,"href":"https:\/\/esportems.com.br\/site\/wp-json\/wp\/v2\/comments?post=56269"}],"version-history":[{"count":1,"href":"https:\/\/esportems.com.br\/site\/wp-json\/wp\/v2\/posts\/56269\/revisions"}],"predecessor-version":[{"id":56273,"href":"https:\/\/esportems.com.br\/site\/wp-json\/wp\/v2\/posts\/56269\/revisions\/56273"}],"wp:featuredmedia":[{"embeddable":true,"href":"https:\/\/esportems.com.br\/site\/wp-json\/wp\/v2\/media\/56271"}],"wp:attachment":[{"href":"https:\/\/esportems.com.br\/site\/wp-json\/wp\/v2\/media?parent=56269"}],"wp:term":[{"taxonomy":"category","embeddable":true,"href":"https:\/\/esportems.com.br\/site\/wp-json\/wp\/v2\/categories?post=56269"},{"taxonomy":"post_tag","embeddable":true,"href":"https:\/\/esportems.com.br\/site\/wp-json\/wp\/v2\/tags?post=56269"}],"curies":[{"name":"wp","href":"https:\/\/api.w.org\/{rel}","templated":true}]}}