{"id":56279,"date":"2026-09-01T21:02:54","date_gmt":"2026-09-02T01:02:54","guid":{"rendered":"https:\/\/esportems.com.br\/site\/?p=56279"},"modified":"2026-09-01T21:02:54","modified_gmt":"2026-09-02T01:02:54","slug":"com-foco-na-copa-lnf-juventude-ag-prepara-lotacao-maxima-na-semifinal","status":"publish","type":"post","link":"https:\/\/esportems.com.br\/site\/com-foco-na-copa-lnf-juventude-ag-prepara-lotacao-maxima-na-semifinal\/","title":{"rendered":"Com foco na Copa LNF, Juventude AG prepara lota\u00e7\u00e3o m\u00e1xima na semifinal"},"content":{"rendered":"<p>O Juventude AG segue na prepara\u00e7\u00e3o para um dos jogos mais importantes n\u00e3o apenas da temporada, mas da sua hist\u00f3ria. No pr\u00f3ximo dia 22 de setembro, \u00e0s 20h30, pela semifinal da Copa LNF, o time de Dourados recebe, no Gin\u00e1sio Municipal Ulysses Guimar\u00e3es, a ACBF (Associa\u00e7\u00e3o Carlos Barbosa de Futsal), um dos principais clubes do pa\u00eds e atual campe\u00e3o da Copa Libertadores.<\/p>\n<p>A diretoria do JAG abriu, nesta ter\u00e7a-feira (1\u00ba), a venda antecipada de ingressos para a partida com lote limitado. As entradas est\u00e3o dispon\u00edveis a pre\u00e7o promocional \u00fanico de R$ 20 nas lojas Salim Esportes e Sport.Com, parcerias do clube na temporada. Nas lojas tamb\u00e9m est\u00e3o sendo vendidas camisas 2026 do Juventude AG.<\/p>\n<p>Nas bilheterias do Gin\u00e1sio Municipal no dia da partida, o pre\u00e7o \u00e9 de R$ 40, com meia entrada a R$ 20 para idosos, estudantes identificados e professores das redes municipal e estadual. Crian\u00e7as at\u00e9 12 anos acompanhadas por pais ou respons\u00e1veis, doadores de sangue e pessoas com defici\u00eancia (PcD) n\u00e3o pagam.<\/p>\n<p>O confronto para definir um finalista da competi\u00e7\u00e3o, ser\u00e1 decidido em jogo \u00fanico e, quem vencer entre Juventude AG e ACBF, joga pelo t\u00edtulo contra o classificado de Camaqu\u00e3 Futsal-RS e Joinville Futsal-SC, que se enfrentam no dia 19 de setembro. Em caso de empate nos jogos, o classificado sai em disputa de p\u00eanaltis.<\/p>\n<p>Outras Competi\u00e7\u00f5es<\/p>\n<p>Enquanto aguarda o jogo contra ACBF, o Juventude AG mant\u00e9m a rotina de treinos di\u00e1rios em dois per\u00edodos sob comando do t\u00e9cnico S\u00e9rgio Benatti. Os trabalhos acontecem no CSU \u00c1gua Boa de olho na participa\u00e7\u00e3o da Ta\u00e7a Brasil, no Esp\u00edrito Santo, entre os dias 14 e 20 de setembro. Na primeira fase, os douradenses enfrentam Vasco da Gama, Am\u00e9rica-RN, Furac\u00e3o Pedro Afonso-TO e CTAC Futsal-ES.<\/p>\n<p>O clube aguarda ainda a confirma\u00e7\u00e3o de datas para a Copa Centro-Oeste e o Campeonato Sul-Mato-Grossense de Futsal.<\/p>\n","protected":false},"excerpt":{"rendered":"<p>O Juventude AG segue na prepara\u00e7\u00e3o para um dos jogos mais importantes n\u00e3o apenas da temporada, mas da sua hist\u00f3ria. No pr\u00f3ximo dia 22 de setembro, \u00e0s 20h30, pela semifinal da Copa LNF, o time de Dourados recebe, no Gin\u00e1sio Municipal Ulysses Guimar\u00e3es, a ACBF (Associa\u00e7\u00e3o Carlos Barbosa de Futsal), um dos principais clubes do [&hellip;]<\/p>\n","protected":false},"author":3,"featured_media":55176,"comment_status":"open","ping_status":"open","sticky":false,"template":"","format":"standard","meta":{"ngg_post_thumbnail":0,"tdm_status":"","tdm_grid_status":"","footnotes":""},"categories":[220,2],"tags":[],"class_list":["post-56279","post","type-post","status-publish","format-standard","has-post-thumbnail","category-bola-pesada","category-featured"],"yoast_head":"<!-- This site is optimized with the Yoast SEO plugin v28.4 - https:\/\/yoast.com\/product\/yoast-seo-wordpress\/ -->\n<title>Com foco na Copa LNF, Juventude AG prepara lota\u00e7\u00e3o m\u00e1xima na semifinal - EsporteMS<\/title>\n<meta name=\"robots\" content=\"index, follow, max-snippet:-1, max-image-preview:large, max-video-preview:-1\" \/>\n<link rel=\"canonical\" href=\"https:\/\/esportems.com.br\/site\/com-foco-na-copa-lnf-juventude-ag-prepara-lotacao-maxima-na-semifinal\/\" \/>\n<meta property=\"og:locale\" content=\"pt_BR\" \/>\n<meta property=\"og:type\" content=\"article\" \/>\n<meta property=\"og:title\" content=\"Com foco na Copa LNF, Juventude AG prepara lota\u00e7\u00e3o m\u00e1xima na semifinal - EsporteMS\" \/>\n<meta property=\"og:description\" content=\"O Juventude AG segue na prepara\u00e7\u00e3o para um dos jogos mais importantes n\u00e3o apenas da temporada, mas da sua hist\u00f3ria. No pr\u00f3ximo dia 22 de setembro, \u00e0s 20h30, pela semifinal da Copa LNF, o time de Dourados recebe, no Gin\u00e1sio Municipal Ulysses Guimar\u00e3es, a ACBF (Associa\u00e7\u00e3o Carlos Barbosa de Futsal), um dos principais clubes do [&hellip;]\" \/>\n<meta property=\"og:url\" content=\"https:\/\/esportems.com.br\/site\/com-foco-na-copa-lnf-juventude-ag-prepara-lotacao-maxima-na-semifinal\/\" \/>\n<meta property=\"og:site_name\" content=\"EsporteMS\" \/>\n<meta property=\"article:publisher\" content=\"https:\/\/www.facebook.com\/profile.php?id=100050621362784\" \/>\n<meta property=\"article:published_time\" content=\"2026-09-02T01:02:54+00:00\" \/>\n<meta property=\"og:image\" content=\"https:\/\/esportems.com.br\/site\/wp-content\/uploads\/2026\/06\/1-juventude-3.jpeg\" \/>\n\t<meta property=\"og:image:width\" content=\"1280\" \/>\n\t<meta property=\"og:image:height\" content=\"853\" \/>\n\t<meta property=\"og:image:type\" content=\"image\/jpeg\" \/>\n<meta name=\"author\" content=\"Cl\u00e1udio Severo\" \/>\n<meta name=\"twitter:card\" content=\"summary_large_image\" \/>\n<meta name=\"twitter:creator\" content=\"@RadioEsporteMS\" \/>\n<meta name=\"twitter:site\" content=\"@RadioEsporteMS\" \/>\n<meta name=\"twitter:label1\" content=\"Escrito por\" \/>\n\t<meta name=\"twitter:data1\" content=\"Cl\u00e1udio Severo\" \/>\n\t<meta name=\"twitter:label2\" content=\"Est. tempo de leitura\" \/>\n\t<meta name=\"twitter:data2\" content=\"2 minutos\" \/>\n<script type=\"application\/ld+json\" class=\"yoast-schema-graph\">{\"@context\":\"https:\\\/\\\/schema.org\",\"@graph\":[{\"@type\":\"Article\",\"@id\":\"https:\\\/\\\/esportems.com.br\\\/site\\\/com-foco-na-copa-lnf-juventude-ag-prepara-lotacao-maxima-na-semifinal\\\/#article\",\"isPartOf\":{\"@id\":\"https:\\\/\\\/esportems.com.br\\\/site\\\/com-foco-na-copa-lnf-juventude-ag-prepara-lotacao-maxima-na-semifinal\\\/\"},\"author\":{\"name\":\"Cl\u00e1udio Severo\",\"@id\":\"https:\\\/\\\/esportems.com.br\\\/site\\\/#\\\/schema\\\/person\\\/f451b65748a8ce82d3ca25707a512dda\"},\"headline\":\"Com foco na Copa LNF, Juventude AG prepara lota\u00e7\u00e3o m\u00e1xima na semifinal\",\"datePublished\":\"2026-09-02T01:02:54+00:00\",\"mainEntityOfPage\":{\"@id\":\"https:\\\/\\\/esportems.com.br\\\/site\\\/com-foco-na-copa-lnf-juventude-ag-prepara-lotacao-maxima-na-semifinal\\\/\"},\"wordCount\":344,\"commentCount\":0,\"publisher\":{\"@id\":\"https:\\\/\\\/esportems.com.br\\\/site\\\/#organization\"},\"image\":{\"@id\":\"https:\\\/\\\/esportems.com.br\\\/site\\\/com-foco-na-copa-lnf-juventude-ag-prepara-lotacao-maxima-na-semifinal\\\/#primaryimage\"},\"thumbnailUrl\":\"https:\\\/\\\/esportems.com.br\\\/site\\\/wp-content\\\/uploads\\\/2026\\\/06\\\/1-juventude-3.jpeg\",\"articleSection\":[\"BOLA PESADA\",\"Featured\"],\"inLanguage\":\"pt-BR\",\"potentialAction\":[{\"@type\":\"CommentAction\",\"name\":\"Comment\",\"target\":[\"https:\\\/\\\/esportems.com.br\\\/site\\\/com-foco-na-copa-lnf-juventude-ag-prepara-lotacao-maxima-na-semifinal\\\/#respond\"]}]},{\"@type\":\"WebPage\",\"@id\":\"https:\\\/\\\/esportems.com.br\\\/site\\\/com-foco-na-copa-lnf-juventude-ag-prepara-lotacao-maxima-na-semifinal\\\/\",\"url\":\"https:\\\/\\\/esportems.com.br\\\/site\\\/com-foco-na-copa-lnf-juventude-ag-prepara-lotacao-maxima-na-semifinal\\\/\",\"name\":\"Com foco na Copa LNF, Juventude AG prepara lota\u00e7\u00e3o m\u00e1xima na semifinal - EsporteMS\",\"isPartOf\":{\"@id\":\"https:\\\/\\\/esportems.com.br\\\/site\\\/#website\"},\"primaryImageOfPage\":{\"@id\":\"https:\\\/\\\/esportems.com.br\\\/site\\\/com-foco-na-copa-lnf-juventude-ag-prepara-lotacao-maxima-na-semifinal\\\/#primaryimage\"},\"image\":{\"@id\":\"https:\\\/\\\/esportems.com.br\\\/site\\\/com-foco-na-copa-lnf-juventude-ag-prepara-lotacao-maxima-na-semifinal\\\/#primaryimage\"},\"thumbnailUrl\":\"https:\\\/\\\/esportems.com.br\\\/site\\\/wp-content\\\/uploads\\\/2026\\\/06\\\/1-juventude-3.jpeg\",\"datePublished\":\"2026-09-02T01:02:54+00:00\",\"breadcrumb\":{\"@id\":\"https:\\\/\\\/esportems.com.br\\\/site\\\/com-foco-na-copa-lnf-juventude-ag-prepara-lotacao-maxima-na-semifinal\\\/#breadcrumb\"},\"inLanguage\":\"pt-BR\",\"potentialAction\":[{\"@type\":\"ReadAction\",\"target\":[\"https:\\\/\\\/esportems.com.br\\\/site\\\/com-foco-na-copa-lnf-juventude-ag-prepara-lotacao-maxima-na-semifinal\\\/\"]}]},{\"@type\":\"ImageObject\",\"inLanguage\":\"pt-BR\",\"@id\":\"https:\\\/\\\/esportems.com.br\\\/site\\\/com-foco-na-copa-lnf-juventude-ag-prepara-lotacao-maxima-na-semifinal\\\/#primaryimage\",\"url\":\"https:\\\/\\\/esportems.com.br\\\/site\\\/wp-content\\\/uploads\\\/2026\\\/06\\\/1-juventude-3.jpeg\",\"contentUrl\":\"https:\\\/\\\/esportems.com.br\\\/site\\\/wp-content\\\/uploads\\\/2026\\\/06\\\/1-juventude-3.jpeg\",\"width\":1280,\"height\":853,\"caption\":\"Muita comemora\u00e7\u00e3o no gin\u00e1sio em Dourados (@berton_shots_jpn |@berton_shots_jpn |\"},{\"@type\":\"BreadcrumbList\",\"@id\":\"https:\\\/\\\/esportems.com.br\\\/site\\\/com-foco-na-copa-lnf-juventude-ag-prepara-lotacao-maxima-na-semifinal\\\/#breadcrumb\",\"itemListElement\":[{\"@type\":\"ListItem\",\"position\":1,\"name\":\"In\u00edcio\",\"item\":\"https:\\\/\\\/esportems.com.br\\\/site\\\/\"},{\"@type\":\"ListItem\",\"position\":2,\"name\":\"Com foco na Copa LNF, Juventude AG prepara lota\u00e7\u00e3o m\u00e1xima na semifinal\"}]},{\"@type\":\"WebSite\",\"@id\":\"https:\\\/\\\/esportems.com.br\\\/site\\\/#website\",\"url\":\"https:\\\/\\\/esportems.com.br\\\/site\\\/\",\"name\":\"EsporteMS\",\"description\":\"O melhor conte\u00fado de esporte de MS\",\"publisher\":{\"@id\":\"https:\\\/\\\/esportems.com.br\\\/site\\\/#organization\"},\"potentialAction\":[{\"@type\":\"SearchAction\",\"target\":{\"@type\":\"EntryPoint\",\"urlTemplate\":\"https:\\\/\\\/esportems.com.br\\\/site\\\/?s={search_term_string}\"},\"query-input\":{\"@type\":\"PropertyValueSpecification\",\"valueRequired\":true,\"valueName\":\"search_term_string\"}}],\"inLanguage\":\"pt-BR\"},{\"@type\":\"Organization\",\"@id\":\"https:\\\/\\\/esportems.com.br\\\/site\\\/#organization\",\"name\":\"EsporteMS\",\"url\":\"https:\\\/\\\/esportems.com.br\\\/site\\\/\",\"logo\":{\"@type\":\"ImageObject\",\"inLanguage\":\"pt-BR\",\"@id\":\"https:\\\/\\\/esportems.com.br\\\/site\\\/#\\\/schema\\\/logo\\\/image\\\/\",\"url\":\"https:\\\/\\\/esportems.com.br\\\/site\\\/wp-content\\\/uploads\\\/2022\\\/12\\\/logo_esportems_250px.png\",\"contentUrl\":\"https:\\\/\\\/esportems.com.br\\\/site\\\/wp-content\\\/uploads\\\/2022\\\/12\\\/logo_esportems_250px.png\",\"width\":250,\"height\":250,\"caption\":\"EsporteMS\"},\"image\":{\"@id\":\"https:\\\/\\\/esportems.com.br\\\/site\\\/#\\\/schema\\\/logo\\\/image\\\/\"},\"sameAs\":[\"https:\\\/\\\/www.facebook.com\\\/profile.php?id=100050621362784\",\"https:\\\/\\\/x.com\\\/RadioEsporteMS\",\"https:\\\/\\\/www.instagram.com\\\/esportems2\\\/\",\"https:\\\/\\\/wa.me\\\/5567999590868\",\"https:\\\/\\\/www.youtube.com\\\/esportems\\\/\"]},{\"@type\":\"Person\",\"@id\":\"https:\\\/\\\/esportems.com.br\\\/site\\\/#\\\/schema\\\/person\\\/f451b65748a8ce82d3ca25707a512dda\",\"name\":\"Cl\u00e1udio Severo\",\"image\":{\"@type\":\"ImageObject\",\"inLanguage\":\"pt-BR\",\"@id\":\"https:\\\/\\\/secure.gravatar.com\\\/avatar\\\/94bcbd47e500b15b38519f79158a57abc1fa84f37255ad4b4be197699e1ff784?s=96&d=mm&r=g\",\"url\":\"https:\\\/\\\/secure.gravatar.com\\\/avatar\\\/94bcbd47e500b15b38519f79158a57abc1fa84f37255ad4b4be197699e1ff784?s=96&d=mm&r=g\",\"contentUrl\":\"https:\\\/\\\/secure.gravatar.com\\\/avatar\\\/94bcbd47e500b15b38519f79158a57abc1fa84f37255ad4b4be197699e1ff784?s=96&d=mm&r=g\",\"caption\":\"Cl\u00e1udio Severo\"},\"url\":\"https:\\\/\\\/esportems.com.br\\\/site\\\/author\\\/severo\\\/\"}]}<\/script>\n<!-- \/ Yoast SEO plugin. -->","yoast_head_json":{"title":"Com foco na Copa LNF, Juventude AG prepara lota\u00e7\u00e3o m\u00e1xima na semifinal - EsporteMS","robots":{"index":"index","follow":"follow","max-snippet":"max-snippet:-1","max-image-preview":"max-image-preview:large","max-video-preview":"max-video-preview:-1"},"canonical":"https:\/\/esportems.com.br\/site\/com-foco-na-copa-lnf-juventude-ag-prepara-lotacao-maxima-na-semifinal\/","og_locale":"pt_BR","og_type":"article","og_title":"Com foco na Copa LNF, Juventude AG prepara lota\u00e7\u00e3o m\u00e1xima na semifinal - EsporteMS","og_description":"O Juventude AG segue na prepara\u00e7\u00e3o para um dos jogos mais importantes n\u00e3o apenas da temporada, mas da sua hist\u00f3ria. No pr\u00f3ximo dia 22 de setembro, \u00e0s 20h30, pela semifinal da Copa LNF, o time de Dourados recebe, no Gin\u00e1sio Municipal Ulysses Guimar\u00e3es, a ACBF (Associa\u00e7\u00e3o Carlos Barbosa de Futsal), um dos principais clubes do [&hellip;]","og_url":"https:\/\/esportems.com.br\/site\/com-foco-na-copa-lnf-juventude-ag-prepara-lotacao-maxima-na-semifinal\/","og_site_name":"EsporteMS","article_publisher":"https:\/\/www.facebook.com\/profile.php?id=100050621362784","article_published_time":"2026-09-02T01:02:54+00:00","og_image":[{"width":1280,"height":853,"url":"https:\/\/esportems.com.br\/site\/wp-content\/uploads\/2026\/06\/1-juventude-3.jpeg","type":"image\/jpeg"}],"author":"Cl\u00e1udio Severo","twitter_card":"summary_large_image","twitter_creator":"@RadioEsporteMS","twitter_site":"@RadioEsporteMS","twitter_misc":{"Escrito por":"Cl\u00e1udio Severo","Est. tempo de leitura":"2 minutos"},"schema":{"@context":"https:\/\/schema.org","@graph":[{"@type":"Article","@id":"https:\/\/esportems.com.br\/site\/com-foco-na-copa-lnf-juventude-ag-prepara-lotacao-maxima-na-semifinal\/#article","isPartOf":{"@id":"https:\/\/esportems.com.br\/site\/com-foco-na-copa-lnf-juventude-ag-prepara-lotacao-maxima-na-semifinal\/"},"author":{"name":"Cl\u00e1udio Severo","@id":"https:\/\/esportems.com.br\/site\/#\/schema\/person\/f451b65748a8ce82d3ca25707a512dda"},"headline":"Com foco na Copa LNF, Juventude AG prepara lota\u00e7\u00e3o m\u00e1xima na semifinal","datePublished":"2026-09-02T01:02:54+00:00","mainEntityOfPage":{"@id":"https:\/\/esportems.com.br\/site\/com-foco-na-copa-lnf-juventude-ag-prepara-lotacao-maxima-na-semifinal\/"},"wordCount":344,"commentCount":0,"publisher":{"@id":"https:\/\/esportems.com.br\/site\/#organization"},"image":{"@id":"https:\/\/esportems.com.br\/site\/com-foco-na-copa-lnf-juventude-ag-prepara-lotacao-maxima-na-semifinal\/#primaryimage"},"thumbnailUrl":"https:\/\/esportems.com.br\/site\/wp-content\/uploads\/2026\/06\/1-juventude-3.jpeg","articleSection":["BOLA PESADA","Featured"],"inLanguage":"pt-BR","potentialAction":[{"@type":"CommentAction","name":"Comment","target":["https:\/\/esportems.com.br\/site\/com-foco-na-copa-lnf-juventude-ag-prepara-lotacao-maxima-na-semifinal\/#respond"]}]},{"@type":"WebPage","@id":"https:\/\/esportems.com.br\/site\/com-foco-na-copa-lnf-juventude-ag-prepara-lotacao-maxima-na-semifinal\/","url":"https:\/\/esportems.com.br\/site\/com-foco-na-copa-lnf-juventude-ag-prepara-lotacao-maxima-na-semifinal\/","name":"Com foco na Copa LNF, Juventude AG prepara lota\u00e7\u00e3o m\u00e1xima na semifinal - EsporteMS","isPartOf":{"@id":"https:\/\/esportems.com.br\/site\/#website"},"primaryImageOfPage":{"@id":"https:\/\/esportems.com.br\/site\/com-foco-na-copa-lnf-juventude-ag-prepara-lotacao-maxima-na-semifinal\/#primaryimage"},"image":{"@id":"https:\/\/esportems.com.br\/site\/com-foco-na-copa-lnf-juventude-ag-prepara-lotacao-maxima-na-semifinal\/#primaryimage"},"thumbnailUrl":"https:\/\/esportems.com.br\/site\/wp-content\/uploads\/2026\/06\/1-juventude-3.jpeg","datePublished":"2026-09-02T01:02:54+00:00","breadcrumb":{"@id":"https:\/\/esportems.com.br\/site\/com-foco-na-copa-lnf-juventude-ag-prepara-lotacao-maxima-na-semifinal\/#breadcrumb"},"inLanguage":"pt-BR","potentialAction":[{"@type":"ReadAction","target":["https:\/\/esportems.com.br\/site\/com-foco-na-copa-lnf-juventude-ag-prepara-lotacao-maxima-na-semifinal\/"]}]},{"@type":"ImageObject","inLanguage":"pt-BR","@id":"https:\/\/esportems.com.br\/site\/com-foco-na-copa-lnf-juventude-ag-prepara-lotacao-maxima-na-semifinal\/#primaryimage","url":"https:\/\/esportems.com.br\/site\/wp-content\/uploads\/2026\/06\/1-juventude-3.jpeg","contentUrl":"https:\/\/esportems.com.br\/site\/wp-content\/uploads\/2026\/06\/1-juventude-3.jpeg","width":1280,"height":853,"caption":"Muita comemora\u00e7\u00e3o no gin\u00e1sio em Dourados (@berton_shots_jpn |@berton_shots_jpn |"},{"@type":"BreadcrumbList","@id":"https:\/\/esportems.com.br\/site\/com-foco-na-copa-lnf-juventude-ag-prepara-lotacao-maxima-na-semifinal\/#breadcrumb","itemListElement":[{"@type":"ListItem","position":1,"name":"In\u00edcio","item":"https:\/\/esportems.com.br\/site\/"},{"@type":"ListItem","position":2,"name":"Com foco na Copa LNF, Juventude AG prepara lota\u00e7\u00e3o m\u00e1xima na semifinal"}]},{"@type":"WebSite","@id":"https:\/\/esportems.com.br\/site\/#website","url":"https:\/\/esportems.com.br\/site\/","name":"EsporteMS","description":"O melhor conte\u00fado de esporte de MS","publisher":{"@id":"https:\/\/esportems.com.br\/site\/#organization"},"potentialAction":[{"@type":"SearchAction","target":{"@type":"EntryPoint","urlTemplate":"https:\/\/esportems.com.br\/site\/?s={search_term_string}"},"query-input":{"@type":"PropertyValueSpecification","valueRequired":true,"valueName":"search_term_string"}}],"inLanguage":"pt-BR"},{"@type":"Organization","@id":"https:\/\/esportems.com.br\/site\/#organization","name":"EsporteMS","url":"https:\/\/esportems.com.br\/site\/","logo":{"@type":"ImageObject","inLanguage":"pt-BR","@id":"https:\/\/esportems.com.br\/site\/#\/schema\/logo\/image\/","url":"https:\/\/esportems.com.br\/site\/wp-content\/uploads\/2022\/12\/logo_esportems_250px.png","contentUrl":"https:\/\/esportems.com.br\/site\/wp-content\/uploads\/2022\/12\/logo_esportems_250px.png","width":250,"height":250,"caption":"EsporteMS"},"image":{"@id":"https:\/\/esportems.com.br\/site\/#\/schema\/logo\/image\/"},"sameAs":["https:\/\/www.facebook.com\/profile.php?id=100050621362784","https:\/\/x.com\/RadioEsporteMS","https:\/\/www.instagram.com\/esportems2\/","https:\/\/wa.me\/5567999590868","https:\/\/www.youtube.com\/esportems\/"]},{"@type":"Person","@id":"https:\/\/esportems.com.br\/site\/#\/schema\/person\/f451b65748a8ce82d3ca25707a512dda","name":"Cl\u00e1udio Severo","image":{"@type":"ImageObject","inLanguage":"pt-BR","@id":"https:\/\/secure.gravatar.com\/avatar\/94bcbd47e500b15b38519f79158a57abc1fa84f37255ad4b4be197699e1ff784?s=96&d=mm&r=g","url":"https:\/\/secure.gravatar.com\/avatar\/94bcbd47e500b15b38519f79158a57abc1fa84f37255ad4b4be197699e1ff784?s=96&d=mm&r=g","contentUrl":"https:\/\/secure.gravatar.com\/avatar\/94bcbd47e500b15b38519f79158a57abc1fa84f37255ad4b4be197699e1ff784?s=96&d=mm&r=g","caption":"Cl\u00e1udio Severo"},"url":"https:\/\/esportems.com.br\/site\/author\/severo\/"}]}},"amp_enabled":true,"_links":{"self":[{"href":"https:\/\/esportems.com.br\/site\/wp-json\/wp\/v2\/posts\/56279","targetHints":{"allow":["GET"]}}],"collection":[{"href":"https:\/\/esportems.com.br\/site\/wp-json\/wp\/v2\/posts"}],"about":[{"href":"https:\/\/esportems.com.br\/site\/wp-json\/wp\/v2\/types\/post"}],"author":[{"embeddable":true,"href":"https:\/\/esportems.com.br\/site\/wp-json\/wp\/v2\/users\/3"}],"replies":[{"embeddable":true,"href":"https:\/\/esportems.com.br\/site\/wp-json\/wp\/v2\/comments?post=56279"}],"version-history":[{"count":1,"href":"https:\/\/esportems.com.br\/site\/wp-json\/wp\/v2\/posts\/56279\/revisions"}],"predecessor-version":[{"id":56280,"href":"https:\/\/esportems.com.br\/site\/wp-json\/wp\/v2\/posts\/56279\/revisions\/56280"}],"wp:featuredmedia":[{"embeddable":true,"href":"https:\/\/esportems.com.br\/site\/wp-json\/wp\/v2\/media\/55176"}],"wp:attachment":[{"href":"https:\/\/esportems.com.br\/site\/wp-json\/wp\/v2\/media?parent=56279"}],"wp:term":[{"taxonomy":"category","embeddable":true,"href":"https:\/\/esportems.com.br\/site\/wp-json\/wp\/v2\/categories?post=56279"},{"taxonomy":"post_tag","embeddable":true,"href":"https:\/\/esportems.com.br\/site\/wp-json\/wp\/v2\/tags?post=56279"}],"curies":[{"name":"wp","href":"https:\/\/api.w.org\/{rel}","templated":true}]}}