{"id":56283,"date":"2026-09-02T12:27:56","date_gmt":"2026-09-02T16:27:56","guid":{"rendered":"https:\/\/esportems.com.br\/site\/?p=56283"},"modified":"2026-09-02T12:27:56","modified_gmt":"2026-09-02T16:27:56","slug":"visita-do-presidente-da-cbf-aguardada-com-expectativa-na-capital","status":"publish","type":"post","link":"https:\/\/esportems.com.br\/site\/visita-do-presidente-da-cbf-aguardada-com-expectativa-na-capital\/","title":{"rendered":"Visita do presidente da CBF aguardada com expectativa na Capital"},"content":{"rendered":"<p class=\"isSelectedEnd\">O presidente da Confedera\u00e7\u00e3o Brasileira de Futebol (CBF), Samir Xaud, estar\u00e1 em Campo Grande na tarde desta quarta-feira para cumprir uma agenda de atividades ao lado da Federa\u00e7\u00e3o de Futebol de Mato Grosso do Sul (FFMS). A visita ter\u00e1 como principal compromisso a inaugura\u00e7\u00e3o do Centro de Desenvolvimento Esportivo, projeto que integra o conjunto de legados deixados pela Copa do Mundo de 2014 para a Capital sul-mato-grossense.<\/p>\n<p class=\"isSelectedEnd\">A estrutura teve sua constru\u00e7\u00e3o iniciada durante a gest\u00e3o do ex-presidente da FFMS, Francisco Cez\u00e1rio de Oliveira, e foi conclu\u00edda com a participa\u00e7\u00e3o da atual administra\u00e7\u00e3o, comandada por Estev\u00e3o Petrallas. A entrega representa a conclus\u00e3o de um projeto que atravessou diferentes gest\u00f5es e que agora passa a integrar a estrutura esportiva dispon\u00edvel para o desenvolvimento do futebol em Mato Grosso do Sul.<\/p>\n<p class=\"isSelectedEnd\">Al\u00e9m da inaugura\u00e7\u00e3o, Samir Xaud ter\u00e1 uma agenda voltada \u00e0 infraestrutura esportiva da Capital. Entre os compromissos est\u00e1 uma visita ao Est\u00e1dio Universit\u00e1rio Pedro Pedrossian, o Moren\u00e3o, que passa por uma importante interven\u00e7\u00e3o com recursos da CBF.<\/p>\n<p class=\"isSelectedEnd\">O investimento \u00e9 de quase R$ 1,1 milh\u00e3o e contempla a substitui\u00e7\u00e3o completa do gramado e melhorias no sistema de drenagem. A proposta \u00e9 recuperar as condi\u00e7\u00f5es do principal est\u00e1dio de Campo Grande para a pr\u00e1tica do futebol, permitindo que o local volte a receber partidas com uma estrutura mais adequada.<\/p>\n<p class=\"isSelectedEnd\">A presen\u00e7a do presidente da CBF tamb\u00e9m ser\u00e1 marcada por uma homenagem na C\u00e2mara Municipal de Campo Grande. Samir Xaud ser\u00e1 reconhecido com a honraria de <strong>Visitante Ilustre<\/strong>, em uma iniciativa aprovada pelo Legislativo municipal a partir das apresenta\u00e7\u00f5es dos vereadores Herculano Borges e Professor Riverton.<\/p>\n<p>A passagem do dirigente por Mato Grosso do Sul ocorre em um momento de investimentos e retomada de projetos ligados \u00e0 infraestrutura esportiva. Al\u00e9m da entrega do Centro de Desenvolvimento, a recupera\u00e7\u00e3o do Moren\u00e3o refor\u00e7a a aproxima\u00e7\u00e3o entre a CBF e o futebol sul-mato-grossense.<\/p>\n","protected":false},"excerpt":{"rendered":"<p>O presidente da Confedera\u00e7\u00e3o Brasileira de Futebol (CBF), Samir Xaud, estar\u00e1 em Campo Grande na tarde desta quarta-feira para cumprir uma agenda de atividades ao lado da Federa\u00e7\u00e3o de Futebol de Mato Grosso do Sul (FFMS). A visita ter\u00e1 como principal compromisso a inaugura\u00e7\u00e3o do Centro de Desenvolvimento Esportivo, projeto que integra o conjunto de [&hellip;]<\/p>\n","protected":false},"author":3,"featured_media":56284,"comment_status":"open","ping_status":"open","sticky":false,"template":"","format":"standard","meta":{"ngg_post_thumbnail":0,"tdm_status":"","tdm_grid_status":"","footnotes":""},"categories":[2,404],"tags":[],"class_list":["post-56283","post","type-post","status-publish","format-standard","has-post-thumbnail","category-featured","category-lideranca"],"yoast_head":"<!-- This site is optimized with the Yoast SEO plugin v28.4 - https:\/\/yoast.com\/product\/yoast-seo-wordpress\/ -->\n<title>Visita do presidente da CBF aguardada com expectativa na Capital - EsporteMS<\/title>\n<meta name=\"robots\" content=\"index, follow, max-snippet:-1, max-image-preview:large, max-video-preview:-1\" \/>\n<link rel=\"canonical\" href=\"https:\/\/esportems.com.br\/site\/visita-do-presidente-da-cbf-aguardada-com-expectativa-na-capital\/\" \/>\n<meta property=\"og:locale\" content=\"pt_BR\" \/>\n<meta property=\"og:type\" content=\"article\" \/>\n<meta property=\"og:title\" content=\"Visita do presidente da CBF aguardada com expectativa na Capital - EsporteMS\" \/>\n<meta property=\"og:description\" content=\"O presidente da Confedera\u00e7\u00e3o Brasileira de Futebol (CBF), Samir Xaud, estar\u00e1 em Campo Grande na tarde desta quarta-feira para cumprir uma agenda de atividades ao lado da Federa\u00e7\u00e3o de Futebol de Mato Grosso do Sul (FFMS). A visita ter\u00e1 como principal compromisso a inaugura\u00e7\u00e3o do Centro de Desenvolvimento Esportivo, projeto que integra o conjunto de [&hellip;]\" \/>\n<meta property=\"og:url\" content=\"https:\/\/esportems.com.br\/site\/visita-do-presidente-da-cbf-aguardada-com-expectativa-na-capital\/\" \/>\n<meta property=\"og:site_name\" content=\"EsporteMS\" \/>\n<meta property=\"article:publisher\" content=\"https:\/\/www.facebook.com\/profile.php?id=100050621362784\" \/>\n<meta property=\"article:published_time\" content=\"2026-09-02T16:27:56+00:00\" \/>\n<meta property=\"og:image\" content=\"https:\/\/esportems.com.br\/site\/wp-content\/uploads\/2026\/09\/1-samir.png\" \/>\n\t<meta property=\"og:image:width\" content=\"902\" \/>\n\t<meta property=\"og:image:height\" content=\"552\" \/>\n\t<meta property=\"og:image:type\" content=\"image\/png\" \/>\n<meta name=\"author\" content=\"Cl\u00e1udio Severo\" \/>\n<meta name=\"twitter:card\" content=\"summary_large_image\" \/>\n<meta name=\"twitter:creator\" content=\"@RadioEsporteMS\" \/>\n<meta name=\"twitter:site\" content=\"@RadioEsporteMS\" \/>\n<meta name=\"twitter:label1\" content=\"Escrito por\" \/>\n\t<meta name=\"twitter:data1\" content=\"Cl\u00e1udio Severo\" \/>\n\t<meta name=\"twitter:label2\" content=\"Est. tempo de leitura\" \/>\n\t<meta name=\"twitter:data2\" content=\"2 minutos\" \/>\n<script type=\"application\/ld+json\" class=\"yoast-schema-graph\">{\"@context\":\"https:\\\/\\\/schema.org\",\"@graph\":[{\"@type\":\"Article\",\"@id\":\"https:\\\/\\\/esportems.com.br\\\/site\\\/visita-do-presidente-da-cbf-aguardada-com-expectativa-na-capital\\\/#article\",\"isPartOf\":{\"@id\":\"https:\\\/\\\/esportems.com.br\\\/site\\\/visita-do-presidente-da-cbf-aguardada-com-expectativa-na-capital\\\/\"},\"author\":{\"name\":\"Cl\u00e1udio Severo\",\"@id\":\"https:\\\/\\\/esportems.com.br\\\/site\\\/#\\\/schema\\\/person\\\/f451b65748a8ce82d3ca25707a512dda\"},\"headline\":\"Visita do presidente da CBF aguardada com expectativa na Capital\",\"datePublished\":\"2026-09-02T16:27:56+00:00\",\"mainEntityOfPage\":{\"@id\":\"https:\\\/\\\/esportems.com.br\\\/site\\\/visita-do-presidente-da-cbf-aguardada-com-expectativa-na-capital\\\/\"},\"wordCount\":344,\"commentCount\":0,\"publisher\":{\"@id\":\"https:\\\/\\\/esportems.com.br\\\/site\\\/#organization\"},\"image\":{\"@id\":\"https:\\\/\\\/esportems.com.br\\\/site\\\/visita-do-presidente-da-cbf-aguardada-com-expectativa-na-capital\\\/#primaryimage\"},\"thumbnailUrl\":\"https:\\\/\\\/esportems.com.br\\\/site\\\/wp-content\\\/uploads\\\/2026\\\/09\\\/1-samir.png\",\"articleSection\":[\"Featured\",\"LIDERAN\u00c7A\"],\"inLanguage\":\"pt-BR\",\"potentialAction\":[{\"@type\":\"CommentAction\",\"name\":\"Comment\",\"target\":[\"https:\\\/\\\/esportems.com.br\\\/site\\\/visita-do-presidente-da-cbf-aguardada-com-expectativa-na-capital\\\/#respond\"]}]},{\"@type\":\"WebPage\",\"@id\":\"https:\\\/\\\/esportems.com.br\\\/site\\\/visita-do-presidente-da-cbf-aguardada-com-expectativa-na-capital\\\/\",\"url\":\"https:\\\/\\\/esportems.com.br\\\/site\\\/visita-do-presidente-da-cbf-aguardada-com-expectativa-na-capital\\\/\",\"name\":\"Visita do presidente da CBF aguardada com expectativa na Capital - EsporteMS\",\"isPartOf\":{\"@id\":\"https:\\\/\\\/esportems.com.br\\\/site\\\/#website\"},\"primaryImageOfPage\":{\"@id\":\"https:\\\/\\\/esportems.com.br\\\/site\\\/visita-do-presidente-da-cbf-aguardada-com-expectativa-na-capital\\\/#primaryimage\"},\"image\":{\"@id\":\"https:\\\/\\\/esportems.com.br\\\/site\\\/visita-do-presidente-da-cbf-aguardada-com-expectativa-na-capital\\\/#primaryimage\"},\"thumbnailUrl\":\"https:\\\/\\\/esportems.com.br\\\/site\\\/wp-content\\\/uploads\\\/2026\\\/09\\\/1-samir.png\",\"datePublished\":\"2026-09-02T16:27:56+00:00\",\"breadcrumb\":{\"@id\":\"https:\\\/\\\/esportems.com.br\\\/site\\\/visita-do-presidente-da-cbf-aguardada-com-expectativa-na-capital\\\/#breadcrumb\"},\"inLanguage\":\"pt-BR\",\"potentialAction\":[{\"@type\":\"ReadAction\",\"target\":[\"https:\\\/\\\/esportems.com.br\\\/site\\\/visita-do-presidente-da-cbf-aguardada-com-expectativa-na-capital\\\/\"]}]},{\"@type\":\"ImageObject\",\"inLanguage\":\"pt-BR\",\"@id\":\"https:\\\/\\\/esportems.com.br\\\/site\\\/visita-do-presidente-da-cbf-aguardada-com-expectativa-na-capital\\\/#primaryimage\",\"url\":\"https:\\\/\\\/esportems.com.br\\\/site\\\/wp-content\\\/uploads\\\/2026\\\/09\\\/1-samir.png\",\"contentUrl\":\"https:\\\/\\\/esportems.com.br\\\/site\\\/wp-content\\\/uploads\\\/2026\\\/09\\\/1-samir.png\",\"width\":902,\"height\":552,\"caption\":\"Presidente visita MS a partir das 17h em Campo Grande (foto-assessoria)\"},{\"@type\":\"BreadcrumbList\",\"@id\":\"https:\\\/\\\/esportems.com.br\\\/site\\\/visita-do-presidente-da-cbf-aguardada-com-expectativa-na-capital\\\/#breadcrumb\",\"itemListElement\":[{\"@type\":\"ListItem\",\"position\":1,\"name\":\"In\u00edcio\",\"item\":\"https:\\\/\\\/esportems.com.br\\\/site\\\/\"},{\"@type\":\"ListItem\",\"position\":2,\"name\":\"Visita do presidente da CBF aguardada com expectativa na Capital\"}]},{\"@type\":\"WebSite\",\"@id\":\"https:\\\/\\\/esportems.com.br\\\/site\\\/#website\",\"url\":\"https:\\\/\\\/esportems.com.br\\\/site\\\/\",\"name\":\"EsporteMS\",\"description\":\"O melhor conte\u00fado de esporte de MS\",\"publisher\":{\"@id\":\"https:\\\/\\\/esportems.com.br\\\/site\\\/#organization\"},\"potentialAction\":[{\"@type\":\"SearchAction\",\"target\":{\"@type\":\"EntryPoint\",\"urlTemplate\":\"https:\\\/\\\/esportems.com.br\\\/site\\\/?s={search_term_string}\"},\"query-input\":{\"@type\":\"PropertyValueSpecification\",\"valueRequired\":true,\"valueName\":\"search_term_string\"}}],\"inLanguage\":\"pt-BR\"},{\"@type\":\"Organization\",\"@id\":\"https:\\\/\\\/esportems.com.br\\\/site\\\/#organization\",\"name\":\"EsporteMS\",\"url\":\"https:\\\/\\\/esportems.com.br\\\/site\\\/\",\"logo\":{\"@type\":\"ImageObject\",\"inLanguage\":\"pt-BR\",\"@id\":\"https:\\\/\\\/esportems.com.br\\\/site\\\/#\\\/schema\\\/logo\\\/image\\\/\",\"url\":\"https:\\\/\\\/esportems.com.br\\\/site\\\/wp-content\\\/uploads\\\/2022\\\/12\\\/logo_esportems_250px.png\",\"contentUrl\":\"https:\\\/\\\/esportems.com.br\\\/site\\\/wp-content\\\/uploads\\\/2022\\\/12\\\/logo_esportems_250px.png\",\"width\":250,\"height\":250,\"caption\":\"EsporteMS\"},\"image\":{\"@id\":\"https:\\\/\\\/esportems.com.br\\\/site\\\/#\\\/schema\\\/logo\\\/image\\\/\"},\"sameAs\":[\"https:\\\/\\\/www.facebook.com\\\/profile.php?id=100050621362784\",\"https:\\\/\\\/x.com\\\/RadioEsporteMS\",\"https:\\\/\\\/www.instagram.com\\\/esportems2\\\/\",\"https:\\\/\\\/wa.me\\\/5567999590868\",\"https:\\\/\\\/www.youtube.com\\\/esportems\\\/\"]},{\"@type\":\"Person\",\"@id\":\"https:\\\/\\\/esportems.com.br\\\/site\\\/#\\\/schema\\\/person\\\/f451b65748a8ce82d3ca25707a512dda\",\"name\":\"Cl\u00e1udio Severo\",\"image\":{\"@type\":\"ImageObject\",\"inLanguage\":\"pt-BR\",\"@id\":\"https:\\\/\\\/secure.gravatar.com\\\/avatar\\\/94bcbd47e500b15b38519f79158a57abc1fa84f37255ad4b4be197699e1ff784?s=96&d=mm&r=g\",\"url\":\"https:\\\/\\\/secure.gravatar.com\\\/avatar\\\/94bcbd47e500b15b38519f79158a57abc1fa84f37255ad4b4be197699e1ff784?s=96&d=mm&r=g\",\"contentUrl\":\"https:\\\/\\\/secure.gravatar.com\\\/avatar\\\/94bcbd47e500b15b38519f79158a57abc1fa84f37255ad4b4be197699e1ff784?s=96&d=mm&r=g\",\"caption\":\"Cl\u00e1udio Severo\"},\"url\":\"https:\\\/\\\/esportems.com.br\\\/site\\\/author\\\/severo\\\/\"}]}<\/script>\n<!-- \/ Yoast SEO plugin. -->","yoast_head_json":{"title":"Visita do presidente da CBF aguardada com expectativa na Capital - EsporteMS","robots":{"index":"index","follow":"follow","max-snippet":"max-snippet:-1","max-image-preview":"max-image-preview:large","max-video-preview":"max-video-preview:-1"},"canonical":"https:\/\/esportems.com.br\/site\/visita-do-presidente-da-cbf-aguardada-com-expectativa-na-capital\/","og_locale":"pt_BR","og_type":"article","og_title":"Visita do presidente da CBF aguardada com expectativa na Capital - EsporteMS","og_description":"O presidente da Confedera\u00e7\u00e3o Brasileira de Futebol (CBF), Samir Xaud, estar\u00e1 em Campo Grande na tarde desta quarta-feira para cumprir uma agenda de atividades ao lado da Federa\u00e7\u00e3o de Futebol de Mato Grosso do Sul (FFMS). A visita ter\u00e1 como principal compromisso a inaugura\u00e7\u00e3o do Centro de Desenvolvimento Esportivo, projeto que integra o conjunto de [&hellip;]","og_url":"https:\/\/esportems.com.br\/site\/visita-do-presidente-da-cbf-aguardada-com-expectativa-na-capital\/","og_site_name":"EsporteMS","article_publisher":"https:\/\/www.facebook.com\/profile.php?id=100050621362784","article_published_time":"2026-09-02T16:27:56+00:00","og_image":[{"width":902,"height":552,"url":"https:\/\/esportems.com.br\/site\/wp-content\/uploads\/2026\/09\/1-samir.png","type":"image\/png"}],"author":"Cl\u00e1udio Severo","twitter_card":"summary_large_image","twitter_creator":"@RadioEsporteMS","twitter_site":"@RadioEsporteMS","twitter_misc":{"Escrito por":"Cl\u00e1udio Severo","Est. tempo de leitura":"2 minutos"},"schema":{"@context":"https:\/\/schema.org","@graph":[{"@type":"Article","@id":"https:\/\/esportems.com.br\/site\/visita-do-presidente-da-cbf-aguardada-com-expectativa-na-capital\/#article","isPartOf":{"@id":"https:\/\/esportems.com.br\/site\/visita-do-presidente-da-cbf-aguardada-com-expectativa-na-capital\/"},"author":{"name":"Cl\u00e1udio Severo","@id":"https:\/\/esportems.com.br\/site\/#\/schema\/person\/f451b65748a8ce82d3ca25707a512dda"},"headline":"Visita do presidente da CBF aguardada com expectativa na Capital","datePublished":"2026-09-02T16:27:56+00:00","mainEntityOfPage":{"@id":"https:\/\/esportems.com.br\/site\/visita-do-presidente-da-cbf-aguardada-com-expectativa-na-capital\/"},"wordCount":344,"commentCount":0,"publisher":{"@id":"https:\/\/esportems.com.br\/site\/#organization"},"image":{"@id":"https:\/\/esportems.com.br\/site\/visita-do-presidente-da-cbf-aguardada-com-expectativa-na-capital\/#primaryimage"},"thumbnailUrl":"https:\/\/esportems.com.br\/site\/wp-content\/uploads\/2026\/09\/1-samir.png","articleSection":["Featured","LIDERAN\u00c7A"],"inLanguage":"pt-BR","potentialAction":[{"@type":"CommentAction","name":"Comment","target":["https:\/\/esportems.com.br\/site\/visita-do-presidente-da-cbf-aguardada-com-expectativa-na-capital\/#respond"]}]},{"@type":"WebPage","@id":"https:\/\/esportems.com.br\/site\/visita-do-presidente-da-cbf-aguardada-com-expectativa-na-capital\/","url":"https:\/\/esportems.com.br\/site\/visita-do-presidente-da-cbf-aguardada-com-expectativa-na-capital\/","name":"Visita do presidente da CBF aguardada com expectativa na Capital - EsporteMS","isPartOf":{"@id":"https:\/\/esportems.com.br\/site\/#website"},"primaryImageOfPage":{"@id":"https:\/\/esportems.com.br\/site\/visita-do-presidente-da-cbf-aguardada-com-expectativa-na-capital\/#primaryimage"},"image":{"@id":"https:\/\/esportems.com.br\/site\/visita-do-presidente-da-cbf-aguardada-com-expectativa-na-capital\/#primaryimage"},"thumbnailUrl":"https:\/\/esportems.com.br\/site\/wp-content\/uploads\/2026\/09\/1-samir.png","datePublished":"2026-09-02T16:27:56+00:00","breadcrumb":{"@id":"https:\/\/esportems.com.br\/site\/visita-do-presidente-da-cbf-aguardada-com-expectativa-na-capital\/#breadcrumb"},"inLanguage":"pt-BR","potentialAction":[{"@type":"ReadAction","target":["https:\/\/esportems.com.br\/site\/visita-do-presidente-da-cbf-aguardada-com-expectativa-na-capital\/"]}]},{"@type":"ImageObject","inLanguage":"pt-BR","@id":"https:\/\/esportems.com.br\/site\/visita-do-presidente-da-cbf-aguardada-com-expectativa-na-capital\/#primaryimage","url":"https:\/\/esportems.com.br\/site\/wp-content\/uploads\/2026\/09\/1-samir.png","contentUrl":"https:\/\/esportems.com.br\/site\/wp-content\/uploads\/2026\/09\/1-samir.png","width":902,"height":552,"caption":"Presidente visita MS a partir das 17h em Campo Grande (foto-assessoria)"},{"@type":"BreadcrumbList","@id":"https:\/\/esportems.com.br\/site\/visita-do-presidente-da-cbf-aguardada-com-expectativa-na-capital\/#breadcrumb","itemListElement":[{"@type":"ListItem","position":1,"name":"In\u00edcio","item":"https:\/\/esportems.com.br\/site\/"},{"@type":"ListItem","position":2,"name":"Visita do presidente da CBF aguardada com expectativa na Capital"}]},{"@type":"WebSite","@id":"https:\/\/esportems.com.br\/site\/#website","url":"https:\/\/esportems.com.br\/site\/","name":"EsporteMS","description":"O melhor conte\u00fado de esporte de MS","publisher":{"@id":"https:\/\/esportems.com.br\/site\/#organization"},"potentialAction":[{"@type":"SearchAction","target":{"@type":"EntryPoint","urlTemplate":"https:\/\/esportems.com.br\/site\/?s={search_term_string}"},"query-input":{"@type":"PropertyValueSpecification","valueRequired":true,"valueName":"search_term_string"}}],"inLanguage":"pt-BR"},{"@type":"Organization","@id":"https:\/\/esportems.com.br\/site\/#organization","name":"EsporteMS","url":"https:\/\/esportems.com.br\/site\/","logo":{"@type":"ImageObject","inLanguage":"pt-BR","@id":"https:\/\/esportems.com.br\/site\/#\/schema\/logo\/image\/","url":"https:\/\/esportems.com.br\/site\/wp-content\/uploads\/2022\/12\/logo_esportems_250px.png","contentUrl":"https:\/\/esportems.com.br\/site\/wp-content\/uploads\/2022\/12\/logo_esportems_250px.png","width":250,"height":250,"caption":"EsporteMS"},"image":{"@id":"https:\/\/esportems.com.br\/site\/#\/schema\/logo\/image\/"},"sameAs":["https:\/\/www.facebook.com\/profile.php?id=100050621362784","https:\/\/x.com\/RadioEsporteMS","https:\/\/www.instagram.com\/esportems2\/","https:\/\/wa.me\/5567999590868","https:\/\/www.youtube.com\/esportems\/"]},{"@type":"Person","@id":"https:\/\/esportems.com.br\/site\/#\/schema\/person\/f451b65748a8ce82d3ca25707a512dda","name":"Cl\u00e1udio Severo","image":{"@type":"ImageObject","inLanguage":"pt-BR","@id":"https:\/\/secure.gravatar.com\/avatar\/94bcbd47e500b15b38519f79158a57abc1fa84f37255ad4b4be197699e1ff784?s=96&d=mm&r=g","url":"https:\/\/secure.gravatar.com\/avatar\/94bcbd47e500b15b38519f79158a57abc1fa84f37255ad4b4be197699e1ff784?s=96&d=mm&r=g","contentUrl":"https:\/\/secure.gravatar.com\/avatar\/94bcbd47e500b15b38519f79158a57abc1fa84f37255ad4b4be197699e1ff784?s=96&d=mm&r=g","caption":"Cl\u00e1udio Severo"},"url":"https:\/\/esportems.com.br\/site\/author\/severo\/"}]}},"amp_enabled":true,"_links":{"self":[{"href":"https:\/\/esportems.com.br\/site\/wp-json\/wp\/v2\/posts\/56283","targetHints":{"allow":["GET"]}}],"collection":[{"href":"https:\/\/esportems.com.br\/site\/wp-json\/wp\/v2\/posts"}],"about":[{"href":"https:\/\/esportems.com.br\/site\/wp-json\/wp\/v2\/types\/post"}],"author":[{"embeddable":true,"href":"https:\/\/esportems.com.br\/site\/wp-json\/wp\/v2\/users\/3"}],"replies":[{"embeddable":true,"href":"https:\/\/esportems.com.br\/site\/wp-json\/wp\/v2\/comments?post=56283"}],"version-history":[{"count":1,"href":"https:\/\/esportems.com.br\/site\/wp-json\/wp\/v2\/posts\/56283\/revisions"}],"predecessor-version":[{"id":56285,"href":"https:\/\/esportems.com.br\/site\/wp-json\/wp\/v2\/posts\/56283\/revisions\/56285"}],"wp:featuredmedia":[{"embeddable":true,"href":"https:\/\/esportems.com.br\/site\/wp-json\/wp\/v2\/media\/56284"}],"wp:attachment":[{"href":"https:\/\/esportems.com.br\/site\/wp-json\/wp\/v2\/media?parent=56283"}],"wp:term":[{"taxonomy":"category","embeddable":true,"href":"https:\/\/esportems.com.br\/site\/wp-json\/wp\/v2\/categories?post=56283"},{"taxonomy":"post_tag","embeddable":true,"href":"https:\/\/esportems.com.br\/site\/wp-json\/wp\/v2\/tags?post=56283"}],"curies":[{"name":"wp","href":"https:\/\/api.w.org\/{rel}","templated":true}]}}