{"id":56316,"date":"2026-09-04T07:21:57","date_gmt":"2026-09-04T11:21:57","guid":{"rendered":"https:\/\/esportems.com.br\/site\/?p=56316"},"modified":"2026-09-04T07:21:57","modified_gmt":"2026-09-04T11:21:57","slug":"tecnico-do-ms-e-convocado-para-selecao-brasileira-de-atletismo-que-vai-em-dakar","status":"publish","type":"post","link":"https:\/\/esportems.com.br\/site\/tecnico-do-ms-e-convocado-para-selecao-brasileira-de-atletismo-que-vai-em-dakar\/","title":{"rendered":"T\u00e9cnico do MS \u00e9 convocado para Sele\u00e7\u00e3o Brasileira de Atletismo que vai em Dakar"},"content":{"rendered":"<p>Federa\u00e7\u00e3o de Atletismo de Mato Grosso do Sul (FAMS) parabeniza o treinador professor Fredy Miranda, da equipe A.P.E.V., de Ponta Por\u00e3, por ser convocado para compor o quadro de t\u00e9cnicos da Sele\u00e7\u00e3o Brasileira nos Jogos Ol\u00edmpicos da Juventude Dakar, e tamb\u00e9m, em Diamniadio e Sali, no Senagal. Previsto para acontecer entre os dias 31 de outubro a 13 novembro de 2026.<\/p>\n<p>A convoca\u00e7\u00e3o saiu nesta ter\u00e7a-feira, 01 de setembro, e coroa o professor na data especial e dedicada ao Profissional de Educa\u00e7\u00e3o F\u00edsica.<\/p>\n<p>&#8220;Foi gratificante ter recebido esta not\u00edcia, hoje. Desde o in\u00edcio da minha trajet\u00f3ria como profissional de educa\u00e7\u00e3o f\u00edsica, sempre soube o que eu queria. Este momento vem para coroar meu trabalho&#8221;, destaca prof. Fredy.<\/p>\n<p>O t\u00e9cnico da equipe Pontaporanense conta que j\u00e1 s\u00e3o mais de 8 anos de trajet\u00f3ria no atletismo Sul-mato-grossense e enaltece as convoca\u00e7\u00f5es em campeonatos.<\/p>\n<p>&#8220;Quando voc\u00ea \u00e9 abdicado no que se prop\u00f5e a fazer, os resultados aparecem e as oportunidades surgem&#8230; Compor o Time Brasil , tanto como t\u00e9cnico , e colocar nossos atletas representando o atletismo Sul-mato-grossense \u00e9 motivo de muito orgulho para Ponta Por\u00e3&#8221;.<br \/>\n<img loading=\"lazy\" decoding=\"async\" class=\"alignleft wp-image-56318 size-medium\" src=\"https:\/\/esportems.com.br\/site\/wp-content\/uploads\/2026\/09\/WhatsApp-Image-2026-09-01-at-22.35.55-2-169x300.jpeg\" alt=\"\" width=\"169\" height=\"300\" srcset=\"https:\/\/esportems.com.br\/site\/wp-content\/uploads\/2026\/09\/WhatsApp-Image-2026-09-01-at-22.35.55-2-169x300.jpeg 169w, https:\/\/esportems.com.br\/site\/wp-content\/uploads\/2026\/09\/WhatsApp-Image-2026-09-01-at-22.35.55-2-576x1024.jpeg 576w, https:\/\/esportems.com.br\/site\/wp-content\/uploads\/2026\/09\/WhatsApp-Image-2026-09-01-at-22.35.55-2-768x1365.jpeg 768w, https:\/\/esportems.com.br\/site\/wp-content\/uploads\/2026\/09\/WhatsApp-Image-2026-09-01-at-22.35.55-2-864x1536.jpeg 864w, https:\/\/esportems.com.br\/site\/wp-content\/uploads\/2026\/09\/WhatsApp-Image-2026-09-01-at-22.35.55-2-696x1237.jpeg 696w, https:\/\/esportems.com.br\/site\/wp-content\/uploads\/2026\/09\/WhatsApp-Image-2026-09-01-at-22.35.55-2-236x420.jpeg 236w, https:\/\/esportems.com.br\/site\/wp-content\/uploads\/2026\/09\/WhatsApp-Image-2026-09-01-at-22.35.55-2.jpeg 900w\" sizes=\"auto, (max-width: 169px) 100vw, 169px\" \/><\/p>\n<p>Professor Fredy tem se destacado no cen\u00e1rio estadual e nacional e recentemente, na convoca\u00e7\u00e3o dos atletas que v\u00e3o compor a ele\u00e7\u00e3o brasileira nos Jogos Ol\u00edmpicos da Juventude, o presidente da Confedera\u00e7\u00e3o Brasileira de Atletismo (CBAt) Wlamir Motta Campos j\u00e1 tinha destacado o desempenho do treinador e da pr\u00f3pria equipe A.P.E.V..<\/p>\n<p>&#8220;N\u00e3o sab\u00edamos o tamanho e futuro profissional dentro do esporte e com o tempo percebemos que t\u00ednhamos que nos dedicar aos estudos e melhoria de performance de nossos atletas que um dia chegar\u00edamos \u00e0 convoca\u00e7\u00e3o para representar o Brasil&#8221;, frisou.<\/p>\n<p>Para o presidente da FAMS, professor Ageu de Oliveira, a convoca\u00e7\u00e3o de Fredy \u00e9 fruto de um projeto desenhado para crescer dentro do cen\u00e1rio esportivo e social.<\/p>\n<p>&#8220;Minha maior felicidade \u00e9 estar presidente da Federa\u00e7\u00e3o e ser de um clube projetado e desenvolvido por mim e que os professores viessem para somar e continuar a crescer com o clube. Fredy, por exemplo , foi convidado quando ainda era estagi\u00e1rio&#8221;, lembrou professor Ageu.<\/p>\n<p>Al\u00e9m do professor Fredy, Mato Grosso do Sul conta com a convoca\u00e7\u00e3o dos atletas Kevin Tobias Aguero, dos 400 metros com Barreiras, e Jos\u00e9 Ant\u00f4nio Escobar de Almeida, do Lan\u00e7amento do Martelo, ambos da equipe Pontaporanense para os Jogos Ol\u00edmpicos da Juventude Sub-18.<\/p>\n","protected":false},"excerpt":{"rendered":"<p>Federa\u00e7\u00e3o de Atletismo de Mato Grosso do Sul (FAMS) parabeniza o treinador professor Fredy Miranda, da equipe A.P.E.V., de Ponta Por\u00e3, por ser convocado para compor o quadro de t\u00e9cnicos da Sele\u00e7\u00e3o Brasileira nos Jogos Ol\u00edmpicos da Juventude Dakar, e tamb\u00e9m, em Diamniadio e Sali, no Senagal. Previsto para acontecer entre os dias 31 de [&hellip;]<\/p>\n","protected":false},"author":3,"featured_media":56317,"comment_status":"open","ping_status":"open","sticky":false,"template":"","format":"standard","meta":{"ngg_post_thumbnail":0,"tdm_status":"","tdm_grid_status":"","footnotes":""},"categories":[293,2],"tags":[],"class_list":["post-56316","post","type-post","status-publish","format-standard","has-post-thumbnail","category-atletismo","category-featured"],"yoast_head":"<!-- This site is optimized with the Yoast SEO plugin v28.4 - https:\/\/yoast.com\/product\/yoast-seo-wordpress\/ -->\n<title>T\u00e9cnico do MS \u00e9 convocado para Sele\u00e7\u00e3o Brasileira de Atletismo que vai em Dakar - EsporteMS<\/title>\n<meta name=\"robots\" content=\"index, follow, max-snippet:-1, max-image-preview:large, max-video-preview:-1\" \/>\n<link rel=\"canonical\" href=\"https:\/\/esportems.com.br\/site\/tecnico-do-ms-e-convocado-para-selecao-brasileira-de-atletismo-que-vai-em-dakar\/\" \/>\n<meta property=\"og:locale\" content=\"pt_BR\" \/>\n<meta property=\"og:type\" content=\"article\" \/>\n<meta property=\"og:title\" content=\"T\u00e9cnico do MS \u00e9 convocado para Sele\u00e7\u00e3o Brasileira de Atletismo que vai em Dakar - EsporteMS\" \/>\n<meta property=\"og:description\" content=\"Federa\u00e7\u00e3o de Atletismo de Mato Grosso do Sul (FAMS) parabeniza o treinador professor Fredy Miranda, da equipe A.P.E.V., de Ponta Por\u00e3, por ser convocado para compor o quadro de t\u00e9cnicos da Sele\u00e7\u00e3o Brasileira nos Jogos Ol\u00edmpicos da Juventude Dakar, e tamb\u00e9m, em Diamniadio e Sali, no Senagal. Previsto para acontecer entre os dias 31 de [&hellip;]\" \/>\n<meta property=\"og:url\" content=\"https:\/\/esportems.com.br\/site\/tecnico-do-ms-e-convocado-para-selecao-brasileira-de-atletismo-que-vai-em-dakar\/\" \/>\n<meta property=\"og:site_name\" content=\"EsporteMS\" \/>\n<meta property=\"article:publisher\" content=\"https:\/\/www.facebook.com\/profile.php?id=100050621362784\" \/>\n<meta property=\"article:published_time\" content=\"2026-09-04T11:21:57+00:00\" \/>\n<meta property=\"og:image\" content=\"https:\/\/esportems.com.br\/site\/wp-content\/uploads\/2026\/09\/1-treinador.png\" \/>\n\t<meta property=\"og:image:width\" content=\"1067\" \/>\n\t<meta property=\"og:image:height\" content=\"827\" \/>\n\t<meta property=\"og:image:type\" content=\"image\/png\" \/>\n<meta name=\"author\" content=\"Cl\u00e1udio Severo\" \/>\n<meta name=\"twitter:card\" content=\"summary_large_image\" \/>\n<meta name=\"twitter:creator\" content=\"@RadioEsporteMS\" \/>\n<meta name=\"twitter:site\" content=\"@RadioEsporteMS\" \/>\n<meta name=\"twitter:label1\" content=\"Escrito por\" \/>\n\t<meta name=\"twitter:data1\" content=\"Cl\u00e1udio Severo\" \/>\n\t<meta name=\"twitter:label2\" content=\"Est. tempo de leitura\" \/>\n\t<meta name=\"twitter:data2\" content=\"3 minutos\" \/>\n<script type=\"application\/ld+json\" class=\"yoast-schema-graph\">{\"@context\":\"https:\\\/\\\/schema.org\",\"@graph\":[{\"@type\":\"Article\",\"@id\":\"https:\\\/\\\/esportems.com.br\\\/site\\\/tecnico-do-ms-e-convocado-para-selecao-brasileira-de-atletismo-que-vai-em-dakar\\\/#article\",\"isPartOf\":{\"@id\":\"https:\\\/\\\/esportems.com.br\\\/site\\\/tecnico-do-ms-e-convocado-para-selecao-brasileira-de-atletismo-que-vai-em-dakar\\\/\"},\"author\":{\"name\":\"Cl\u00e1udio Severo\",\"@id\":\"https:\\\/\\\/esportems.com.br\\\/site\\\/#\\\/schema\\\/person\\\/f451b65748a8ce82d3ca25707a512dda\"},\"headline\":\"T\u00e9cnico do MS \u00e9 convocado para Sele\u00e7\u00e3o Brasileira de Atletismo que vai em Dakar\",\"datePublished\":\"2026-09-04T11:21:57+00:00\",\"mainEntityOfPage\":{\"@id\":\"https:\\\/\\\/esportems.com.br\\\/site\\\/tecnico-do-ms-e-convocado-para-selecao-brasileira-de-atletismo-que-vai-em-dakar\\\/\"},\"wordCount\":436,\"commentCount\":0,\"publisher\":{\"@id\":\"https:\\\/\\\/esportems.com.br\\\/site\\\/#organization\"},\"image\":{\"@id\":\"https:\\\/\\\/esportems.com.br\\\/site\\\/tecnico-do-ms-e-convocado-para-selecao-brasileira-de-atletismo-que-vai-em-dakar\\\/#primaryimage\"},\"thumbnailUrl\":\"https:\\\/\\\/esportems.com.br\\\/site\\\/wp-content\\\/uploads\\\/2026\\\/09\\\/1-treinador.png\",\"articleSection\":[\"ATLETISMO\",\"Featured\"],\"inLanguage\":\"pt-BR\",\"potentialAction\":[{\"@type\":\"CommentAction\",\"name\":\"Comment\",\"target\":[\"https:\\\/\\\/esportems.com.br\\\/site\\\/tecnico-do-ms-e-convocado-para-selecao-brasileira-de-atletismo-que-vai-em-dakar\\\/#respond\"]}]},{\"@type\":\"WebPage\",\"@id\":\"https:\\\/\\\/esportems.com.br\\\/site\\\/tecnico-do-ms-e-convocado-para-selecao-brasileira-de-atletismo-que-vai-em-dakar\\\/\",\"url\":\"https:\\\/\\\/esportems.com.br\\\/site\\\/tecnico-do-ms-e-convocado-para-selecao-brasileira-de-atletismo-que-vai-em-dakar\\\/\",\"name\":\"T\u00e9cnico do MS \u00e9 convocado para Sele\u00e7\u00e3o Brasileira de Atletismo que vai em Dakar - EsporteMS\",\"isPartOf\":{\"@id\":\"https:\\\/\\\/esportems.com.br\\\/site\\\/#website\"},\"primaryImageOfPage\":{\"@id\":\"https:\\\/\\\/esportems.com.br\\\/site\\\/tecnico-do-ms-e-convocado-para-selecao-brasileira-de-atletismo-que-vai-em-dakar\\\/#primaryimage\"},\"image\":{\"@id\":\"https:\\\/\\\/esportems.com.br\\\/site\\\/tecnico-do-ms-e-convocado-para-selecao-brasileira-de-atletismo-que-vai-em-dakar\\\/#primaryimage\"},\"thumbnailUrl\":\"https:\\\/\\\/esportems.com.br\\\/site\\\/wp-content\\\/uploads\\\/2026\\\/09\\\/1-treinador.png\",\"datePublished\":\"2026-09-04T11:21:57+00:00\",\"breadcrumb\":{\"@id\":\"https:\\\/\\\/esportems.com.br\\\/site\\\/tecnico-do-ms-e-convocado-para-selecao-brasileira-de-atletismo-que-vai-em-dakar\\\/#breadcrumb\"},\"inLanguage\":\"pt-BR\",\"potentialAction\":[{\"@type\":\"ReadAction\",\"target\":[\"https:\\\/\\\/esportems.com.br\\\/site\\\/tecnico-do-ms-e-convocado-para-selecao-brasileira-de-atletismo-que-vai-em-dakar\\\/\"]}]},{\"@type\":\"ImageObject\",\"inLanguage\":\"pt-BR\",\"@id\":\"https:\\\/\\\/esportems.com.br\\\/site\\\/tecnico-do-ms-e-convocado-para-selecao-brasileira-de-atletismo-que-vai-em-dakar\\\/#primaryimage\",\"url\":\"https:\\\/\\\/esportems.com.br\\\/site\\\/wp-content\\\/uploads\\\/2026\\\/09\\\/1-treinador.png\",\"contentUrl\":\"https:\\\/\\\/esportems.com.br\\\/site\\\/wp-content\\\/uploads\\\/2026\\\/09\\\/1-treinador.png\",\"width\":1067,\"height\":827,\"caption\":\"Treinador do MS foi convocado pela entidade m\u00e1xima em SP (foto-assessoria )\"},{\"@type\":\"BreadcrumbList\",\"@id\":\"https:\\\/\\\/esportems.com.br\\\/site\\\/tecnico-do-ms-e-convocado-para-selecao-brasileira-de-atletismo-que-vai-em-dakar\\\/#breadcrumb\",\"itemListElement\":[{\"@type\":\"ListItem\",\"position\":1,\"name\":\"In\u00edcio\",\"item\":\"https:\\\/\\\/esportems.com.br\\\/site\\\/\"},{\"@type\":\"ListItem\",\"position\":2,\"name\":\"T\u00e9cnico do MS \u00e9 convocado para Sele\u00e7\u00e3o Brasileira de Atletismo que vai em Dakar\"}]},{\"@type\":\"WebSite\",\"@id\":\"https:\\\/\\\/esportems.com.br\\\/site\\\/#website\",\"url\":\"https:\\\/\\\/esportems.com.br\\\/site\\\/\",\"name\":\"EsporteMS\",\"description\":\"O melhor conte\u00fado de esporte de MS\",\"publisher\":{\"@id\":\"https:\\\/\\\/esportems.com.br\\\/site\\\/#organization\"},\"potentialAction\":[{\"@type\":\"SearchAction\",\"target\":{\"@type\":\"EntryPoint\",\"urlTemplate\":\"https:\\\/\\\/esportems.com.br\\\/site\\\/?s={search_term_string}\"},\"query-input\":{\"@type\":\"PropertyValueSpecification\",\"valueRequired\":true,\"valueName\":\"search_term_string\"}}],\"inLanguage\":\"pt-BR\"},{\"@type\":\"Organization\",\"@id\":\"https:\\\/\\\/esportems.com.br\\\/site\\\/#organization\",\"name\":\"EsporteMS\",\"url\":\"https:\\\/\\\/esportems.com.br\\\/site\\\/\",\"logo\":{\"@type\":\"ImageObject\",\"inLanguage\":\"pt-BR\",\"@id\":\"https:\\\/\\\/esportems.com.br\\\/site\\\/#\\\/schema\\\/logo\\\/image\\\/\",\"url\":\"https:\\\/\\\/esportems.com.br\\\/site\\\/wp-content\\\/uploads\\\/2022\\\/12\\\/logo_esportems_250px.png\",\"contentUrl\":\"https:\\\/\\\/esportems.com.br\\\/site\\\/wp-content\\\/uploads\\\/2022\\\/12\\\/logo_esportems_250px.png\",\"width\":250,\"height\":250,\"caption\":\"EsporteMS\"},\"image\":{\"@id\":\"https:\\\/\\\/esportems.com.br\\\/site\\\/#\\\/schema\\\/logo\\\/image\\\/\"},\"sameAs\":[\"https:\\\/\\\/www.facebook.com\\\/profile.php?id=100050621362784\",\"https:\\\/\\\/x.com\\\/RadioEsporteMS\",\"https:\\\/\\\/www.instagram.com\\\/esportems2\\\/\",\"https:\\\/\\\/wa.me\\\/5567999590868\",\"https:\\\/\\\/www.youtube.com\\\/esportems\\\/\"]},{\"@type\":\"Person\",\"@id\":\"https:\\\/\\\/esportems.com.br\\\/site\\\/#\\\/schema\\\/person\\\/f451b65748a8ce82d3ca25707a512dda\",\"name\":\"Cl\u00e1udio Severo\",\"image\":{\"@type\":\"ImageObject\",\"inLanguage\":\"pt-BR\",\"@id\":\"https:\\\/\\\/secure.gravatar.com\\\/avatar\\\/94bcbd47e500b15b38519f79158a57abc1fa84f37255ad4b4be197699e1ff784?s=96&d=mm&r=g\",\"url\":\"https:\\\/\\\/secure.gravatar.com\\\/avatar\\\/94bcbd47e500b15b38519f79158a57abc1fa84f37255ad4b4be197699e1ff784?s=96&d=mm&r=g\",\"contentUrl\":\"https:\\\/\\\/secure.gravatar.com\\\/avatar\\\/94bcbd47e500b15b38519f79158a57abc1fa84f37255ad4b4be197699e1ff784?s=96&d=mm&r=g\",\"caption\":\"Cl\u00e1udio Severo\"},\"url\":\"https:\\\/\\\/esportems.com.br\\\/site\\\/author\\\/severo\\\/\"}]}<\/script>\n<!-- \/ Yoast SEO plugin. -->","yoast_head_json":{"title":"T\u00e9cnico do MS \u00e9 convocado para Sele\u00e7\u00e3o Brasileira de Atletismo que vai em Dakar - EsporteMS","robots":{"index":"index","follow":"follow","max-snippet":"max-snippet:-1","max-image-preview":"max-image-preview:large","max-video-preview":"max-video-preview:-1"},"canonical":"https:\/\/esportems.com.br\/site\/tecnico-do-ms-e-convocado-para-selecao-brasileira-de-atletismo-que-vai-em-dakar\/","og_locale":"pt_BR","og_type":"article","og_title":"T\u00e9cnico do MS \u00e9 convocado para Sele\u00e7\u00e3o Brasileira de Atletismo que vai em Dakar - EsporteMS","og_description":"Federa\u00e7\u00e3o de Atletismo de Mato Grosso do Sul (FAMS) parabeniza o treinador professor Fredy Miranda, da equipe A.P.E.V., de Ponta Por\u00e3, por ser convocado para compor o quadro de t\u00e9cnicos da Sele\u00e7\u00e3o Brasileira nos Jogos Ol\u00edmpicos da Juventude Dakar, e tamb\u00e9m, em Diamniadio e Sali, no Senagal. Previsto para acontecer entre os dias 31 de [&hellip;]","og_url":"https:\/\/esportems.com.br\/site\/tecnico-do-ms-e-convocado-para-selecao-brasileira-de-atletismo-que-vai-em-dakar\/","og_site_name":"EsporteMS","article_publisher":"https:\/\/www.facebook.com\/profile.php?id=100050621362784","article_published_time":"2026-09-04T11:21:57+00:00","og_image":[{"width":1067,"height":827,"url":"https:\/\/esportems.com.br\/site\/wp-content\/uploads\/2026\/09\/1-treinador.png","type":"image\/png"}],"author":"Cl\u00e1udio Severo","twitter_card":"summary_large_image","twitter_creator":"@RadioEsporteMS","twitter_site":"@RadioEsporteMS","twitter_misc":{"Escrito por":"Cl\u00e1udio Severo","Est. tempo de leitura":"3 minutos"},"schema":{"@context":"https:\/\/schema.org","@graph":[{"@type":"Article","@id":"https:\/\/esportems.com.br\/site\/tecnico-do-ms-e-convocado-para-selecao-brasileira-de-atletismo-que-vai-em-dakar\/#article","isPartOf":{"@id":"https:\/\/esportems.com.br\/site\/tecnico-do-ms-e-convocado-para-selecao-brasileira-de-atletismo-que-vai-em-dakar\/"},"author":{"name":"Cl\u00e1udio Severo","@id":"https:\/\/esportems.com.br\/site\/#\/schema\/person\/f451b65748a8ce82d3ca25707a512dda"},"headline":"T\u00e9cnico do MS \u00e9 convocado para Sele\u00e7\u00e3o Brasileira de Atletismo que vai em Dakar","datePublished":"2026-09-04T11:21:57+00:00","mainEntityOfPage":{"@id":"https:\/\/esportems.com.br\/site\/tecnico-do-ms-e-convocado-para-selecao-brasileira-de-atletismo-que-vai-em-dakar\/"},"wordCount":436,"commentCount":0,"publisher":{"@id":"https:\/\/esportems.com.br\/site\/#organization"},"image":{"@id":"https:\/\/esportems.com.br\/site\/tecnico-do-ms-e-convocado-para-selecao-brasileira-de-atletismo-que-vai-em-dakar\/#primaryimage"},"thumbnailUrl":"https:\/\/esportems.com.br\/site\/wp-content\/uploads\/2026\/09\/1-treinador.png","articleSection":["ATLETISMO","Featured"],"inLanguage":"pt-BR","potentialAction":[{"@type":"CommentAction","name":"Comment","target":["https:\/\/esportems.com.br\/site\/tecnico-do-ms-e-convocado-para-selecao-brasileira-de-atletismo-que-vai-em-dakar\/#respond"]}]},{"@type":"WebPage","@id":"https:\/\/esportems.com.br\/site\/tecnico-do-ms-e-convocado-para-selecao-brasileira-de-atletismo-que-vai-em-dakar\/","url":"https:\/\/esportems.com.br\/site\/tecnico-do-ms-e-convocado-para-selecao-brasileira-de-atletismo-que-vai-em-dakar\/","name":"T\u00e9cnico do MS \u00e9 convocado para Sele\u00e7\u00e3o Brasileira de Atletismo que vai em Dakar - EsporteMS","isPartOf":{"@id":"https:\/\/esportems.com.br\/site\/#website"},"primaryImageOfPage":{"@id":"https:\/\/esportems.com.br\/site\/tecnico-do-ms-e-convocado-para-selecao-brasileira-de-atletismo-que-vai-em-dakar\/#primaryimage"},"image":{"@id":"https:\/\/esportems.com.br\/site\/tecnico-do-ms-e-convocado-para-selecao-brasileira-de-atletismo-que-vai-em-dakar\/#primaryimage"},"thumbnailUrl":"https:\/\/esportems.com.br\/site\/wp-content\/uploads\/2026\/09\/1-treinador.png","datePublished":"2026-09-04T11:21:57+00:00","breadcrumb":{"@id":"https:\/\/esportems.com.br\/site\/tecnico-do-ms-e-convocado-para-selecao-brasileira-de-atletismo-que-vai-em-dakar\/#breadcrumb"},"inLanguage":"pt-BR","potentialAction":[{"@type":"ReadAction","target":["https:\/\/esportems.com.br\/site\/tecnico-do-ms-e-convocado-para-selecao-brasileira-de-atletismo-que-vai-em-dakar\/"]}]},{"@type":"ImageObject","inLanguage":"pt-BR","@id":"https:\/\/esportems.com.br\/site\/tecnico-do-ms-e-convocado-para-selecao-brasileira-de-atletismo-que-vai-em-dakar\/#primaryimage","url":"https:\/\/esportems.com.br\/site\/wp-content\/uploads\/2026\/09\/1-treinador.png","contentUrl":"https:\/\/esportems.com.br\/site\/wp-content\/uploads\/2026\/09\/1-treinador.png","width":1067,"height":827,"caption":"Treinador do MS foi convocado pela entidade m\u00e1xima em SP (foto-assessoria )"},{"@type":"BreadcrumbList","@id":"https:\/\/esportems.com.br\/site\/tecnico-do-ms-e-convocado-para-selecao-brasileira-de-atletismo-que-vai-em-dakar\/#breadcrumb","itemListElement":[{"@type":"ListItem","position":1,"name":"In\u00edcio","item":"https:\/\/esportems.com.br\/site\/"},{"@type":"ListItem","position":2,"name":"T\u00e9cnico do MS \u00e9 convocado para Sele\u00e7\u00e3o Brasileira de Atletismo que vai em Dakar"}]},{"@type":"WebSite","@id":"https:\/\/esportems.com.br\/site\/#website","url":"https:\/\/esportems.com.br\/site\/","name":"EsporteMS","description":"O melhor conte\u00fado de esporte de MS","publisher":{"@id":"https:\/\/esportems.com.br\/site\/#organization"},"potentialAction":[{"@type":"SearchAction","target":{"@type":"EntryPoint","urlTemplate":"https:\/\/esportems.com.br\/site\/?s={search_term_string}"},"query-input":{"@type":"PropertyValueSpecification","valueRequired":true,"valueName":"search_term_string"}}],"inLanguage":"pt-BR"},{"@type":"Organization","@id":"https:\/\/esportems.com.br\/site\/#organization","name":"EsporteMS","url":"https:\/\/esportems.com.br\/site\/","logo":{"@type":"ImageObject","inLanguage":"pt-BR","@id":"https:\/\/esportems.com.br\/site\/#\/schema\/logo\/image\/","url":"https:\/\/esportems.com.br\/site\/wp-content\/uploads\/2022\/12\/logo_esportems_250px.png","contentUrl":"https:\/\/esportems.com.br\/site\/wp-content\/uploads\/2022\/12\/logo_esportems_250px.png","width":250,"height":250,"caption":"EsporteMS"},"image":{"@id":"https:\/\/esportems.com.br\/site\/#\/schema\/logo\/image\/"},"sameAs":["https:\/\/www.facebook.com\/profile.php?id=100050621362784","https:\/\/x.com\/RadioEsporteMS","https:\/\/www.instagram.com\/esportems2\/","https:\/\/wa.me\/5567999590868","https:\/\/www.youtube.com\/esportems\/"]},{"@type":"Person","@id":"https:\/\/esportems.com.br\/site\/#\/schema\/person\/f451b65748a8ce82d3ca25707a512dda","name":"Cl\u00e1udio Severo","image":{"@type":"ImageObject","inLanguage":"pt-BR","@id":"https:\/\/secure.gravatar.com\/avatar\/94bcbd47e500b15b38519f79158a57abc1fa84f37255ad4b4be197699e1ff784?s=96&d=mm&r=g","url":"https:\/\/secure.gravatar.com\/avatar\/94bcbd47e500b15b38519f79158a57abc1fa84f37255ad4b4be197699e1ff784?s=96&d=mm&r=g","contentUrl":"https:\/\/secure.gravatar.com\/avatar\/94bcbd47e500b15b38519f79158a57abc1fa84f37255ad4b4be197699e1ff784?s=96&d=mm&r=g","caption":"Cl\u00e1udio Severo"},"url":"https:\/\/esportems.com.br\/site\/author\/severo\/"}]}},"amp_enabled":true,"_links":{"self":[{"href":"https:\/\/esportems.com.br\/site\/wp-json\/wp\/v2\/posts\/56316","targetHints":{"allow":["GET"]}}],"collection":[{"href":"https:\/\/esportems.com.br\/site\/wp-json\/wp\/v2\/posts"}],"about":[{"href":"https:\/\/esportems.com.br\/site\/wp-json\/wp\/v2\/types\/post"}],"author":[{"embeddable":true,"href":"https:\/\/esportems.com.br\/site\/wp-json\/wp\/v2\/users\/3"}],"replies":[{"embeddable":true,"href":"https:\/\/esportems.com.br\/site\/wp-json\/wp\/v2\/comments?post=56316"}],"version-history":[{"count":1,"href":"https:\/\/esportems.com.br\/site\/wp-json\/wp\/v2\/posts\/56316\/revisions"}],"predecessor-version":[{"id":56319,"href":"https:\/\/esportems.com.br\/site\/wp-json\/wp\/v2\/posts\/56316\/revisions\/56319"}],"wp:featuredmedia":[{"embeddable":true,"href":"https:\/\/esportems.com.br\/site\/wp-json\/wp\/v2\/media\/56317"}],"wp:attachment":[{"href":"https:\/\/esportems.com.br\/site\/wp-json\/wp\/v2\/media?parent=56316"}],"wp:term":[{"taxonomy":"category","embeddable":true,"href":"https:\/\/esportems.com.br\/site\/wp-json\/wp\/v2\/categories?post=56316"},{"taxonomy":"post_tag","embeddable":true,"href":"https:\/\/esportems.com.br\/site\/wp-json\/wp\/v2\/tags?post=56316"}],"curies":[{"name":"wp","href":"https:\/\/api.w.org\/{rel}","templated":true}]}}